{"id":1889,"date":"2026-01-15T22:30:56","date_gmt":"2026-01-16T01:30:56","guid":{"rendered":"https:\/\/fiestanacionaldelchamame.com.ar\/?p=1889"},"modified":"2026-01-15T22:30:57","modified_gmt":"2026-01-16T01:30:57","slug":"todo-listo-para-vivir-el-ritual-de-las-10-noches-de-chamame-en-el-anfiteatro-cocomarola","status":"publish","type":"post","link":"https:\/\/fiestanacionaldelchamame.com.ar\/?p=1889","title":{"rendered":"Todo listo para vivir el ritual de las 10 noches de chamam\u00e9 en el anfiteatro Cocomarola"},"content":{"rendered":"\n<h2 class=\"wp-block-heading\">CHAMAM\u00c9, REFUGIO DE NUESTRA IDENTIDAD<\/h2>\n\n\n\n<p>Organizada por el Gobierno de Corrientes, a trav\u00e9s del Instituto de Cultura, la 35\u00aa Fiesta Nacional del Chamam\u00e9 comienza este viernes 16 de enero, a las 20 hs., sus noches centrales de celebraci\u00f3n en el anfiteatro Mario del Tr\u00e1nsito Cocomarola, con m\u00fasica, danza e identidad como protagonistas.<\/p>\n\n\n\n<p>Bajo el lema \u201cChamam\u00e9, refugio de nuestra identidad\u201d, la Fiesta Grande se disfruta en distintos puntos de Corrientes, y desde este viernes por la noche empezar\u00e1 a vivirse tambi\u00e9n en el Anfiteatro Mario del Tr\u00e1nsito Cocomarola, con la presentaci\u00f3n de los principales exponentes del g\u00e9nero, la sangre joven y los invitados nacionales.<\/p>\n\n\n\n<p>La 35\u00b0 Fiesta Nacional del Chamam\u00e9, 21\u00b0 Fiesta del Mercosur y 5\u00b0 Celebraci\u00f3n Mundial inici\u00f3 el pasado s\u00e1bado con propuestas en vivo itinerando por la ciudad y desde el fin de semana en el interior de la provincia. Y desde este viernes, llega al m\u00edtico escenario Osvaldo Sosa Cordero, donde la comunidad local y visitantes se dar\u00e1n cita para esta comuni\u00f3n entre m\u00fasica, danza y un ritual que cada enero pone a Corrientes en el mapa cultural y tur\u00edstico del pa\u00eds.<\/p>\n\n\n\n<p><strong>Entradas<\/strong><\/p>\n\n\n\n<p>Las entradas est\u00e1n a la venta en&nbsp;<a href=\"http:\/\/weepas.ar\/\" target=\"_blank\" rel=\"noreferrer noopener\">weepas.ar<\/a>&nbsp;a precios accesibles, a $7.000 m\u00e1s cargo por servicio con ingreso hasta las 21.30 hs. y a $9.000 m\u00e1s cargo por servicio con ingreso sin l\u00edmite horario. Tambi\u00e9n pueden conseguirse en boleter\u00eda del Teatro Oficial Juan de Vera, San Juan 637, de 9 a 21 hs. y desde este viernes y hasta el 25 de enero, desde las 19 hs. en boleter\u00edas del anfiteatro Cocomarola.<\/p>\n\n\n\n<p>Jubilados que acrediten carnet de IPS y PAMI, acceden a un 20% de descuento, menores abonan a partir de los 12 a\u00f1os y personas con discapacidad acceden acreditando Carnet \u00danico de Discapacidad y DNI.<\/p>\n\n\n\n<p><strong>Anfiteatro Mario del Tr\u00e1nsito Cocomarola<\/strong><\/p>\n\n\n\n<p>Adem\u00e1s de la gran puesta en escena planificada para esta edici\u00f3n en el Sosa Cordero, quienes asistan al anfiteatro podr\u00e1n disfrutar de propuestas gastron\u00f3micas como las de Cocineros del Iber\u00e1 y otros emprendimientos coordinados por el Ministerio de Desarrollo Social, stands de carteras de turismo de distintas provincias y otros entes gubernamentales locales, adem\u00e1s de emprendimientos del sector privado.<\/p>\n\n\n\n<p><strong>Medios en la fiesta<\/strong><\/p>\n\n\n\n<p>La 35\u00aa Fiesta Nacional del Chamam\u00e9, declarado por la Unesco en 2020 patrimonio cultural inmaterial de la Humanidad, podr\u00e1 disfrutarse desde el canal oficial de YouTube del Gobierno de Corrientes y desde la plataforma Corrientes Play a trav\u00e9s de la web oficial&nbsp;<a href=\"http:\/\/www.corrientesplay.com\/\" target=\"_blank\" rel=\"noreferrer noopener\">www.corrientesplay.com<\/a>&nbsp;Tambi\u00e9n la TV P\u00fablica se suma a la divulgaci\u00f3n de la fiesta grande, as\u00ed como canales de TV de Mato Grosso Do Sul y medios de Corrientes.<\/p>\n\n\n\n<p><strong>Programaci\u00f3n Actividades &#8211; 35\u00b0 FNCH<\/strong><\/p>\n\n\n\n<p><strong>Viernes 16 de enero<\/strong><\/p>\n\n\n\n<p>9.30 hs y 13.15 hs. Bienvenida a turistas en Aeropuerto y Terminal de \u00d3mnibus de la ciudad: Ignacio Porras y alumnos de la Escuela de Acorde\u00f3n de la Estaci\u00f3n Cultural<\/p>\n\n\n\n<p>10 hs. &#8220;Chamam\u00e9 con Todos&#8221; en Hospital de Salud Mental San Francisco de As\u00eds: Tono Ben\u00edtez y Los Criollos de Corrientes<\/p>\n\n\n\n<p>Ruta 12 KM 1026<\/p>\n\n\n\n<p>21 a 06 hs. Bailanta Pista San Jorge<\/p>\n\n\n\n<p>Los principes de Misiones<\/p>\n\n\n\n<p>Samuelito y la fuerza joven<\/p>\n\n\n\n<p>Nuevos cautivadores<\/p>\n\n\n\n<p>Los muchachos del chamame<\/p>\n\n\n\n<p>Los reales del litoral<\/p>\n\n\n\n<p>Los Guepa Ch\u00e9<\/p>\n\n\n\n<p>Los vecinos<\/p>\n\n\n\n<p>Anfiteatro Mario del Tr\u00e1nsito Cocomarola<\/p>\n\n\n\n<p>20 hs en adelante x orden alfab\u00e9tico<\/p>\n\n\n\n<p>Antonio Tarag\u00f3 Ros<\/p>\n\n\n\n<p>Blas Mart\u00ednez Riera Grupo<\/p>\n\n\n\n<p>Chamam\u00e9 Ku\u00f1\u00e1<\/p>\n\n\n\n<p>Daniel Gim\u00e9nez Tr\u00edo<\/p>\n\n\n\n<p>Ganadora Pre Fiesta Rubro Solista: Andrea Nazarena Escobar<\/p>\n\n\n\n<p>Grupo Buena Fe<\/p>\n\n\n\n<p>Grupo San Jos\u00e9<\/p>\n\n\n\n<p>H\u00e9roes de Malvinas<\/p>\n\n\n\n<p>Ignacio Porra<\/p>\n\n\n\n<p>Juliana Zalazar y su grupo Resplandor<\/p>\n\n\n\n<p>Los \u00c1ngeles Rom\u00e1nticos<\/p>\n\n\n\n<p>Los Nocheros<\/p>\n\n\n\n<p>Los Vecinos<\/p>\n\n\n\n<p>Mario Prieto Linares<\/p>\n\n\n\n<p>Mirian Asuad<\/p>\n\n\n\n<p>Pedro R\u00edos<\/p>\n\n\n\n<p>Richard Esc\u00f3fano<\/p>\n","protected":false},"excerpt":{"rendered":"<p>CHAMAM\u00c9, REFUGIO DE NUESTRA IDENTIDAD Organizada por el Gobierno de Corrientes, a trav\u00e9s del Instituto de Cultura, la 35\u00aa Fiesta Nacional del Chamam\u00e9 comienza este viernes 16 de enero, a las 20 hs., sus noches centrales de celebraci\u00f3n en el anfiteatro Mario del Tr\u00e1nsito Cocomarola, con m\u00fasica, danza e identidad como protagonistas. Bajo el lema&#8230;<\/p>\n","protected":false},"author":1,"featured_media":1892,"comment_status":"open","ping_status":"closed","sticky":false,"template":"","format":"standard","meta":{"footnotes":""},"categories":[1],"tags":[],"class_list":["post-1889","post","type-post","status-publish","format-standard","has-post-thumbnail","hentry","category-noticias"],"_links":{"self":[{"href":"https:\/\/fiestanacionaldelchamame.com.ar\/index.php?rest_route=\/wp\/v2\/posts\/1889","targetHints":{"allow":["GET"]}}],"collection":[{"href":"https:\/\/fiestanacionaldelchamame.com.ar\/index.php?rest_route=\/wp\/v2\/posts"}],"about":[{"href":"https:\/\/fiestanacionaldelchamame.com.ar\/index.php?rest_route=\/wp\/v2\/types\/post"}],"author":[{"embeddable":true,"href":"https:\/\/fiestanacionaldelchamame.com.ar\/index.php?rest_route=\/wp\/v2\/users\/1"}],"replies":[{"embeddable":true,"href":"https:\/\/fiestanacionaldelchamame.com.ar\/index.php?rest_route=%2Fwp%2Fv2%2Fcomments&post=1889"}],"version-history":[{"count":1,"href":"https:\/\/fiestanacionaldelchamame.com.ar\/index.php?rest_route=\/wp\/v2\/posts\/1889\/revisions"}],"predecessor-version":[{"id":1893,"href":"https:\/\/fiestanacionaldelchamame.com.ar\/index.php?rest_route=\/wp\/v2\/posts\/1889\/revisions\/1893"}],"wp:featuredmedia":[{"embeddable":true,"href":"https:\/\/fiestanacionaldelchamame.com.ar\/index.php?rest_route=\/wp\/v2\/media\/1892"}],"wp:attachment":[{"href":"https:\/\/fiestanacionaldelchamame.com.ar\/index.php?rest_route=%2Fwp%2Fv2%2Fmedia&parent=1889"}],"wp:term":[{"taxonomy":"category","embeddable":true,"href":"https:\/\/fiestanacionaldelchamame.com.ar\/index.php?rest_route=%2Fwp%2Fv2%2Fcategories&post=1889"},{"taxonomy":"post_tag","embeddable":true,"href":"https:\/\/fiestanacionaldelchamame.com.ar\/index.php?rest_route=%2Fwp%2Fv2%2Ftags&post=1889"}],"curies":[{"name":"wp","href":"https:\/\/api.w.org\/{rel}","templated":true}]}}