{"id":1882,"date":"2026-01-15T10:37:10","date_gmt":"2026-01-15T13:37:10","guid":{"rendered":"https:\/\/fiestanacionaldelchamame.com.ar\/?p=1882"},"modified":"2026-01-15T10:37:12","modified_gmt":"2026-01-15T13:37:12","slug":"con-cambios-en-la-puesta-escenica-se-ultiman-detalles-para-la-35a-fiesta-nacional-del-chamame-en-el-cocomarola","status":"publish","type":"post","link":"https:\/\/fiestanacionaldelchamame.com.ar\/?p=1882","title":{"rendered":"Con cambios en la puesta esc\u00e9nica, se ultiman detalles para la 35\u00aa Fiesta Nacional del Chamam\u00e9 en el Cocomarola"},"content":{"rendered":"\n<p>Organizada por el Gobierno de Corrientes, a trav\u00e9s del Instituto de Cultura, la Fiesta Grande se alista para recibir a la comunidad toda y a miles de visitantes en el anfiteatro Mario del Tr\u00e1nsito Cocomarola entre este viernes 16 y el domingo 25 de enero, con importantes innovaciones en la puesta esc\u00e9nica en el m\u00edtico Osvaldo Sosa Cordero.<\/p>\n\n\n\n<p>La 35\u00aa Fiesta Nacional del Chamam\u00e9, 21\u00aa Fiesta del Mercosur y 5\u00aa Celebraci\u00f3n Mundial se vive a pleno en la capital correntina y en diversos puntos del interior provincial, mientras se ponen a punto los preparativos para lo que ser\u00e1n 10 noches de m\u00fasica en vivo y danza en el anfiteatro Mario del Tr\u00e1nsito Cocomarola.<\/p>\n\n\n\n<p>Maria Laura Cattalini, directora creativa de la edici\u00f3n 2026 de la Fiesta Nacional del Chamam\u00e9, adelant\u00f3 que \u201ces un enorme desaf\u00edo el que estamos encarando junto al core\u00f3grafo y director del Ballet Oficial de la Fiesta Nacional, Luis Marinoni, para el disfrute de todas las personas que van a asistir al anfiteatro Mario del Tr\u00e1nsito Cocomarola a vivir estas 10 noches con la m\u00fasica y la danza como protagonistas\u201d.<\/p>\n\n\n\n<figure class=\"wp-block-image size-large\"><img fetchpriority=\"high\" decoding=\"async\" width=\"1024\" height=\"585\" src=\"https:\/\/fiestanacionaldelchamame.com.ar\/wp-content\/uploads\/2026\/01\/BALLET-OFICIAL-DE-LA-FIESTA-NACIONAL-DEL-CHAMAME-1024x585.jpeg\" alt=\"\" class=\"wp-image-1883\" srcset=\"https:\/\/fiestanacionaldelchamame.com.ar\/wp-content\/uploads\/2026\/01\/BALLET-OFICIAL-DE-LA-FIESTA-NACIONAL-DEL-CHAMAME-1024x585.jpeg 1024w, https:\/\/fiestanacionaldelchamame.com.ar\/wp-content\/uploads\/2026\/01\/BALLET-OFICIAL-DE-LA-FIESTA-NACIONAL-DEL-CHAMAME-300x171.jpeg 300w, https:\/\/fiestanacionaldelchamame.com.ar\/wp-content\/uploads\/2026\/01\/BALLET-OFICIAL-DE-LA-FIESTA-NACIONAL-DEL-CHAMAME-768x439.jpeg 768w, https:\/\/fiestanacionaldelchamame.com.ar\/wp-content\/uploads\/2026\/01\/BALLET-OFICIAL-DE-LA-FIESTA-NACIONAL-DEL-CHAMAME-850x486.jpeg 850w, https:\/\/fiestanacionaldelchamame.com.ar\/wp-content\/uploads\/2026\/01\/BALLET-OFICIAL-DE-LA-FIESTA-NACIONAL-DEL-CHAMAME.jpeg 1344w\" sizes=\"(max-width: 1024px) 100vw, 1024px\" \/><\/figure>\n\n\n\n<p>Con modificaciones en torno a la puesta esc\u00e9nica en el escenario \u201cOsvaldo Sosa Cordero\u201d, Cattalini adelant\u00f3 que \u201cel escenario se ampli\u00f3 hacia el frente para acercar a los artistas y bailarines al p\u00fablico, ya que queremos generar una experiencia inmersiva y que la gente pueda sentir lo que los artistas experimentan cuando suben a este magn\u00edfico escenario\u201d.<\/p>\n\n\n\n<p>\u201cChamam\u00e9, refugio de nuestra identidad\u201d es el lema de esta edici\u00f3n, y fue el disparador para trabajar el concepto art\u00edstico de las 10 noches en el anfiteatro. La gente va a poder apreciar las vertientes estil\u00edsticas del chamam\u00e9 en cada apertura donde intervendr\u00e1 el Ballet Oficial. Adem\u00e1s, incluimos c\u00e1maras en el escenario para que todo el pa\u00eds pueda apreciar el gran trabajo que hacen m\u00fasicos y bailarines en torno a la fiesta grande\u201d, coment\u00f3 Mar\u00eda Laura Cattalini, qui\u00e9n tambi\u00e9n destac\u00f3 el trabajo de producci\u00f3n y t\u00e9cnica que se viene desarrollando.<\/p>\n\n\n\n<p>Por su parte, Luis Marinoni, director del Ballet Oficial de la Fiesta Nacional del Chamam\u00e9, dio cuenta de los ejes de trabajo que vienen desarrollando con los 40 integrantes seleccionados por casting que lo integran. \u201cHace 12 a\u00f1os que vengo compartiendo este espacio \u00fanico de la correntinidad que es la Fiesta Nacional del Chamam\u00e9, y estamos viviendo jornadas vertiginosas con las propuestas que vamos a presentar, que tienen que ver con resaltar a\u00fan m\u00e1s la importancia de la danza en este nuevo concepto de escenario.<\/p>\n\n\n\n<figure class=\"wp-block-image size-large\"><img decoding=\"async\" width=\"1024\" height=\"768\" src=\"https:\/\/fiestanacionaldelchamame.com.ar\/wp-content\/uploads\/2026\/01\/CAMBIOS-EN-LA-PUESTA-ARTISTICA-2-1024x768.jpeg\" alt=\"\" class=\"wp-image-1884\" srcset=\"https:\/\/fiestanacionaldelchamame.com.ar\/wp-content\/uploads\/2026\/01\/CAMBIOS-EN-LA-PUESTA-ARTISTICA-2-1024x768.jpeg 1024w, https:\/\/fiestanacionaldelchamame.com.ar\/wp-content\/uploads\/2026\/01\/CAMBIOS-EN-LA-PUESTA-ARTISTICA-2-300x225.jpeg 300w, https:\/\/fiestanacionaldelchamame.com.ar\/wp-content\/uploads\/2026\/01\/CAMBIOS-EN-LA-PUESTA-ARTISTICA-2-768x576.jpeg 768w, https:\/\/fiestanacionaldelchamame.com.ar\/wp-content\/uploads\/2026\/01\/CAMBIOS-EN-LA-PUESTA-ARTISTICA-2-850x638.jpeg 850w, https:\/\/fiestanacionaldelchamame.com.ar\/wp-content\/uploads\/2026\/01\/CAMBIOS-EN-LA-PUESTA-ARTISTICA-2.jpeg 1280w\" sizes=\"(max-width: 1024px) 100vw, 1024px\" \/><\/figure>\n\n\n\n<p>Tenemos grandes expectativas sobre esta nueva manera de ver la danza en el Sosa Cordero, y adem\u00e1s de transitar estas obras que estamos preparando, que tienen que ver con la construcci\u00f3n que ha hecho el Ballet Oficial en el coraz\u00f3n de la gente en todo este tiempo. Hemos tra\u00eddo obras significativas que dialogan con el paisaje, la hermandad, la enchamigada. El Litoral est\u00e1 muy presente en nuestro repertorio, la gente va a poder ver los Esteros del Iber\u00e1, las cuerdas de la guitarra de Ram\u00f3n Ayala y su legado po\u00e9tico, y un homenaje absoluto a Ra\u00fal Barboza, adem\u00e1s de nuestro \u201cCompuesto campiri\u00f1o\u201d, bien correntino\u201d, finaliz\u00f3 Marinoni.<\/p>\n\n\n\n<p><strong>PROGRAMACI\u00d3N<\/strong><\/p>\n\n\n\n<p><strong>Jueves 15 de enero<\/strong><\/p>\n\n\n\n<p>10 hs. &#8220;Chamam\u00e9 con Todos&#8221; en Hospital Pedi\u00e1trico Juan Pablo II: Pablo Delvalle + Santiago Meza Urquidiz<\/p>\n\n\n\n<p>Plaza Vera a Plaza Cabral<\/p>\n\n\n\n<p>20 hs. Desfile Internacional de Fuelles<\/p>\n\n\n\n<p><strong>Viernes 16 de enero<\/strong><\/p>\n\n\n\n<p>9.30 hs y 13.15 hs. Bienvenida a turistas en Aeropuerto y Terminal de \u00d3mnibus de la ciudad: Ignacio Porras y alumnos de la Escuela de Acorde\u00f3n de la Estaci\u00f3n Cultural<\/p>\n\n\n\n<p>10 hs. &#8220;Chamam\u00e9 con Todos&#8221; en Hospital de Salud Mental San Francisco de As\u00eds: Tono Ben\u00edtez y Los Criollos de Corrientes<\/p>\n\n\n\n<p>Ruta 12 KM 1026<\/p>\n\n\n\n<p>21 a 06 hs. Bailanta Pista San Jorge<\/p>\n\n\n\n<p>Los principes de Misiones<\/p>\n\n\n\n<p>Samuelito y la fuerza joven<\/p>\n\n\n\n<p>Nuevos cautivadores<\/p>\n\n\n\n<p>Los muchachos del chamame<\/p>\n\n\n\n<p>Los reales del litoral<\/p>\n\n\n\n<p>Los Guepa Che<\/p>\n\n\n\n<p>Los vecinos<\/p>\n\n\n\n<p><strong>S\u00e1bado 17 de enero<\/strong><\/p>\n\n\n\n<p>25 de Mayo 1141<\/p>\n\n\n\n<p>17 hs. Muestra de nuevos valores Cert\u00e1menes Pre Fiesta | Museo del Chamame Casa &#8220;\u00d1anderec\u00f3&#8221;<\/p>\n\n\n\n<p>Ruta 12 KM 1026<\/p>\n\n\n\n<p>21 a 06 hs. Bailanta Pista San Jorge<\/p>\n\n\n\n<p>Reales del litoral<\/p>\n\n\n\n<p>Samuelito<\/p>\n\n\n\n<p>Los amigos del chamame<\/p>\n\n\n\n<p>Gianella Niwoyda<\/p>\n\n\n\n<p>Los Nuevos vecinos<\/p>\n\n\n\n<p>La junta chamamecera<\/p>\n\n\n\n<p>Carlitos Zacarias<\/p>\n\n\n\n<p>Bailanta San Cosme<\/p>\n\n\n\n<p><strong>Lunes 19 de enero<\/strong><\/p>\n\n\n\n<p>25 de Mayo 1141<\/p>\n\n\n\n<p>15 a 18.30 hs. Jornada l\u00fadica destinada a infancias: Juegos interactivos con contenido chamamecero por SUSTI | Museo del Chamame Casa &#8220;\u00d1anderec\u00f3&#8221;<\/p>\n\n\n\n<p>San Juan esquina 9 de Julio<\/p>\n\n\n\n<p>18 hs. Inauguraci\u00f3n muestra fotogr\u00e1fica &#8220;Sensaci\u00f3n Chamam\u00e9&#8221; de M\u00f3nica Lena | Museo de Arte Contempor\u00e1neo de Corrientes<\/p>\n","protected":false},"excerpt":{"rendered":"<p>Organizada por el Gobierno de Corrientes, a trav\u00e9s del Instituto de Cultura, la Fiesta Grande se alista para recibir a la comunidad toda y a miles de visitantes en el anfiteatro Mario del Tr\u00e1nsito Cocomarola entre este viernes 16 y el domingo 25 de enero, con importantes innovaciones en la puesta esc\u00e9nica en el m\u00edtico&#8230;<\/p>\n","protected":false},"author":1,"featured_media":1885,"comment_status":"open","ping_status":"closed","sticky":false,"template":"","format":"standard","meta":{"footnotes":""},"categories":[1],"tags":[],"class_list":["post-1882","post","type-post","status-publish","format-standard","has-post-thumbnail","hentry","category-noticias"],"_links":{"self":[{"href":"https:\/\/fiestanacionaldelchamame.com.ar\/index.php?rest_route=\/wp\/v2\/posts\/1882","targetHints":{"allow":["GET"]}}],"collection":[{"href":"https:\/\/fiestanacionaldelchamame.com.ar\/index.php?rest_route=\/wp\/v2\/posts"}],"about":[{"href":"https:\/\/fiestanacionaldelchamame.com.ar\/index.php?rest_route=\/wp\/v2\/types\/post"}],"author":[{"embeddable":true,"href":"https:\/\/fiestanacionaldelchamame.com.ar\/index.php?rest_route=\/wp\/v2\/users\/1"}],"replies":[{"embeddable":true,"href":"https:\/\/fiestanacionaldelchamame.com.ar\/index.php?rest_route=%2Fwp%2Fv2%2Fcomments&post=1882"}],"version-history":[{"count":2,"href":"https:\/\/fiestanacionaldelchamame.com.ar\/index.php?rest_route=\/wp\/v2\/posts\/1882\/revisions"}],"predecessor-version":[{"id":1887,"href":"https:\/\/fiestanacionaldelchamame.com.ar\/index.php?rest_route=\/wp\/v2\/posts\/1882\/revisions\/1887"}],"wp:featuredmedia":[{"embeddable":true,"href":"https:\/\/fiestanacionaldelchamame.com.ar\/index.php?rest_route=\/wp\/v2\/media\/1885"}],"wp:attachment":[{"href":"https:\/\/fiestanacionaldelchamame.com.ar\/index.php?rest_route=%2Fwp%2Fv2%2Fmedia&parent=1882"}],"wp:term":[{"taxonomy":"category","embeddable":true,"href":"https:\/\/fiestanacionaldelchamame.com.ar\/index.php?rest_route=%2Fwp%2Fv2%2Fcategories&post=1882"},{"taxonomy":"post_tag","embeddable":true,"href":"https:\/\/fiestanacionaldelchamame.com.ar\/index.php?rest_route=%2Fwp%2Fv2%2Ftags&post=1882"}],"curies":[{"name":"wp","href":"https:\/\/api.w.org\/{rel}","templated":true}]}}