{"id":1855,"date":"2026-01-08T15:35:38","date_gmt":"2026-01-08T18:35:38","guid":{"rendered":"https:\/\/fiestanacionaldelchamame.com.ar\/?p=1855"},"modified":"2026-01-08T15:45:56","modified_gmt":"2026-01-08T18:45:56","slug":"acreditaciones-para-cubrir-la-35a-fiesta-nacional-del-chamame","status":"publish","type":"post","link":"https:\/\/fiestanacionaldelchamame.com.ar\/?p=1855","title":{"rendered":"Acreditaciones para cubrir la 35\u00aa Fiesta Nacional del Chamam\u00e9"},"content":{"rendered":"\n<p>El Instituto de Cultura de Corrientes abre el periodo de acreditaci\u00f3n para los medios de comunicaci\u00f3n interesados en realizar la cobertura de la 35\u00aa Fiesta Nacional del Chamam\u00e9, 21\u00aa Fiesta del Chamam\u00e9 del MERCOSUR y 5\u00aa Celebraci\u00f3n Mundial, a desarrollarse del 16 al 25 de enero del 2024 en el anfiteatro Mario del Tr\u00e1nsito Cocomarola. Tendr\u00e1n tiempo de remitir la solicitud, sin excepci\u00f3n, hasta el martes 13 de enero.<\/p>\n\n\n\n<p>Con el asunto \u201cAcreditaciones-CHAMAM\u00c9, REFUGIO DE NUESTRA IDENTIDAD\u201d, deber\u00e1n enviar una nota membretada del medio (archivo de Word en adjunto), al correo:<\/p>\n\n\n\n<p><a href=\"mailto:acreditaciones.cultura@gmail.com\" target=\"_blank\" rel=\"noreferrer noopener\">acreditaciones.cultura@gmail.com<\/a><\/p>\n\n\n\n<p>En la nota deben precisar lo siguiente: tipo de cobertura a realizar (notas, m\u00f3viles, transmisi\u00f3n en vivo), datos de las personas a acreditar (nombre, DNI y funci\u00f3n), un n\u00famero de contacto, y la correspondiente firma del due\u00f1o o responsable. En el caso de no cumplir con estos requisitos b\u00e1sicos, los pedidos no ser\u00e1n considerados.<\/p>\n\n\n\n<p>En esta oportunidad, se acreditar\u00e1 a 2 trabajadores de prensa en el caso de medio gr\u00e1fico, 2 por radio -no por programa- (exceptuando transmisi\u00f3n en vivo), 2 por canal de televisi\u00f3n \u2013no por programa- (exceptuando transmisi\u00f3n en vivo), 1 por medio digital (deben adjuntar links de material que hayan dado a difusi\u00f3n sobre la \u00faltima edici\u00f3n de la Fiesta Nacional del Chamam\u00e9, y la edici\u00f3n que viene).<\/p>\n\n\n\n<p>El cupo es limitado, por tal motivo, la recepci\u00f3n de los pedidos no representa garant\u00eda de obtener las acreditaciones. Solicitamos respetar la cantidad establecida: la fecha l\u00edmite para enviar el pedido es, sin excepci\u00f3n, el martes 13 de enero y se responder\u00e1 al n\u00famero de contacto enviado, el d\u00eda y horario para retirar las correspondientes acreditaciones.<\/p>\n\n\n\n<p>Solicitamos a los interesados completar adem\u00e1s el siguiente formulario (requisito obligatorio):<\/p>\n\n\n\n<figure class=\"wp-block-embed\"><div class=\"wp-block-embed__wrapper\">\nhttps:\/\/forms.gle\/RUvssCQGXmTsBrHE6\n<\/div><\/figure>\n\n\n\n<p><strong>&nbsp;Carpa de prensa<\/strong><\/p>\n\n\n\n<p>Como viene ocurriendo en las \u00faltimas ediciones de la Fiesta Nacional del Chamam\u00e9, a metros del escenario se montar\u00e1 una carpa destinada exclusivamente para el trabajo de los periodistas. All\u00ed tendr\u00e1n lugar las conferencias de prensa de los principales artistas de cada noche que compartir\u00e1n con los medios las expectativas antes de subir al escenario o su experiencia con el p\u00fablico, posterior a la presentaci\u00f3n.<\/p>\n\n\n\n<p>Tambi\u00e9n se aprovechar\u00e1 este espacio para informar sobre las actividades que forman parte de la Fiesta, que se desarrollar\u00e1n durante el d\u00eda en distintos escenarios de la provincia, durante las 10 jornadas de celebraci\u00f3n.<\/p>\n","protected":false},"excerpt":{"rendered":"<p>El Instituto de Cultura de Corrientes abre el periodo de acreditaci\u00f3n para los medios de comunicaci\u00f3n interesados en realizar la cobertura de la 35\u00aa Fiesta Nacional del Chamam\u00e9, 21\u00aa Fiesta del Chamam\u00e9 del MERCOSUR y 5\u00aa Celebraci\u00f3n Mundial, a desarrollarse del 16 al 25 de enero del 2024 en el anfiteatro Mario del Tr\u00e1nsito Cocomarola&#8230;.<\/p>\n","protected":false},"author":1,"featured_media":1857,"comment_status":"open","ping_status":"closed","sticky":false,"template":"","format":"standard","meta":{"footnotes":""},"categories":[1],"tags":[],"class_list":["post-1855","post","type-post","status-publish","format-standard","has-post-thumbnail","hentry","category-noticias"],"_links":{"self":[{"href":"https:\/\/fiestanacionaldelchamame.com.ar\/index.php?rest_route=\/wp\/v2\/posts\/1855","targetHints":{"allow":["GET"]}}],"collection":[{"href":"https:\/\/fiestanacionaldelchamame.com.ar\/index.php?rest_route=\/wp\/v2\/posts"}],"about":[{"href":"https:\/\/fiestanacionaldelchamame.com.ar\/index.php?rest_route=\/wp\/v2\/types\/post"}],"author":[{"embeddable":true,"href":"https:\/\/fiestanacionaldelchamame.com.ar\/index.php?rest_route=\/wp\/v2\/users\/1"}],"replies":[{"embeddable":true,"href":"https:\/\/fiestanacionaldelchamame.com.ar\/index.php?rest_route=%2Fwp%2Fv2%2Fcomments&post=1855"}],"version-history":[{"count":1,"href":"https:\/\/fiestanacionaldelchamame.com.ar\/index.php?rest_route=\/wp\/v2\/posts\/1855\/revisions"}],"predecessor-version":[{"id":1856,"href":"https:\/\/fiestanacionaldelchamame.com.ar\/index.php?rest_route=\/wp\/v2\/posts\/1855\/revisions\/1856"}],"wp:featuredmedia":[{"embeddable":true,"href":"https:\/\/fiestanacionaldelchamame.com.ar\/index.php?rest_route=\/wp\/v2\/media\/1857"}],"wp:attachment":[{"href":"https:\/\/fiestanacionaldelchamame.com.ar\/index.php?rest_route=%2Fwp%2Fv2%2Fmedia&parent=1855"}],"wp:term":[{"taxonomy":"category","embeddable":true,"href":"https:\/\/fiestanacionaldelchamame.com.ar\/index.php?rest_route=%2Fwp%2Fv2%2Fcategories&post=1855"},{"taxonomy":"post_tag","embeddable":true,"href":"https:\/\/fiestanacionaldelchamame.com.ar\/index.php?rest_route=%2Fwp%2Fv2%2Ftags&post=1855"}],"curies":[{"name":"wp","href":"https:\/\/api.w.org\/{rel}","templated":true}]}}