{"id":1852,"date":"2026-01-08T15:32:51","date_gmt":"2026-01-08T18:32:51","guid":{"rendered":"https:\/\/fiestanacionaldelchamame.com.ar\/?p=1852"},"modified":"2026-01-08T15:32:53","modified_gmt":"2026-01-08T18:32:53","slug":"programacion-de-la-35a-fiesta-nacional-del-chamame","status":"publish","type":"post","link":"https:\/\/fiestanacionaldelchamame.com.ar\/?p=1852","title":{"rendered":"\u00a0Programaci\u00f3n de la 35\u00aa Fiesta Nacional del Chamam\u00e9"},"content":{"rendered":"\n<p><strong>Del 16 al 25 de enero: toda la programaci\u00f3n<\/strong> <strong>de la 35\u00aa Fiesta Nacional del Chamam\u00e9<\/strong><\/p>\n\n\n\n<p>El Gobierno de la Provincia de Corrientes a trav\u00e9s del Instituto de Cultura de la provincia, bajo direcci\u00f3n de Lourdes S\u00e1nchez, anunci\u00f3 formalmente la programaci\u00f3n de la 35 edici\u00f3n de la FNCH, este a\u00f1o bajo el lema \u201cChamam\u00e9, refugio de nuestra identidad\u201d. La venta de entradas comenzar\u00e1, online y de manera f\u00edsica, este viernes 9 en adelante.<\/p>\n\n\n\n<p>Del 16 al 25 de enero, Corrientes ser\u00e1 el epicentro de la celebraci\u00f3n mundial del chamam\u00e9, declarado patrimonio inmaterial de la humanidad por la UNESCO en 2020, mediante la 35\u00aa edici\u00f3n de la Fiesta Nacional del Chamam\u00e9, 21\u00aa Fiesta del MERCOSUR y 5\u00aa Celebraci\u00f3n Mundial que tendr\u00e1 su desarrollo central en el Anfiteatro Mario del Tr\u00e1nsito Cocomarola y en diversos puntos de la ciudad y el interior provincial.<\/p>\n\n\n\n<p>La presidente del Instituto de Cultura de Corrientes, Lourdes S\u00e1nchez, manifest\u00f3 al respecto que \u201cesta programaci\u00f3n y la Fiesta Nacional del Chamam\u00e9 est\u00e1 pensada para todos los correntinos, y por supuesto, para los turistas, medios y visitantes que vienen a Corrientes exclusivamente a vivir la experiencia del chamam\u00e9, siendo la cultura y el turismo vitales para motorizar la econom\u00eda\u201d.<\/p>\n\n\n\n<p>Luego agreg\u00f3 que \u201cestar\u00e1n representados los artistas consagrados y con trayectoria dentro del g\u00e9nero, as\u00ed como los nuevos valores y artistas con proyecci\u00f3n, adem\u00e1s de otros m\u00fasicos nacionales e internacionales invitados a celebrar al chamam\u00e9, sin olvidar tambi\u00e9n el aporte invaluable que har\u00e1 el Ballet Oficial de la Fiesta, hace 12 a\u00f1os bajo de direcci\u00f3n de Luis Marinoni\u201d.<\/p>\n\n\n\n<p>S\u00e1nchez destac\u00f3 la presencia en vivo de Teresa Parodi, La Sole, Los Nocheros, Jorge Rojas junto a Los de Imaguar\u00e9, Los Tekis y Nahuel Pennisi entre otros, enalteciendo al g\u00e9nero en el escenario \u201cOsvaldo Sosa Cordero\u201d.<\/p>\n\n\n\n<h2 class=\"wp-block-heading\"><strong>Venta de entradas<\/strong><\/h2>\n\n\n\n<p>Las entradas a la 35\u00aa Fiesta Nacional del Chamam\u00e9 estar\u00e1n a la venta a partir del viernes 9 de enero mediante la ticketera&nbsp;<a href=\"http:\/\/weepas.ar\/\" target=\"_blank\" rel=\"noreferrer noopener\">weepas.ar<\/a>, y en puntos de venta f\u00edsicos: Teatro Oficial Juan de Vera, San Juan 637, de 9 a 17 hs. y en boleter\u00eda del Anfiteatro Mario del Tr\u00e1nsito Cocomarola, del 16 al 25, desde las 19 hs.<\/p>\n\n\n\n<p>Cabe destacar que el costo de las entradas se mantendr\u00e1 en el rango de precios de 2025. Las mismas tendr\u00e1n un costo de $7.000 con l\u00edmite de ingreso hasta las 21.30 hs y a $9.000 para quienes deseen ingresar sin l\u00edmite horario<\/p>\n\n\n\n<h2 class=\"wp-block-heading\"><strong>Transmisi\u00f3n<\/strong><\/h2>\n\n\n\n<p>La fiesta se vivir\u00e1 en el Anfiteatro Mario del Tr\u00e1nsito Cocomarola del viernes 16 al domingo 25 de enero, con apertura de puertas desde las 19 hs. e inicio previsto desde las 20 hs en escenario y se podr\u00e1 disfrutar mediante diversos medios televisivos, radiales y de streaming en vivo y en directo.<\/p>\n\n\n\n<p>La misma ser\u00e1 transmitida mediante el canal oficial de YouTube del Gobierno de Corrientes, por la TV P\u00fablica, adem\u00e1s de medios televisivos de Brasil y la regi\u00f3n.<\/p>\n\n\n\n<p><strong>Programaci\u00f3n 35\u00aa Fiesta Nacional del Chamam\u00e9<\/strong><\/p>\n\n\n\n<p><strong>Viernes 16 de enero<\/strong><\/p>\n\n\n\n<p>Antonio Tarrag\u00f3 Ros<\/p>\n\n\n\n<p>Chamam\u00e9 Ku\u00f1\u00e1<\/p>\n\n\n\n<p>Daniel Gim\u00e9nez Tr\u00edo<\/p>\n\n\n\n<p>Grupo Buena Fe<\/p>\n\n\n\n<p>Grupo San Jos\u00e9<\/p>\n\n\n\n<p>H\u00e9roes de Malvinas<\/p>\n\n\n\n<p>Ignacio Porra<\/p>\n\n\n\n<p>Blas Mart\u00ednez Riera Grupo<\/p>\n\n\n\n<p>Los \u00c1ngeles Rom\u00e1nticos<\/p>\n\n\n\n<p>Los Nocheros<\/p>\n\n\n\n<p>Los Vecinos<\/p>\n\n\n\n<p>Mario Prieto Linares<\/p>\n\n\n\n<p>Miriam Asuad<\/p>\n\n\n\n<p>Pedro R\u00edos<\/p>\n\n\n\n<p>Richard Scofano<\/p>\n\n\n\n<p><strong>S\u00e1bado 17 de enero<\/strong><\/p>\n\n\n\n<p>Bel\u00e9n Belcastro y Luis Moulin<\/p>\n\n\n\n<p>Benjam\u00edn y Joaqu\u00edn Morales<\/p>\n\n\n\n<p>Chamameceras<\/p>\n\n\n\n<p>Che Roga<\/p>\n\n\n\n<p>Coqui Ortiz<\/p>\n\n\n\n<p>Coro de los Pomberitos Cantores<\/p>\n\n\n\n<p>Dami\u00e1n Ayala<\/p>\n\n\n\n<p>Espuelas de Plata<\/p>\n\n\n\n<p>Gente de Ley<\/p>\n\n\n\n<p>Humberto Yule \/ Mauricio Brito (Br)<\/p>\n\n\n\n<p>Javier S\u00e1<\/p>\n\n\n\n<p>Jos\u00e9 \u00c1lvarez Grupo<\/p>\n\n\n\n<p>Juan Manuel Mora<\/p>\n\n\n\n<p>Los N\u00fa\u00f1ez<\/p>\n\n\n\n<p>Manuel Cruz y su Cuarteto Estampa Correntina<\/p>\n\n\n\n<p>Nahuel Pennisi<\/p>\n\n\n\n<p>Santiago Bocha Sheridan<\/p>\n\n\n\n<p><strong>Domingo 18 de enero<\/strong><\/p>\n\n\n\n<p>Cacho Espindola<\/p>\n\n\n\n<p>Cayo Fern\u00e1ndez<\/p>\n\n\n\n<p>C\u00e9sar Frette Tr\u00edo<\/p>\n\n\n\n<p>Cuarteto Buenos Aires<\/p>\n\n\n\n<p>Florencia De Pompert<\/p>\n\n\n\n<p>Gustavo Miqueri y Tr\u00e9bol de Ases<\/p>\n\n\n\n<p>Iv\u00e1n Ruiz<\/p>\n\n\n\n<p>Jorge Suligoy y Frutos<\/p>\n\n\n\n<p>Los G\u00fcepa Che<\/p>\n\n\n\n<p>Los Mercede\u00f1os<\/p>\n\n\n\n<p>Lucas Segovia<\/p>\n\n\n\n<p>Padularosa-Romero<\/p>\n\n\n\n<p>Paquito Aranda<\/p>\n\n\n\n<p>Pura Sangre<\/p>\n\n\n\n<p>Ra\u00edces y Arpegios del Paraguay y Ballet de \u00d1eembuc\u00fa (Py)<\/p>\n\n\n\n<p>Sim\u00f3n Morales<\/p>\n\n\n\n<p>Susy De Pompert<\/p>\n\n\n\n<p>Tup\u00e1<\/p>\n\n\n\n<p><strong>Lunes 19 de enero<\/strong><\/p>\n\n\n\n<p>Alfredo Monz\u00f3n<\/p>\n\n\n\n<p>Alma Vibrante \u2013 Pilar (Py)<\/p>\n\n\n\n<p>Ariel Gauna y su Nueva Propuesta<\/p>\n\n\n\n<p>Conjunto Sentimiento<\/p>\n\n\n\n<p>Cristian Herrera<\/p>\n\n\n\n<p>El Poderoso Javier Sol\u00eds<\/p>\n\n\n\n<p>Juan de Dios<\/p>\n\n\n\n<p>La Junta Chamamecera<\/p>\n\n\n\n<p>La Pilarcita<\/p>\n\n\n\n<p>Los Chaque Che<\/p>\n\n\n\n<p>Los Hermanos Vel\u00e1zquez<\/p>\n\n\n\n<p>Los Pr\u00edncipes de Misiones<\/p>\n\n\n\n<p>Los Reales del Litoral<\/p>\n\n\n\n<p>Miguel Figueroa y su Conjunto Amanecer Campero<\/p>\n\n\n\n<p>Sim\u00f3n de Jes\u00fas Palacios<\/p>\n\n\n\n<p>Sof\u00eda Morales<\/p>\n\n\n\n<p>Conjunto Vera Monz\u00f3n<\/p>\n\n\n\n<p><strong>Martes 20 de enero<\/strong><\/p>\n\n\n\n<p>Canta Chaco<\/p>\n\n\n\n<p>David D\u00edaz Marchetto<\/p>\n\n\n\n<p>Guaran\u00edtica<\/p>\n\n\n\n<p>Las Voces Che Rajy<\/p>\n\n\n\n<p>Los Majestuosos<\/p>\n\n\n\n<p>Los Mat\u00faa Mercede\u00f1os<\/p>\n\n\n\n<p>Mar\u00eda Eugenia Gallardo<\/p>\n\n\n\n<p>Martina Velazco<\/p>\n\n\n\n<p>Mat\u00edas Geneyro<\/p>\n\n\n\n<p>Nah\u00edr Rodr\u00edguez<\/p>\n\n\n\n<p>Nostalgias Mburucuyanas<\/p>\n\n\n\n<p>Renato Fag\u00fandez (Br)<\/p>\n\n\n\n<p>Rudy Flores \/ Joel Tort\u00fcl<\/p>\n\n\n\n<p>Soledad<\/p>\n\n\n\n<p>Tradicional 6<\/p>\n\n\n\n<p>Tup\u00e1 Noy<\/p>\n\n\n\n<p>Yamand\u00fa Costa (Br)<\/p>\n\n\n\n<p><strong>Mi\u00e9rcoles 21 de enero<\/strong><\/p>\n\n\n\n<p>Chango Spasiuk<\/p>\n\n\n\n<p>Coquimarola y su Conjunto<\/p>\n\n\n\n<p>Ensamble de la Orquesta Folkl\u00f3rica de la Provincia \u201cAv\u00edo del Alma\u201d<\/p>\n\n\n\n<p>Ezequiel Fern\u00e1ndez<\/p>\n\n\n\n<p>Grupo Herencia (Py)<\/p>\n\n\n\n<p>Las Hermanas Vera<\/p>\n\n\n\n<p>L\u00e1zaro Caballero<\/p>\n\n\n\n<p>Lorena Larrea Catterino<\/p>\n\n\n\n<p>Miriam Beatriz (Py)<\/p>\n\n\n\n<p>N\u00e9lida Argentina Zen\u00f3n<\/p>\n\n\n\n<p>Ra\u00edz Guaran\u00ed<\/p>\n\n\n\n<p>Roy\/Bernal\/Peralta \u2013 Tr\u00edo Homenaje a Ra\u00fal Barboza<\/p>\n\n\n\n<p>Santiago Meza Urquidiz<\/p>\n\n\n\n<p>Seis por Ocho<\/p>\n\n\n\n<p>Tono Ben\u00edtez y sus Criollos<\/p>\n\n\n\n<p><strong>Jueves 22 de enero<\/strong><\/p>\n\n\n\n<p>Alejandro Balbi<\/p>\n\n\n\n<p>Amadeo \u201cTutu\u201d Campos<\/p>\n\n\n\n<p>Amanday\u00e9<\/p>\n\n\n\n<p>Che Tr\u00edo Por\u00e1<\/p>\n\n\n\n<p>Delvalle\/Fern\u00e1ndez<\/p>\n\n\n\n<p>Emiliano Cardozo y los Cardocitos<\/p>\n\n\n\n<p>Guillermo De Pompert<\/p>\n\n\n\n<p>Las Guaynas Por\u00e1<\/p>\n\n\n\n<p>Los de Imaguar\u00e9 + Jorge Rojas<\/p>\n\n\n\n<p>Los Nuevos Vecinos<\/p>\n\n\n\n<p>Los Tekis<\/p>\n\n\n\n<p>Luli Fern\u00e1ndez<\/p>\n\n\n\n<p>Nacho Acevedo<\/p>\n\n\n\n<p>Nico Cardozo<\/p>\n\n\n\n<p>Nino Ram\u00edrez<\/p>\n\n\n\n<p>Sebasti\u00e1n Sheridan<\/p>\n\n\n\n<p>Soriano Sosa<\/p>\n\n\n\n<p>Toti Montiel<\/p>\n\n\n\n<p><strong>Viernes 23 de enero<\/strong><\/p>\n\n\n\n<p>Adolfo Alegre<\/p>\n\n\n\n<p>Avarek\u00f3<\/p>\n\n\n\n<p>Carlitos Zacar\u00edas y su Banda<\/p>\n\n\n\n<p>Diego Guti\u00e9rrez<\/p>\n\n\n\n<p>Fuelles Correntinos<\/p>\n\n\n\n<p>Grupo Irundy<\/p>\n\n\n\n<p>Hugo Leiva y su Nueva Estirpe<\/p>\n\n\n\n<p>Humberto Falc\u00f3n<\/p>\n\n\n\n<p>Juan Pablo Barber\u00e1n<\/p>\n\n\n\n<p>La Ra\u00edz Chamamecera<\/p>\n\n\n\n<p>Los Alonsitos + El Chaque\u00f1o Palavecino<\/p>\n\n\n\n<p>Malena Pintos<\/p>\n\n\n\n<p>N\u00e9stor Acu\u00f1a<\/p>\n\n\n\n<p>Oscar Mambr\u00edn<\/p>\n\n\n\n<p>Paloma Trevisan and the Allpargatas<\/p>\n\n\n\n<p>Quinteto Cocomarola<\/p>\n\n\n\n<p>Sangre Paiubrera<\/p>\n\n\n\n<p>Silvina Escalante<\/p>\n\n\n\n<p><strong>S\u00e1bado 24 de enero<\/strong><\/p>\n\n\n\n<p>Ambo\u00e9<\/p>\n\n\n\n<p>Ana Paula Romero y Tarag\u00fc\u00ed Co\u00e9 \u2013 Homenaje a Mat\u00edas Galarza<\/p>\n\n\n\n<p>Angir\u00fa<\/p>\n\n\n\n<p>Conjunto Nuevo Horizonte<\/p>\n\n\n\n<p>Ernestito Montiel y su Cuarteto Santa Ana<\/p>\n\n\n\n<p>Grupo Airampal<\/p>\n\n\n\n<p>Grupo Itat\u00ed<\/p>\n\n\n\n<p>Guarango<\/p>\n\n\n\n<p>Hermanos Guedes (Br)<\/p>\n\n\n\n<p>Hijos de Malvinas<\/p>\n\n\n\n<p>Los Hermanos Britez<\/p>\n\n\n\n<p>Maggie Cullen<\/p>\n\n\n\n<p>Mar\u00eda Ofelia<\/p>\n\n\n\n<p>Mateo Villalba<\/p>\n\n\n\n<p>Mat\u00edas Barb\u00e1s<\/p>\n\n\n\n<p>Monchito Merlo<\/p>\n\n\n\n<p>Sebasti\u00e1n Ver\u00f3n<\/p>\n\n\n\n<p>Tajy<\/p>\n\n\n\n<p>Tierra Adentro (Py)<\/p>\n\n\n\n<p><strong>Domingo 25 de enero<\/strong><\/p>\n\n\n\n<p>Ariel y Leo Acu\u00f1a<\/p>\n\n\n\n<p>Atardeciendo Amaneceres<\/p>\n\n\n\n<p>Bruno Mendoza<\/p>\n\n\n\n<p>Emiliano L\u00f3pez<\/p>\n\n\n\n<p>Enzo Castro (Uy)<\/p>\n\n\n\n<p>Gianella Niwoyda<\/p>\n\n\n\n<p>Jazm\u00edn del Paraguay (Py)<\/p>\n\n\n\n<p>Juancito Guenaga<\/p>\n\n\n\n<p>Los Bofill<\/p>\n\n\n\n<p>Milagros Caliva<\/p>\n\n\n\n<p>Nativos<\/p>\n\n\n\n<p>Piko Frank<\/p>\n\n\n\n<p>Rafael Fond\u00f3n<\/p>\n\n\n\n<p>Teresa Parodi<\/p>\n\n\n\n<p>Tony Rojas<\/p>\n\n\n\n<p>Vicky S\u00e1nchez \u201cLa Princesita\u201d<\/p>\n","protected":false},"excerpt":{"rendered":"<p>Del 16 al 25 de enero: toda la programaci\u00f3n de la 35\u00aa Fiesta Nacional del Chamam\u00e9 El Gobierno de la Provincia de Corrientes a trav\u00e9s del Instituto de Cultura de la provincia, bajo direcci\u00f3n de Lourdes S\u00e1nchez, anunci\u00f3 formalmente la programaci\u00f3n de la 35 edici\u00f3n de la FNCH, este a\u00f1o bajo el lema \u201cChamam\u00e9, refugio&#8230;<\/p>\n","protected":false},"author":1,"featured_media":0,"comment_status":"open","ping_status":"closed","sticky":false,"template":"","format":"standard","meta":{"footnotes":""},"categories":[1],"tags":[],"class_list":["post-1852","post","type-post","status-publish","format-standard","hentry","category-noticias"],"_links":{"self":[{"href":"https:\/\/fiestanacionaldelchamame.com.ar\/index.php?rest_route=\/wp\/v2\/posts\/1852","targetHints":{"allow":["GET"]}}],"collection":[{"href":"https:\/\/fiestanacionaldelchamame.com.ar\/index.php?rest_route=\/wp\/v2\/posts"}],"about":[{"href":"https:\/\/fiestanacionaldelchamame.com.ar\/index.php?rest_route=\/wp\/v2\/types\/post"}],"author":[{"embeddable":true,"href":"https:\/\/fiestanacionaldelchamame.com.ar\/index.php?rest_route=\/wp\/v2\/users\/1"}],"replies":[{"embeddable":true,"href":"https:\/\/fiestanacionaldelchamame.com.ar\/index.php?rest_route=%2Fwp%2Fv2%2Fcomments&post=1852"}],"version-history":[{"count":1,"href":"https:\/\/fiestanacionaldelchamame.com.ar\/index.php?rest_route=\/wp\/v2\/posts\/1852\/revisions"}],"predecessor-version":[{"id":1853,"href":"https:\/\/fiestanacionaldelchamame.com.ar\/index.php?rest_route=\/wp\/v2\/posts\/1852\/revisions\/1853"}],"wp:attachment":[{"href":"https:\/\/fiestanacionaldelchamame.com.ar\/index.php?rest_route=%2Fwp%2Fv2%2Fmedia&parent=1852"}],"wp:term":[{"taxonomy":"category","embeddable":true,"href":"https:\/\/fiestanacionaldelchamame.com.ar\/index.php?rest_route=%2Fwp%2Fv2%2Fcategories&post=1852"},{"taxonomy":"post_tag","embeddable":true,"href":"https:\/\/fiestanacionaldelchamame.com.ar\/index.php?rest_route=%2Fwp%2Fv2%2Ftags&post=1852"}],"curies":[{"name":"wp","href":"https:\/\/api.w.org\/{rel}","templated":true}]}}