{"id":1800,"date":"2025-01-24T18:19:13","date_gmt":"2025-01-24T21:19:13","guid":{"rendered":"https:\/\/fiestanacionaldelchamame.com.ar\/?p=1800"},"modified":"2025-01-24T18:19:15","modified_gmt":"2025-01-24T21:19:15","slug":"pena-oficial-de-chamame-con-la-presentacion-de-roberto-romero","status":"publish","type":"post","link":"https:\/\/fiestanacionaldelchamame.com.ar\/?p=1800","title":{"rendered":"Pe\u00f1a Oficial de Chamam\u00e9 con la presentaci\u00f3n de Roberto Romero"},"content":{"rendered":"\n<h2 class=\"wp-block-heading\">AV\u00cdO DEL ALMA<\/h2>\n\n\n\n<p>El Gobierno de Corrientes, a trav\u00e9s del Instituto de Cultura, organiza la 34\u00aa edici\u00f3n de la Fiesta Nacional del Chamam\u00e9, 20\u00aa Fiesta del Mercosur y 4\u00aa Celebraci\u00f3n Mundial. Entre las actividades paralelas a las propuestas musicales en el Anfiteatro Cocomarola se realizan distintas Pe\u00f1as Oficiales en la ciudad.<\/p>\n\n\n\n<p>El jueves volvieron despu\u00e9s de mucho tiempo las manos m\u00e1gicas del gran Roberto Romero. En esta ocasi\u00f3n estuvo acompa\u00f1ado por Graciela Linares en voz y Loloars \u00c1valos en guitarra y voz. El repertorio abund\u00f3 en varios cl\u00e1sicos de chamam\u00e9. \u201cEsta presentaci\u00f3n est\u00e1 en el marco de la Fiesta Grande. Podemos hacer otras m\u00fasicas, pero en esta ocasi\u00f3n solo haremos temas de la regi\u00f3n\u201d, destac\u00f3 Roberto Romero antes de comenzar su presentaci\u00f3n.<\/p>\n\n\n\n<figure class=\"wp-block-image size-large\"><img fetchpriority=\"high\" decoding=\"async\" width=\"1024\" height=\"576\" src=\"https:\/\/fiestanacionaldelchamame.com.ar\/wp-content\/uploads\/2025\/01\/PENA-CHAMAMECERA-4-1024x576.jpg\" alt=\"\" class=\"wp-image-1801\" srcset=\"https:\/\/fiestanacionaldelchamame.com.ar\/wp-content\/uploads\/2025\/01\/PENA-CHAMAMECERA-4-1024x576.jpg 1024w, https:\/\/fiestanacionaldelchamame.com.ar\/wp-content\/uploads\/2025\/01\/PENA-CHAMAMECERA-4-300x169.jpg 300w, https:\/\/fiestanacionaldelchamame.com.ar\/wp-content\/uploads\/2025\/01\/PENA-CHAMAMECERA-4-768x432.jpg 768w, https:\/\/fiestanacionaldelchamame.com.ar\/wp-content\/uploads\/2025\/01\/PENA-CHAMAMECERA-4-1536x864.jpg 1536w, https:\/\/fiestanacionaldelchamame.com.ar\/wp-content\/uploads\/2025\/01\/PENA-CHAMAMECERA-4-2048x1152.jpg 2048w, https:\/\/fiestanacionaldelchamame.com.ar\/wp-content\/uploads\/2025\/01\/PENA-CHAMAMECERA-4-850x478.jpg 850w\" sizes=\"(max-width: 1024px) 100vw, 1024px\" \/><\/figure>\n\n\n\n<p>La Pe\u00f1a de La Fundaci\u00f3n Mil588 estuvo, como todas estas noches a lo largo de la Fiesta, colmado de p\u00fablico. El lugar es luminoso y parte de sus paredes est\u00e1n vestidas con obras de uno de los artistas m\u00e1s importantes de la provincia, Gustavo Mendoza. Desde lo alto cuelgan textiles que tienen su sello, tanto en forma, color y textura.<\/p>\n\n\n\n<p><strong>Fuerte historia musical<\/strong><\/p>\n\n\n\n<p>Roberto Romero pertenece a la historia viva del chamam\u00e9. En varias ocasiones desliz\u00f3 que es fan\u00e1tico de George Gershwin o Fr\u00e9d\u00e9ric Chopin. Le gusta la m\u00fasica y asegura que no hay l\u00edmites cuando uno puede expresarse a trav\u00e9s de la m\u00fasica. Tanto como pianista y acordeonista acompa\u00f1\u00f3 los m\u00e1ximos referentes como Mateo Villalba, Antonio Tarrag\u00f3 Ros, Pocho Roch, Teresa Parodi y Mario Bofill, entre tantos otros.<\/p>\n\n\n\n<p>El repertorio de la noche del jueves estuvo regado por temas como La abuela Emilia, El cielo de Mantilla, Por Santa Rosa me voy al r\u00edo, El cosechero, entre muchos otros. Adem\u00e1s, hubo un espacio para reconocer a la Guarania, m\u00fasica que en el \u00faltimo a\u00f1o fue \u2013 al igual que el chamam\u00e9 \u2013 declarado Patrimonio Cultural Inmaterial de la Humanidad por la Unesco.<\/p>\n\n\n\n<p>Sobre el cierre de la presentaci\u00f3n, agradecieron al Instituto de Cultura de la Provincia de Corrientes por incluir esta presentaci\u00f3n en el marco de las Pe\u00f1as Oficiales de la Fiesta Nacional del Chamam\u00e9.<\/p>\n","protected":false},"excerpt":{"rendered":"<p>AV\u00cdO DEL ALMA El Gobierno de Corrientes, a trav\u00e9s del Instituto de Cultura, organiza la 34\u00aa edici\u00f3n de la Fiesta Nacional del Chamam\u00e9, 20\u00aa Fiesta del Mercosur y 4\u00aa Celebraci\u00f3n Mundial. Entre las actividades paralelas a las propuestas musicales en el Anfiteatro Cocomarola se realizan distintas Pe\u00f1as Oficiales en la ciudad. El jueves volvieron despu\u00e9s&#8230;<\/p>\n","protected":false},"author":1,"featured_media":0,"comment_status":"open","ping_status":"closed","sticky":false,"template":"","format":"standard","meta":{"footnotes":""},"categories":[1],"tags":[],"class_list":["post-1800","post","type-post","status-publish","format-standard","hentry","category-noticias"],"_links":{"self":[{"href":"https:\/\/fiestanacionaldelchamame.com.ar\/index.php?rest_route=\/wp\/v2\/posts\/1800","targetHints":{"allow":["GET"]}}],"collection":[{"href":"https:\/\/fiestanacionaldelchamame.com.ar\/index.php?rest_route=\/wp\/v2\/posts"}],"about":[{"href":"https:\/\/fiestanacionaldelchamame.com.ar\/index.php?rest_route=\/wp\/v2\/types\/post"}],"author":[{"embeddable":true,"href":"https:\/\/fiestanacionaldelchamame.com.ar\/index.php?rest_route=\/wp\/v2\/users\/1"}],"replies":[{"embeddable":true,"href":"https:\/\/fiestanacionaldelchamame.com.ar\/index.php?rest_route=%2Fwp%2Fv2%2Fcomments&post=1800"}],"version-history":[{"count":1,"href":"https:\/\/fiestanacionaldelchamame.com.ar\/index.php?rest_route=\/wp\/v2\/posts\/1800\/revisions"}],"predecessor-version":[{"id":1802,"href":"https:\/\/fiestanacionaldelchamame.com.ar\/index.php?rest_route=\/wp\/v2\/posts\/1800\/revisions\/1802"}],"wp:attachment":[{"href":"https:\/\/fiestanacionaldelchamame.com.ar\/index.php?rest_route=%2Fwp%2Fv2%2Fmedia&parent=1800"}],"wp:term":[{"taxonomy":"category","embeddable":true,"href":"https:\/\/fiestanacionaldelchamame.com.ar\/index.php?rest_route=%2Fwp%2Fv2%2Fcategories&post=1800"},{"taxonomy":"post_tag","embeddable":true,"href":"https:\/\/fiestanacionaldelchamame.com.ar\/index.php?rest_route=%2Fwp%2Fv2%2Ftags&post=1800"}],"curies":[{"name":"wp","href":"https:\/\/api.w.org\/{rel}","templated":true}]}}