{"id":1795,"date":"2025-01-23T18:14:20","date_gmt":"2025-01-23T21:14:20","guid":{"rendered":"https:\/\/fiestanacionaldelchamame.com.ar\/?p=1795"},"modified":"2025-01-24T18:17:05","modified_gmt":"2025-01-24T21:17:05","slug":"se-presento-mbaraka-libro-que-rinde-homenaje-a-la-guitarra-en-el-chamame","status":"publish","type":"post","link":"https:\/\/fiestanacionaldelchamame.com.ar\/?p=1795","title":{"rendered":"Se present\u00f3 Mbaraka, libro que rinde homenaje a la guitarra en el chamam\u00e9"},"content":{"rendered":"\n<h2 class=\"wp-block-heading\">\u201cAV\u00cdO DEL ALMA\u201d<\/h2>\n\n\n\n<p>En el marco de la 34\u00aa Fiesta Nacional del Chamam\u00e9, 20\u00aa Fiesta del Mercosur y 4\u00aa Celebraci\u00f3n Mundial, se present\u00f3 ayer en el Museo de Ciencias Naturales Amado Bonpland, el libro Mbaraka \u2013editado por Moglia Ediciones- de Rudi Flores, Mar\u00eda Luc\u00eda Troiti\u00f1o y Juan Pedro Zubieta.<\/p>\n\n\n\n<p>Ram\u00f3n Blanco, gerente ejecutivo del Instituto de Cultura dio la bienvenida a los autores y resalt\u00f3 el trabajo que realizan en pos del chamam\u00e9.<\/p>\n\n\n\n<figure class=\"wp-block-image size-large\"><img fetchpriority=\"high\" decoding=\"async\" width=\"1024\" height=\"576\" src=\"https:\/\/fiestanacionaldelchamame.com.ar\/wp-content\/uploads\/2025\/01\/PRESENTACION-DE-LIBRO-2-1024x576.jpg\" alt=\"\" class=\"wp-image-1796\" srcset=\"https:\/\/fiestanacionaldelchamame.com.ar\/wp-content\/uploads\/2025\/01\/PRESENTACION-DE-LIBRO-2-1024x576.jpg 1024w, https:\/\/fiestanacionaldelchamame.com.ar\/wp-content\/uploads\/2025\/01\/PRESENTACION-DE-LIBRO-2-300x169.jpg 300w, https:\/\/fiestanacionaldelchamame.com.ar\/wp-content\/uploads\/2025\/01\/PRESENTACION-DE-LIBRO-2-768x432.jpg 768w, https:\/\/fiestanacionaldelchamame.com.ar\/wp-content\/uploads\/2025\/01\/PRESENTACION-DE-LIBRO-2-1536x864.jpg 1536w, https:\/\/fiestanacionaldelchamame.com.ar\/wp-content\/uploads\/2025\/01\/PRESENTACION-DE-LIBRO-2-2048x1152.jpg 2048w, https:\/\/fiestanacionaldelchamame.com.ar\/wp-content\/uploads\/2025\/01\/PRESENTACION-DE-LIBRO-2-850x478.jpg 850w\" sizes=\"(max-width: 1024px) 100vw, 1024px\" \/><\/figure>\n\n\n\n<p>En la apertura Pedro Zubieta agradeci\u00f3 por el espacio y por incluir esta presentaci\u00f3n en el marco de la Fiesta Nacional del Chamam\u00e9. A su turno, Lucia Troiti\u00f1o, ya hablando puntualmente del libro, agradeci\u00f3 a Rudi Flores por compartir todos sus saberes. \u201cPoder encontrar un libro que ordena los datos hist\u00f3ricos abordando el desarrollo del chamam\u00e9 es importante. Ahora tenemos una referencia y un lugar d\u00f3nde ir a buscar informaci\u00f3n. Aqu\u00ed abrimos la jugada para seguir investigando\u201d, se\u00f1al\u00f3.<\/p>\n\n\n\n<figure class=\"wp-block-image size-large\"><img decoding=\"async\" width=\"1024\" height=\"576\" src=\"https:\/\/fiestanacionaldelchamame.com.ar\/wp-content\/uploads\/2025\/01\/PRESENTACION-DE-LIBRO-1-1024x576.jpg\" alt=\"\" class=\"wp-image-1797\" srcset=\"https:\/\/fiestanacionaldelchamame.com.ar\/wp-content\/uploads\/2025\/01\/PRESENTACION-DE-LIBRO-1-1024x576.jpg 1024w, https:\/\/fiestanacionaldelchamame.com.ar\/wp-content\/uploads\/2025\/01\/PRESENTACION-DE-LIBRO-1-300x169.jpg 300w, https:\/\/fiestanacionaldelchamame.com.ar\/wp-content\/uploads\/2025\/01\/PRESENTACION-DE-LIBRO-1-768x432.jpg 768w, https:\/\/fiestanacionaldelchamame.com.ar\/wp-content\/uploads\/2025\/01\/PRESENTACION-DE-LIBRO-1-1536x864.jpg 1536w, https:\/\/fiestanacionaldelchamame.com.ar\/wp-content\/uploads\/2025\/01\/PRESENTACION-DE-LIBRO-1-2048x1152.jpg 2048w, https:\/\/fiestanacionaldelchamame.com.ar\/wp-content\/uploads\/2025\/01\/PRESENTACION-DE-LIBRO-1-850x478.jpg 850w\" sizes=\"(max-width: 1024px) 100vw, 1024px\" \/><\/figure>\n\n\n\n<p>La presentaci\u00f3n fue acompa\u00f1ada por un importante marco de p\u00fablico que colm\u00f3 la sala del Museo de Ciencias Naturales. Estuvieron presentes autoridades locales, m\u00fasicos tanto locales como chaque\u00f1os, periodistas especializados, lectores y sobre todo, muchos amantes del chamam\u00e9.<\/p>\n\n\n\n<p>A su turno, Rudi Flores tambi\u00e9n agradeci\u00f3 al Instituto de Cultura por el espacio y a Moglia Ediciones por la publicaci\u00f3n del libro. \u201cLa m\u00fasica en general no es escrita. Muchos aprendimos a trav\u00e9s de la transmisi\u00f3n oral. Pero el saber no ocupa lugar. Estudiar es la mejor decisi\u00f3n. Para m\u00ed una de las maneras de avanzar en el chamam\u00e9 es que estudiemos. El tango y el chamam\u00e9 en sus or\u00edgenes son parecidos. Pero hay que estudiar para avanzar\u201d, destac\u00f3.<\/p>\n\n\n\n<p>Sobre el cierre de la presentaci\u00f3n del libro, Rudi Flores destac\u00f3 que cuando le preguntan qu\u00e9 aconseja a los j\u00f3venes apunta dos cosas trascendentales. Por un lado, que estudien. En segundo lugar, reflejarse y mirarse en sus ra\u00edces. \u201cHaciendo estas dos cosas podemos hacer mucho por el chamam\u00e9\u201d, subray\u00f3 y, en ese sentido, ponder\u00f3 la creaci\u00f3n del libro editado por Moglia.<\/p>\n\n\n\n<p>Durante la charla tambi\u00e9n hablaron de parte de la estructura del libro, de los pr\u00f3logos de destacados referentes y los guitarristas m\u00e1s importantes de la historia del g\u00e9nero.<\/p>\n\n\n\n<p>Sobre el cierre los autores y tambi\u00e9n m\u00fasicos, Rudi Flores, Mar\u00eda Luc\u00eda Troiti\u00f1o y Juan Pedro Zubieta interpretaron algunos temas en guitarra. El p\u00fablico acompa\u00f1\u00f3 primer en silencio y despu\u00e9s con sentidos aplausos. Cabe destacar que la presentaci\u00f3n de este libro fue organizada de forma conjunta entre la Fiesta Nacional del Chamam\u00e9, Moglia Ediciones y la Fundaci\u00f3n Memoria del Chamam\u00e9.<\/p>\n","protected":false},"excerpt":{"rendered":"<p>\u201cAV\u00cdO DEL ALMA\u201d En el marco de la 34\u00aa Fiesta Nacional del Chamam\u00e9, 20\u00aa Fiesta del Mercosur y 4\u00aa Celebraci\u00f3n Mundial, se present\u00f3 ayer en el Museo de Ciencias Naturales Amado Bonpland, el libro Mbaraka \u2013editado por Moglia Ediciones- de Rudi Flores, Mar\u00eda Luc\u00eda Troiti\u00f1o y Juan Pedro Zubieta. Ram\u00f3n Blanco, gerente ejecutivo del Instituto&#8230;<\/p>\n","protected":false},"author":1,"featured_media":0,"comment_status":"open","ping_status":"closed","sticky":false,"template":"","format":"standard","meta":{"footnotes":""},"categories":[1],"tags":[],"class_list":["post-1795","post","type-post","status-publish","format-standard","hentry","category-noticias"],"_links":{"self":[{"href":"https:\/\/fiestanacionaldelchamame.com.ar\/index.php?rest_route=\/wp\/v2\/posts\/1795","targetHints":{"allow":["GET"]}}],"collection":[{"href":"https:\/\/fiestanacionaldelchamame.com.ar\/index.php?rest_route=\/wp\/v2\/posts"}],"about":[{"href":"https:\/\/fiestanacionaldelchamame.com.ar\/index.php?rest_route=\/wp\/v2\/types\/post"}],"author":[{"embeddable":true,"href":"https:\/\/fiestanacionaldelchamame.com.ar\/index.php?rest_route=\/wp\/v2\/users\/1"}],"replies":[{"embeddable":true,"href":"https:\/\/fiestanacionaldelchamame.com.ar\/index.php?rest_route=%2Fwp%2Fv2%2Fcomments&post=1795"}],"version-history":[{"count":1,"href":"https:\/\/fiestanacionaldelchamame.com.ar\/index.php?rest_route=\/wp\/v2\/posts\/1795\/revisions"}],"predecessor-version":[{"id":1798,"href":"https:\/\/fiestanacionaldelchamame.com.ar\/index.php?rest_route=\/wp\/v2\/posts\/1795\/revisions\/1798"}],"wp:attachment":[{"href":"https:\/\/fiestanacionaldelchamame.com.ar\/index.php?rest_route=%2Fwp%2Fv2%2Fmedia&parent=1795"}],"wp:term":[{"taxonomy":"category","embeddable":true,"href":"https:\/\/fiestanacionaldelchamame.com.ar\/index.php?rest_route=%2Fwp%2Fv2%2Fcategories&post=1795"},{"taxonomy":"post_tag","embeddable":true,"href":"https:\/\/fiestanacionaldelchamame.com.ar\/index.php?rest_route=%2Fwp%2Fv2%2Ftags&post=1795"}],"curies":[{"name":"wp","href":"https:\/\/api.w.org\/{rel}","templated":true}]}}