{"id":1787,"date":"2025-01-23T18:09:06","date_gmt":"2025-01-23T21:09:06","guid":{"rendered":"https:\/\/fiestanacionaldelchamame.com.ar\/?p=1787"},"modified":"2025-01-24T18:10:46","modified_gmt":"2025-01-24T21:10:46","slug":"crecen-el-publico-y-se-amplia-la-grilla-en-las-penas-chamameceras","status":"publish","type":"post","link":"https:\/\/fiestanacionaldelchamame.com.ar\/?p=1787","title":{"rendered":"Crecen el p\u00fablico y se ampl\u00eda la grilla en las pe\u00f1as chamameceras"},"content":{"rendered":"\n<h2 class=\"wp-block-heading\">AV\u00cdO DEL ALMA<\/h2>\n\n\n\n<p>El Gobierno de Corrientes, a trav\u00e9s del Instituto de Cultura, organiza la 34\u00aa edici\u00f3n de la Fiesta Nacional del Chamam\u00e9, 20\u00aa Fiesta del Mercosur y 4\u00aa Celebraci\u00f3n Mundial. Entre las actividades paralelas a las propuestas musicales en el Anfiteatro Cocomarola se realizan distintas Pe\u00f1as Oficiales en la ciudad.<\/p>\n\n\n\n<p>El mi\u00e9rcoles por la noche lleg\u00f3 a Corrientes desde la provincia de Formosa el conjunto Airampal. El mismo lleg\u00f3 con una propuesta totalmente diferente a lo que ven\u00eda sucediendo, ya que adem\u00e1s de interpretar chamam\u00e9 trajo a la ciudad otros g\u00e9neros musicales como zambas y chacareras. Estos ritmos fueron muy bien recibidos por el p\u00fablico que tambi\u00e9n desliz\u00f3 sus pasos por la danza.<\/p>\n\n\n\n<p>La Pe\u00f1a Oficial de la Fiesta Nacional del Chamam\u00e9 en La Fundaci\u00f3n Mil588 contin\u00faa adem\u00e1s obsequiando a sus clientes cada noche entradas para la Fiesta Grande. Los sorteos se realizan con el p\u00fablico presente, as\u00ed que cada noche siempre se entregan entradas.<\/p>\n\n\n\n<p>Tuvo adem\u00e1s una segunda presentaci\u00f3n. En el escenario tambi\u00e9n se present\u00f3 Cristian Vallejos. El m\u00fasico ofreci\u00f3 un repertorio cargado con composiciones nuevas, con temas con una ra\u00edz profunda en el qu\u00e9 hacer correntina y dedicatorias con historias, como cuando dedic\u00f3 un tema a los \u201ceternos combatientes de Malvinas\u201d. Este tema despert\u00f3 los m\u00e1s sentidos sapuk\u00e1i de los presentes.<\/p>\n\n\n\n<figure class=\"wp-block-image size-large\"><img fetchpriority=\"high\" decoding=\"async\" width=\"1024\" height=\"576\" src=\"https:\/\/fiestanacionaldelchamame.com.ar\/wp-content\/uploads\/2025\/01\/PENA-CHAMAMECERA-1-1024x576.jpg\" alt=\"\" class=\"wp-image-1788\" srcset=\"https:\/\/fiestanacionaldelchamame.com.ar\/wp-content\/uploads\/2025\/01\/PENA-CHAMAMECERA-1-1024x576.jpg 1024w, https:\/\/fiestanacionaldelchamame.com.ar\/wp-content\/uploads\/2025\/01\/PENA-CHAMAMECERA-1-300x169.jpg 300w, https:\/\/fiestanacionaldelchamame.com.ar\/wp-content\/uploads\/2025\/01\/PENA-CHAMAMECERA-1-768x432.jpg 768w, https:\/\/fiestanacionaldelchamame.com.ar\/wp-content\/uploads\/2025\/01\/PENA-CHAMAMECERA-1-1536x864.jpg 1536w, https:\/\/fiestanacionaldelchamame.com.ar\/wp-content\/uploads\/2025\/01\/PENA-CHAMAMECERA-1-2048x1152.jpg 2048w, https:\/\/fiestanacionaldelchamame.com.ar\/wp-content\/uploads\/2025\/01\/PENA-CHAMAMECERA-1-850x478.jpg 850w\" sizes=\"(max-width: 1024px) 100vw, 1024px\" \/><\/figure>\n\n\n\n<p>La velada se vivi\u00f3 con mucha alegr\u00eda. La m\u00fasica como due\u00f1a de un cuerpo que se expresa en sonrisas, charlas animadas, abrazos, vasos que chocan en saludos interminables y pasos de baile, todo regado con chamam\u00e9.<\/p>\n\n\n\n<p>Sobre el cierre de la presentaci\u00f3n, agradecieron al Instituto de Cultura de la Provincia de Corrientes por incluir al grupo en el marco de las Pe\u00f1as Oficiales de la Fiesta Nacional del Chamam\u00e9.<\/p>\n","protected":false},"excerpt":{"rendered":"<p>AV\u00cdO DEL ALMA El Gobierno de Corrientes, a trav\u00e9s del Instituto de Cultura, organiza la 34\u00aa edici\u00f3n de la Fiesta Nacional del Chamam\u00e9, 20\u00aa Fiesta del Mercosur y 4\u00aa Celebraci\u00f3n Mundial. Entre las actividades paralelas a las propuestas musicales en el Anfiteatro Cocomarola se realizan distintas Pe\u00f1as Oficiales en la ciudad. El mi\u00e9rcoles por la&#8230;<\/p>\n","protected":false},"author":1,"featured_media":0,"comment_status":"open","ping_status":"closed","sticky":false,"template":"","format":"standard","meta":{"footnotes":""},"categories":[1],"tags":[],"class_list":["post-1787","post","type-post","status-publish","format-standard","hentry","category-noticias"],"_links":{"self":[{"href":"https:\/\/fiestanacionaldelchamame.com.ar\/index.php?rest_route=\/wp\/v2\/posts\/1787","targetHints":{"allow":["GET"]}}],"collection":[{"href":"https:\/\/fiestanacionaldelchamame.com.ar\/index.php?rest_route=\/wp\/v2\/posts"}],"about":[{"href":"https:\/\/fiestanacionaldelchamame.com.ar\/index.php?rest_route=\/wp\/v2\/types\/post"}],"author":[{"embeddable":true,"href":"https:\/\/fiestanacionaldelchamame.com.ar\/index.php?rest_route=\/wp\/v2\/users\/1"}],"replies":[{"embeddable":true,"href":"https:\/\/fiestanacionaldelchamame.com.ar\/index.php?rest_route=%2Fwp%2Fv2%2Fcomments&post=1787"}],"version-history":[{"count":1,"href":"https:\/\/fiestanacionaldelchamame.com.ar\/index.php?rest_route=\/wp\/v2\/posts\/1787\/revisions"}],"predecessor-version":[{"id":1789,"href":"https:\/\/fiestanacionaldelchamame.com.ar\/index.php?rest_route=\/wp\/v2\/posts\/1787\/revisions\/1789"}],"wp:attachment":[{"href":"https:\/\/fiestanacionaldelchamame.com.ar\/index.php?rest_route=%2Fwp%2Fv2%2Fmedia&parent=1787"}],"wp:term":[{"taxonomy":"category","embeddable":true,"href":"https:\/\/fiestanacionaldelchamame.com.ar\/index.php?rest_route=%2Fwp%2Fv2%2Fcategories&post=1787"},{"taxonomy":"post_tag","embeddable":true,"href":"https:\/\/fiestanacionaldelchamame.com.ar\/index.php?rest_route=%2Fwp%2Fv2%2Ftags&post=1787"}],"curies":[{"name":"wp","href":"https:\/\/api.w.org\/{rel}","templated":true}]}}