{"id":1784,"date":"2025-01-23T17:52:24","date_gmt":"2025-01-23T20:52:24","guid":{"rendered":"https:\/\/fiestanacionaldelchamame.com.ar\/?p=1784"},"modified":"2025-01-24T18:08:43","modified_gmt":"2025-01-24T21:08:43","slug":"conversatorio-sembrando-chamame-en-casa-nandereko","status":"publish","type":"post","link":"https:\/\/fiestanacionaldelchamame.com.ar\/?p=1784","title":{"rendered":"Conversatorio \u201cSembrando Chamam\u00e9\u201d en Casa \u00d1anderek\u00f3"},"content":{"rendered":"\n<h2 class=\"wp-block-heading\">\u00a0AV\u00cdO DEL ALMA<\/h2>\n\n\n\n<p>El Gobierno de Corrientes, a trav\u00e9s del Instituto de Cultura organiza la 34\u00aa edici\u00f3n de la Fiesta Nacional del Chamam\u00e9, 20\u00aa Fiesta del Mercosur y 4\u00aa Celebraci\u00f3n Mundial. En este marco el mi\u00e9rcoles hubo un conversatorio bajo el t\u00edtulo de Sembrando Chamam\u00e9. El mismo estuvo comandado por dos grandes referentes de la m\u00fasica chamamecera, el Bocha Sheridan y N\u00e9stor Tito Barrios. La actividad se realiz\u00f3 en Casa \u00d1anderek\u00f3.<\/p>\n\n\n\n<p>Cuando el sol a\u00fan iluminaba la ciudad de Corrientes, el patio del centro de interpretaci\u00f3n del chamam\u00e9 fue recibiendo a turistas y habit\u00faes de lugar. Pasadas las 19 Virginia Ram\u00edrez, directora de la Casa \u00d1anderek\u00f3, dio la bienvenida a todos. Adem\u00e1s, asumi\u00f3 el rol de entrevistadora de los grandes m\u00fasicos que estaban presentes.<\/p>\n\n\n\n<figure class=\"wp-block-image size-large\"><img fetchpriority=\"high\" decoding=\"async\" width=\"1024\" height=\"576\" src=\"https:\/\/fiestanacionaldelchamame.com.ar\/wp-content\/uploads\/2025\/01\/CONVERSATORIO-1-1024x576.jpg\" alt=\"\" class=\"wp-image-1785\" srcset=\"https:\/\/fiestanacionaldelchamame.com.ar\/wp-content\/uploads\/2025\/01\/CONVERSATORIO-1-1024x576.jpg 1024w, https:\/\/fiestanacionaldelchamame.com.ar\/wp-content\/uploads\/2025\/01\/CONVERSATORIO-1-300x169.jpg 300w, https:\/\/fiestanacionaldelchamame.com.ar\/wp-content\/uploads\/2025\/01\/CONVERSATORIO-1-768x432.jpg 768w, https:\/\/fiestanacionaldelchamame.com.ar\/wp-content\/uploads\/2025\/01\/CONVERSATORIO-1-1536x864.jpg 1536w, https:\/\/fiestanacionaldelchamame.com.ar\/wp-content\/uploads\/2025\/01\/CONVERSATORIO-1-2048x1152.jpg 2048w, https:\/\/fiestanacionaldelchamame.com.ar\/wp-content\/uploads\/2025\/01\/CONVERSATORIO-1-850x478.jpg 850w\" sizes=\"(max-width: 1024px) 100vw, 1024px\" \/><\/figure>\n\n\n\n<p>\u201cLa intenci\u00f3n de este conversatorio Sembrando Chamam\u00e9 tiene como objetivo conocer la otra cara del Bocha Sheridan y de Tito Barrios. Conocer la otra cara que tienen por fuera de los escenarios\u201d, expres\u00f3 Virginia al tiempo que salud\u00f3 a sus entrevistados. La charla discurri\u00f3 de forma amena, entretenida, entre an\u00e9cdotas y recuerdos familiares.<\/p>\n\n\n\n<p><strong>RA\u00cdCES FAMILIARES<\/strong><\/p>\n\n\n\n<p>\u201cNunca impuse nada a mis hijos\u201d, se\u00f1al\u00f3 el Bocha Sheridan, quien a su turno habl\u00f3 de su historia familiar y de las b\u00fasquedas en los caminos de la m\u00fasica. \u201cMis hijos escucharon m\u00fasica desde muy peque\u00f1os. En mi caso nunca impuse nada a mis hijos. La elecci\u00f3n que ellos hicieron del chamam\u00e9 fue totalmente libre\u201d, expres\u00f3.<\/p>\n\n\n\n<p>Por su parte, Tito Barrios hizo un repaso de su historia. Los Barrios, una familia donde florec\u00eda la m\u00fasica de forma cotidiana, aprendi\u00f3 a tocar la guitarra escuchando programas de radio. \u201cEran otros tiempos\u201d, desliz\u00f3 y solt\u00f3 una risa c\u00f3mplice con el p\u00fablico presente. Sobre este g\u00e9nero que hoy nos convoca, Tito agreg\u00f3: \u201cEl chamam\u00e9 en s\u00ed goza de una plenitud donde entran todos los estilos. Estamos viviendo un tiempo diferente donde hay que perseguir los sue\u00f1os. Nosotros gracias a Dios nunca bajamos los brazos. Todav\u00eda nos queda mucho por hacer\u201d.<\/p>\n","protected":false},"excerpt":{"rendered":"<p>\u00a0AV\u00cdO DEL ALMA El Gobierno de Corrientes, a trav\u00e9s del Instituto de Cultura organiza la 34\u00aa edici\u00f3n de la Fiesta Nacional del Chamam\u00e9, 20\u00aa Fiesta del Mercosur y 4\u00aa Celebraci\u00f3n Mundial. En este marco el mi\u00e9rcoles hubo un conversatorio bajo el t\u00edtulo de Sembrando Chamam\u00e9. El mismo estuvo comandado por dos grandes referentes de la&#8230;<\/p>\n","protected":false},"author":1,"featured_media":0,"comment_status":"open","ping_status":"closed","sticky":false,"template":"","format":"standard","meta":{"footnotes":""},"categories":[1],"tags":[],"class_list":["post-1784","post","type-post","status-publish","format-standard","hentry","category-noticias"],"_links":{"self":[{"href":"https:\/\/fiestanacionaldelchamame.com.ar\/index.php?rest_route=\/wp\/v2\/posts\/1784","targetHints":{"allow":["GET"]}}],"collection":[{"href":"https:\/\/fiestanacionaldelchamame.com.ar\/index.php?rest_route=\/wp\/v2\/posts"}],"about":[{"href":"https:\/\/fiestanacionaldelchamame.com.ar\/index.php?rest_route=\/wp\/v2\/types\/post"}],"author":[{"embeddable":true,"href":"https:\/\/fiestanacionaldelchamame.com.ar\/index.php?rest_route=\/wp\/v2\/users\/1"}],"replies":[{"embeddable":true,"href":"https:\/\/fiestanacionaldelchamame.com.ar\/index.php?rest_route=%2Fwp%2Fv2%2Fcomments&post=1784"}],"version-history":[{"count":1,"href":"https:\/\/fiestanacionaldelchamame.com.ar\/index.php?rest_route=\/wp\/v2\/posts\/1784\/revisions"}],"predecessor-version":[{"id":1786,"href":"https:\/\/fiestanacionaldelchamame.com.ar\/index.php?rest_route=\/wp\/v2\/posts\/1784\/revisions\/1786"}],"wp:attachment":[{"href":"https:\/\/fiestanacionaldelchamame.com.ar\/index.php?rest_route=%2Fwp%2Fv2%2Fmedia&parent=1784"}],"wp:term":[{"taxonomy":"category","embeddable":true,"href":"https:\/\/fiestanacionaldelchamame.com.ar\/index.php?rest_route=%2Fwp%2Fv2%2Fcategories&post=1784"},{"taxonomy":"post_tag","embeddable":true,"href":"https:\/\/fiestanacionaldelchamame.com.ar\/index.php?rest_route=%2Fwp%2Fv2%2Ftags&post=1784"}],"curies":[{"name":"wp","href":"https:\/\/api.w.org\/{rel}","templated":true}]}}