{"id":1771,"date":"2025-01-22T15:28:24","date_gmt":"2025-01-22T18:28:24","guid":{"rendered":"https:\/\/fiestanacionaldelchamame.com.ar\/?p=1771"},"modified":"2025-01-22T15:28:30","modified_gmt":"2025-01-22T18:28:30","slug":"los-hermanos-britez-llevaron-el-avio-del-alma-al-hospital-san-francisco-de-asis","status":"publish","type":"post","link":"https:\/\/fiestanacionaldelchamame.com.ar\/?p=1771","title":{"rendered":"Los Hermanos Britez llevaron el av\u00edo del alma al Hospital San Francisco de As\u00eds"},"content":{"rendered":"\n<h2 class=\"wp-block-heading\">CICLO \u201cCHAMAM\u00c9 ES SALUD\u201d<\/h2>\n\n\n\n<p>Los Hermanos Britez se llevaron hoy a la ma\u00f1ana el cari\u00f1o de los pacientes del Hospital de Salud Mental \u201cSan Francisco de As\u00eds\u201d. La presentaci\u00f3n del d\u00fao instrumental se realiz\u00f3 en el marco del ciclo \u201cChamam\u00e9 es Salud\u201d, organizado por el Gobierno de la Provincia, a trav\u00e9s del Instituto de Cultura, como parte de las actividades de la 34\u00aa Fiesta Nacional del Chamam\u00e9.<\/p>\n\n\n\n<figure class=\"wp-block-image size-large\"><img fetchpriority=\"high\" decoding=\"async\" width=\"1024\" height=\"780\" src=\"https:\/\/fiestanacionaldelchamame.com.ar\/wp-content\/uploads\/2025\/01\/06-1-1024x780.jpeg\" alt=\"\" class=\"wp-image-1772\" srcset=\"https:\/\/fiestanacionaldelchamame.com.ar\/wp-content\/uploads\/2025\/01\/06-1-1024x780.jpeg 1024w, https:\/\/fiestanacionaldelchamame.com.ar\/wp-content\/uploads\/2025\/01\/06-1-300x229.jpeg 300w, https:\/\/fiestanacionaldelchamame.com.ar\/wp-content\/uploads\/2025\/01\/06-1-768x585.jpeg 768w, https:\/\/fiestanacionaldelchamame.com.ar\/wp-content\/uploads\/2025\/01\/06-1-1536x1170.jpeg 1536w, https:\/\/fiestanacionaldelchamame.com.ar\/wp-content\/uploads\/2025\/01\/06-1-850x648.jpeg 850w, https:\/\/fiestanacionaldelchamame.com.ar\/wp-content\/uploads\/2025\/01\/06-1.jpeg 1600w\" sizes=\"(max-width: 1024px) 100vw, 1024px\" \/><\/figure>\n\n\n\n<p>Se trata de un programa que tiene por objetivo extender la celebraci\u00f3n chamamecera a distintas instituciones de la ciudad y el interior provincial y hacer part\u00edcipe a quienes no pueden llegar al escenario mayor del chamam\u00e9.<\/p>\n\n\n\n<p>El doctor Carlos Rodr\u00edguez, director del nosocomio, fue el encargado de dar la bienvenida a los presentes y agradecer la iniciativa al Instituto de Cultura de la Provincia.<\/p>\n\n\n\n<figure class=\"wp-block-image size-large\"><img decoding=\"async\" width=\"1024\" height=\"768\" src=\"https:\/\/fiestanacionaldelchamame.com.ar\/wp-content\/uploads\/2025\/01\/05-1024x768.jpeg\" alt=\"\" class=\"wp-image-1773\" srcset=\"https:\/\/fiestanacionaldelchamame.com.ar\/wp-content\/uploads\/2025\/01\/05-1024x768.jpeg 1024w, https:\/\/fiestanacionaldelchamame.com.ar\/wp-content\/uploads\/2025\/01\/05-300x225.jpeg 300w, https:\/\/fiestanacionaldelchamame.com.ar\/wp-content\/uploads\/2025\/01\/05-768x576.jpeg 768w, https:\/\/fiestanacionaldelchamame.com.ar\/wp-content\/uploads\/2025\/01\/05-1536x1152.jpeg 1536w, https:\/\/fiestanacionaldelchamame.com.ar\/wp-content\/uploads\/2025\/01\/05-850x638.jpeg 850w, https:\/\/fiestanacionaldelchamame.com.ar\/wp-content\/uploads\/2025\/01\/05.jpeg 1600w\" sizes=\"(max-width: 1024px) 100vw, 1024px\" \/><\/figure>\n\n\n\n<p>Alexis Dabat, en representaci\u00f3n del ente cultural, explic\u00f3 los alcances de la propuesta: \u201cEste es el quinto encuentro de Chamam\u00e9 es Salud, un ciclo cultural que viene desarroll\u00e1ndose en diferentes espacios como hospitales, hogares de ancianos y establecimientos penitenciarios, para compartir la celebraci\u00f3n chamamecera con todos\u201d.&nbsp;<\/p>\n\n\n\n<p>Los Hermanos Britez, acompa\u00f1ados en voz por Leo Zarur, llenaron de algarab\u00eda y orgullo el patio del hospital. Desde el primer Chamam\u00e9 los presentes se animaron a bailar y despu\u00e9s de cada recitado soltaban casi al un\u00edsono los sapukai. Del evento participaron los pacientes que atraviesan diversas patolog\u00edas junto al grupo de profesionales que desarrollan talleres de terapia ocupacional.<\/p>\n\n\n\n<figure class=\"wp-block-image size-large\"><img decoding=\"async\" width=\"1024\" height=\"768\" src=\"https:\/\/fiestanacionaldelchamame.com.ar\/wp-content\/uploads\/2025\/01\/03-3-1024x768.jpeg\" alt=\"\" class=\"wp-image-1774\" srcset=\"https:\/\/fiestanacionaldelchamame.com.ar\/wp-content\/uploads\/2025\/01\/03-3-1024x768.jpeg 1024w, https:\/\/fiestanacionaldelchamame.com.ar\/wp-content\/uploads\/2025\/01\/03-3-300x225.jpeg 300w, https:\/\/fiestanacionaldelchamame.com.ar\/wp-content\/uploads\/2025\/01\/03-3-768x576.jpeg 768w, https:\/\/fiestanacionaldelchamame.com.ar\/wp-content\/uploads\/2025\/01\/03-3-1536x1152.jpeg 1536w, https:\/\/fiestanacionaldelchamame.com.ar\/wp-content\/uploads\/2025\/01\/03-3-850x638.jpeg 850w, https:\/\/fiestanacionaldelchamame.com.ar\/wp-content\/uploads\/2025\/01\/03-3.jpeg 1600w\" sizes=\"(max-width: 1024px) 100vw, 1024px\" \/><\/figure>\n\n\n\n<p>La voz solista del grupo misionero claramente emocionado expres\u00f3: \u201cPara m\u00ed es mucho mejor estar aqu\u00ed compartiendo con ustedes\u201d y agradeci\u00f3 los gestos de respeto otorgados por la platea.&nbsp; El espect\u00e1culo se complet\u00f3 con los bailarines del grupo de danzas Sentido Folclore.<\/p>\n\n\n\n<p>El d\u00fao se presentar\u00e1 en la s\u00e9ptima noche de la Fiesta Nacional del Chamam\u00e9 en el anfiteatro Cocomarola, mientras que el ciclo continuar\u00e1 este jueves 23 de enero, a las 10, en el geri\u00e1trico Nuevo Horizonte con la actuaci\u00f3n de Pablo Del Valle, Grupo Irundy y Mar\u00eda Eugenia Gallardo.<\/p>\n","protected":false},"excerpt":{"rendered":"<p>CICLO \u201cCHAMAM\u00c9 ES SALUD\u201d Los Hermanos Britez se llevaron hoy a la ma\u00f1ana el cari\u00f1o de los pacientes del Hospital de Salud Mental \u201cSan Francisco de As\u00eds\u201d. La presentaci\u00f3n del d\u00fao instrumental se realiz\u00f3 en el marco del ciclo \u201cChamam\u00e9 es Salud\u201d, organizado por el Gobierno de la Provincia, a trav\u00e9s del Instituto de Cultura,&#8230;<\/p>\n","protected":false},"author":1,"featured_media":0,"comment_status":"open","ping_status":"closed","sticky":false,"template":"","format":"standard","meta":{"footnotes":""},"categories":[1],"tags":[],"class_list":["post-1771","post","type-post","status-publish","format-standard","hentry","category-noticias"],"_links":{"self":[{"href":"https:\/\/fiestanacionaldelchamame.com.ar\/index.php?rest_route=\/wp\/v2\/posts\/1771","targetHints":{"allow":["GET"]}}],"collection":[{"href":"https:\/\/fiestanacionaldelchamame.com.ar\/index.php?rest_route=\/wp\/v2\/posts"}],"about":[{"href":"https:\/\/fiestanacionaldelchamame.com.ar\/index.php?rest_route=\/wp\/v2\/types\/post"}],"author":[{"embeddable":true,"href":"https:\/\/fiestanacionaldelchamame.com.ar\/index.php?rest_route=\/wp\/v2\/users\/1"}],"replies":[{"embeddable":true,"href":"https:\/\/fiestanacionaldelchamame.com.ar\/index.php?rest_route=%2Fwp%2Fv2%2Fcomments&post=1771"}],"version-history":[{"count":1,"href":"https:\/\/fiestanacionaldelchamame.com.ar\/index.php?rest_route=\/wp\/v2\/posts\/1771\/revisions"}],"predecessor-version":[{"id":1775,"href":"https:\/\/fiestanacionaldelchamame.com.ar\/index.php?rest_route=\/wp\/v2\/posts\/1771\/revisions\/1775"}],"wp:attachment":[{"href":"https:\/\/fiestanacionaldelchamame.com.ar\/index.php?rest_route=%2Fwp%2Fv2%2Fmedia&parent=1771"}],"wp:term":[{"taxonomy":"category","embeddable":true,"href":"https:\/\/fiestanacionaldelchamame.com.ar\/index.php?rest_route=%2Fwp%2Fv2%2Fcategories&post=1771"},{"taxonomy":"post_tag","embeddable":true,"href":"https:\/\/fiestanacionaldelchamame.com.ar\/index.php?rest_route=%2Fwp%2Fv2%2Ftags&post=1771"}],"curies":[{"name":"wp","href":"https:\/\/api.w.org\/{rel}","templated":true}]}}