{"id":1766,"date":"2025-01-22T15:25:00","date_gmt":"2025-01-22T18:25:00","guid":{"rendered":"https:\/\/fiestanacionaldelchamame.com.ar\/?p=1766"},"modified":"2025-01-22T15:25:18","modified_gmt":"2025-01-22T18:25:18","slug":"pena-oficial-de-chamame-con-un-acordeon-con-alas","status":"publish","type":"post","link":"https:\/\/fiestanacionaldelchamame.com.ar\/?p=1766","title":{"rendered":"Pe\u00f1a Oficial de Chamam\u00e9 con un acorde\u00f3n con alas"},"content":{"rendered":"\n<h2 class=\"wp-block-heading\">AVIO DEL ALMA<\/h2>\n\n\n\n<p>El Gobierno de Corrientes, a trav\u00e9s del Instituto de Cultura, organiza la 34\u00aa edici\u00f3n de la Fiesta Nacional del Chamam\u00e9, 20\u00aa Fiesta del Mercosur y 4\u00aa Celebraci\u00f3n Mundial. Entre las actividades paralelas a las propuestas musicales en el Anfiteatro Cocomarola se realizan distintas Pe\u00f1as Oficiales en la ciudad.<\/p>\n\n\n\n<figure class=\"wp-block-image size-large\"><img fetchpriority=\"high\" decoding=\"async\" width=\"1024\" height=\"576\" src=\"https:\/\/fiestanacionaldelchamame.com.ar\/wp-content\/uploads\/2025\/01\/PENAS-OFICIALES-2-1024x576.jpg\" alt=\"\" class=\"wp-image-1767\" srcset=\"https:\/\/fiestanacionaldelchamame.com.ar\/wp-content\/uploads\/2025\/01\/PENAS-OFICIALES-2-1024x576.jpg 1024w, https:\/\/fiestanacionaldelchamame.com.ar\/wp-content\/uploads\/2025\/01\/PENAS-OFICIALES-2-300x169.jpg 300w, https:\/\/fiestanacionaldelchamame.com.ar\/wp-content\/uploads\/2025\/01\/PENAS-OFICIALES-2-768x432.jpg 768w, https:\/\/fiestanacionaldelchamame.com.ar\/wp-content\/uploads\/2025\/01\/PENAS-OFICIALES-2-1536x864.jpg 1536w, https:\/\/fiestanacionaldelchamame.com.ar\/wp-content\/uploads\/2025\/01\/PENAS-OFICIALES-2-2048x1152.jpg 2048w, https:\/\/fiestanacionaldelchamame.com.ar\/wp-content\/uploads\/2025\/01\/PENAS-OFICIALES-2-850x478.jpg 850w\" sizes=\"(max-width: 1024px) 100vw, 1024px\" \/><\/figure>\n\n\n\n<p>El martes por la noche lleg\u00f3 a Corrientes desde Brasil Aluisio Rockembach, y estuvo en la Pe\u00f1a Oficial de la Fiesta Nacional del Chamam\u00e9 en La Fundaci\u00f3n Mil588. El m\u00fasico toca el acorde\u00f3n y adem\u00e1s el caj\u00f3n peruano. De hecho se sienta sobre la caja y cuando sus dedos no est\u00e1n en el acorde\u00f3n bajan a sumar nuevos sonidos con el caj\u00f3n. En esta ocasi\u00f3n present\u00f3 sus composiciones, melod\u00edas cargadas de caricias junto a cl\u00e1sicos del g\u00e9nero chamamecero. Entre los invitados e invitadas que sumaron para cantar estuvo Gisela M\u00e9ndez Ribeiro.<\/p>\n\n\n\n<p>La noche fue creciendo y los duendes podr\u00edan decir que tienen alas en las manos de Aluisio. El m\u00fasico toca el acorde\u00f3n y sus melod\u00edas son una invitaci\u00f3n a dejarse abrazar por el chamam\u00e9, justamente ayer en el d\u00eda internacional del abrazo, m\u00fasica que abraza.<\/p>\n\n\n\n<figure class=\"wp-block-image size-large\"><img decoding=\"async\" width=\"1024\" height=\"576\" src=\"https:\/\/fiestanacionaldelchamame.com.ar\/wp-content\/uploads\/2025\/01\/PENAS-OFICIALES-1-1024x576.jpg\" alt=\"\" class=\"wp-image-1768\" srcset=\"https:\/\/fiestanacionaldelchamame.com.ar\/wp-content\/uploads\/2025\/01\/PENAS-OFICIALES-1-1024x576.jpg 1024w, https:\/\/fiestanacionaldelchamame.com.ar\/wp-content\/uploads\/2025\/01\/PENAS-OFICIALES-1-300x169.jpg 300w, https:\/\/fiestanacionaldelchamame.com.ar\/wp-content\/uploads\/2025\/01\/PENAS-OFICIALES-1-768x432.jpg 768w, https:\/\/fiestanacionaldelchamame.com.ar\/wp-content\/uploads\/2025\/01\/PENAS-OFICIALES-1-1536x864.jpg 1536w, https:\/\/fiestanacionaldelchamame.com.ar\/wp-content\/uploads\/2025\/01\/PENAS-OFICIALES-1-2048x1152.jpg 2048w, https:\/\/fiestanacionaldelchamame.com.ar\/wp-content\/uploads\/2025\/01\/PENAS-OFICIALES-1-850x478.jpg 850w\" sizes=\"(max-width: 1024px) 100vw, 1024px\" \/><\/figure>\n\n\n\n<p>Sobre el cierre de la presentaci\u00f3n, agradecieron al Instituto de Cultura de la Provincia de Corrientes por incluir al grupo en el marco de las Pe\u00f1as Oficiales de la Fiesta Nacional del Chamam\u00e9.<\/p>\n\n\n\n<p>En este lugar cabe resaltar que cada noche sortean entre el p\u00fablico presente dos entradas para la Fiesta Nacional del Chamam\u00e9. El clima festivo se aviva con los ganadores que cada noche sonr\u00eden felices antes la sorpresa de un regalo.<\/p>\n","protected":false},"excerpt":{"rendered":"<p>AVIO DEL ALMA El Gobierno de Corrientes, a trav\u00e9s del Instituto de Cultura, organiza la 34\u00aa edici\u00f3n de la Fiesta Nacional del Chamam\u00e9, 20\u00aa Fiesta del Mercosur y 4\u00aa Celebraci\u00f3n Mundial. Entre las actividades paralelas a las propuestas musicales en el Anfiteatro Cocomarola se realizan distintas Pe\u00f1as Oficiales en la ciudad. El martes por la&#8230;<\/p>\n","protected":false},"author":1,"featured_media":0,"comment_status":"open","ping_status":"closed","sticky":false,"template":"","format":"standard","meta":{"footnotes":""},"categories":[1],"tags":[],"class_list":["post-1766","post","type-post","status-publish","format-standard","hentry","category-noticias"],"_links":{"self":[{"href":"https:\/\/fiestanacionaldelchamame.com.ar\/index.php?rest_route=\/wp\/v2\/posts\/1766","targetHints":{"allow":["GET"]}}],"collection":[{"href":"https:\/\/fiestanacionaldelchamame.com.ar\/index.php?rest_route=\/wp\/v2\/posts"}],"about":[{"href":"https:\/\/fiestanacionaldelchamame.com.ar\/index.php?rest_route=\/wp\/v2\/types\/post"}],"author":[{"embeddable":true,"href":"https:\/\/fiestanacionaldelchamame.com.ar\/index.php?rest_route=\/wp\/v2\/users\/1"}],"replies":[{"embeddable":true,"href":"https:\/\/fiestanacionaldelchamame.com.ar\/index.php?rest_route=%2Fwp%2Fv2%2Fcomments&post=1766"}],"version-history":[{"count":1,"href":"https:\/\/fiestanacionaldelchamame.com.ar\/index.php?rest_route=\/wp\/v2\/posts\/1766\/revisions"}],"predecessor-version":[{"id":1769,"href":"https:\/\/fiestanacionaldelchamame.com.ar\/index.php?rest_route=\/wp\/v2\/posts\/1766\/revisions\/1769"}],"wp:attachment":[{"href":"https:\/\/fiestanacionaldelchamame.com.ar\/index.php?rest_route=%2Fwp%2Fv2%2Fmedia&parent=1766"}],"wp:term":[{"taxonomy":"category","embeddable":true,"href":"https:\/\/fiestanacionaldelchamame.com.ar\/index.php?rest_route=%2Fwp%2Fv2%2Fcategories&post=1766"},{"taxonomy":"post_tag","embeddable":true,"href":"https:\/\/fiestanacionaldelchamame.com.ar\/index.php?rest_route=%2Fwp%2Fv2%2Ftags&post=1766"}],"curies":[{"name":"wp","href":"https:\/\/api.w.org\/{rel}","templated":true}]}}