{"id":1761,"date":"2025-01-22T15:21:49","date_gmt":"2025-01-22T18:21:49","guid":{"rendered":"https:\/\/fiestanacionaldelchamame.com.ar\/?p=1761"},"modified":"2025-01-22T15:22:01","modified_gmt":"2025-01-22T18:22:01","slug":"se-presenta-el-libro-mbaraka-en-el-museo-de-ciencias-naturales","status":"publish","type":"post","link":"https:\/\/fiestanacionaldelchamame.com.ar\/?p=1761","title":{"rendered":"Se presenta el libro Mbaraka en el Museo de Ciencias Naturales"},"content":{"rendered":"\n<h2 class=\"wp-block-heading\">\u201cAV\u00cdO DEL ALMA\u201d<\/h2>\n\n\n\n<p>Este jueves 23 de enero, a las 19,30, en el Museo de Ciencias Naturales Amado Bonpland (Av. Costanera General San Mart\u00edn 100) se presentar\u00e1 el libro&nbsp;&#8220;Mbaraka&#8221;&nbsp;de Rudi Flores, Mart\u00edn Luc\u00eda Troiti\u00f1o y Juan Pedro Zubieta. Esta actividad del ciclo \u201cChamam\u00e9 es cultura\u201d, forma parte de la 34\u00aa Fiesta Nacional del Chamam\u00e9, 20\u00aa Fiesta del Mercosur y 4\u00aa Celebraci\u00f3n Mundial, organizada por el Gobierno de la Provincia, a trav\u00e9s del Instituto de Cultura.<\/p>\n\n\n\n<figure class=\"wp-block-image size-large\"><img fetchpriority=\"high\" decoding=\"async\" width=\"819\" height=\"1024\" src=\"https:\/\/fiestanacionaldelchamame.com.ar\/wp-content\/uploads\/2025\/01\/PRESENTACION-DE-LIBRO-2-1-819x1024.jpeg\" alt=\"\" class=\"wp-image-1762\" srcset=\"https:\/\/fiestanacionaldelchamame.com.ar\/wp-content\/uploads\/2025\/01\/PRESENTACION-DE-LIBRO-2-1-819x1024.jpeg 819w, https:\/\/fiestanacionaldelchamame.com.ar\/wp-content\/uploads\/2025\/01\/PRESENTACION-DE-LIBRO-2-1-240x300.jpeg 240w, https:\/\/fiestanacionaldelchamame.com.ar\/wp-content\/uploads\/2025\/01\/PRESENTACION-DE-LIBRO-2-1-768x960.jpeg 768w, https:\/\/fiestanacionaldelchamame.com.ar\/wp-content\/uploads\/2025\/01\/PRESENTACION-DE-LIBRO-2-1-300x375.jpeg 300w, https:\/\/fiestanacionaldelchamame.com.ar\/wp-content\/uploads\/2025\/01\/PRESENTACION-DE-LIBRO-2-1-850x1063.jpeg 850w, https:\/\/fiestanacionaldelchamame.com.ar\/wp-content\/uploads\/2025\/01\/PRESENTACION-DE-LIBRO-2-1.jpeg 1024w\" sizes=\"(max-width: 819px) 100vw, 819px\" \/><\/figure>\n\n\n\n<p>Mbaraka es un libro que nace de los saberes compartidos entre el maestro Rudi Flores, Mar\u00eda Luc\u00eda Troiti\u00f1o y Juan Pedro Zubieta. Se trata de un homenaje a la guitarra en el chamam\u00e9. Como instrumento acompa\u00f1ante y tambi\u00e9n como protagonista, ha sido testigo y part\u00edcipe del desarrollo y evoluci\u00f3n de este g\u00e9nero musical. Ha tomado de sus instrumentos compa\u00f1eros de ruta, giros, articulaciones, armon\u00edas, colores que lo definen y que han caracterizado su devenir.<\/p>\n\n\n\n<p>A lo largo de sus p\u00e1ginas, los autores en minuciosa exploraci\u00f3n, muestran c\u00f3mo la guitarra fue utilizada por los grandes maestros del chamam\u00e9 y c\u00f3mo evolucion\u00f3 su rol en las distintas etapas del g\u00e9nero, expresando la identidad y sentir de la m\u00fasica producida \u201cal otro lado del Paran\u00e1\u201d. \u201cMbaraka\u201d es un viaje sonoro por las ra\u00edces del litoral.<\/p>\n\n\n\n<p>La presentaci\u00f3n de este libro es organizada de forma conjunta entre la Fiesta Nacional del Chamam\u00e9, Moglia Ediciones y la Fundaci\u00f3n Memoria del Chamam\u00e9.<\/p>\n","protected":false},"excerpt":{"rendered":"<p>\u201cAV\u00cdO DEL ALMA\u201d Este jueves 23 de enero, a las 19,30, en el Museo de Ciencias Naturales Amado Bonpland (Av. Costanera General San Mart\u00edn 100) se presentar\u00e1 el libro&nbsp;&#8220;Mbaraka&#8221;&nbsp;de Rudi Flores, Mart\u00edn Luc\u00eda Troiti\u00f1o y Juan Pedro Zubieta. Esta actividad del ciclo \u201cChamam\u00e9 es cultura\u201d, forma parte de la 34\u00aa Fiesta Nacional del Chamam\u00e9, 20\u00aa&#8230;<\/p>\n","protected":false},"author":1,"featured_media":0,"comment_status":"open","ping_status":"closed","sticky":false,"template":"","format":"standard","meta":{"footnotes":""},"categories":[1],"tags":[],"class_list":["post-1761","post","type-post","status-publish","format-standard","hentry","category-noticias"],"_links":{"self":[{"href":"https:\/\/fiestanacionaldelchamame.com.ar\/index.php?rest_route=\/wp\/v2\/posts\/1761","targetHints":{"allow":["GET"]}}],"collection":[{"href":"https:\/\/fiestanacionaldelchamame.com.ar\/index.php?rest_route=\/wp\/v2\/posts"}],"about":[{"href":"https:\/\/fiestanacionaldelchamame.com.ar\/index.php?rest_route=\/wp\/v2\/types\/post"}],"author":[{"embeddable":true,"href":"https:\/\/fiestanacionaldelchamame.com.ar\/index.php?rest_route=\/wp\/v2\/users\/1"}],"replies":[{"embeddable":true,"href":"https:\/\/fiestanacionaldelchamame.com.ar\/index.php?rest_route=%2Fwp%2Fv2%2Fcomments&post=1761"}],"version-history":[{"count":1,"href":"https:\/\/fiestanacionaldelchamame.com.ar\/index.php?rest_route=\/wp\/v2\/posts\/1761\/revisions"}],"predecessor-version":[{"id":1763,"href":"https:\/\/fiestanacionaldelchamame.com.ar\/index.php?rest_route=\/wp\/v2\/posts\/1761\/revisions\/1763"}],"wp:attachment":[{"href":"https:\/\/fiestanacionaldelchamame.com.ar\/index.php?rest_route=%2Fwp%2Fv2%2Fmedia&parent=1761"}],"wp:term":[{"taxonomy":"category","embeddable":true,"href":"https:\/\/fiestanacionaldelchamame.com.ar\/index.php?rest_route=%2Fwp%2Fv2%2Fcategories&post=1761"},{"taxonomy":"post_tag","embeddable":true,"href":"https:\/\/fiestanacionaldelchamame.com.ar\/index.php?rest_route=%2Fwp%2Fv2%2Ftags&post=1761"}],"curies":[{"name":"wp","href":"https:\/\/api.w.org\/{rel}","templated":true}]}}