{"id":1756,"date":"2025-01-21T15:15:21","date_gmt":"2025-01-21T18:15:21","guid":{"rendered":"https:\/\/fiestanacionaldelchamame.com.ar\/?p=1756"},"modified":"2025-01-22T15:17:48","modified_gmt":"2025-01-22T18:17:48","slug":"el-instituto-de-cardiologia-de-corrientes-vibro-con-la-musica-del-chango-spasiuk","status":"publish","type":"post","link":"https:\/\/fiestanacionaldelchamame.com.ar\/?p=1756","title":{"rendered":"El Instituto de Cardiolog\u00eda de Corrientes vibr\u00f3 con la m\u00fasica del Chango Spasiuk"},"content":{"rendered":"\n<h2 class=\"wp-block-heading\">CICLO CHAMAM\u00c9 ES SALUD<\/h2>\n\n\n\n<p>El Chango Spasiuk hizo palpitar el Instituto de Cardiolog\u00eda de Corrientes. La presentaci\u00f3n del artista se realiz\u00f3 en el marco del ciclo \u201cChamam\u00e9 es Salud\u201d, organizado por el Gobierno de la Provincia, a trav\u00e9s del Instituto de Cultura, como parte de las actividades de la 34\u00aa Fiesta Nacional del Chamam\u00e9.<\/p>\n\n\n\n<figure class=\"wp-block-image size-large\"><img fetchpriority=\"high\" decoding=\"async\" width=\"768\" height=\"1024\" src=\"https:\/\/fiestanacionaldelchamame.com.ar\/wp-content\/uploads\/2025\/01\/CHAMAME-ES-SALUD-6-768x1024.jpeg\" alt=\"\" class=\"wp-image-1757\" srcset=\"https:\/\/fiestanacionaldelchamame.com.ar\/wp-content\/uploads\/2025\/01\/CHAMAME-ES-SALUD-6-768x1024.jpeg 768w, https:\/\/fiestanacionaldelchamame.com.ar\/wp-content\/uploads\/2025\/01\/CHAMAME-ES-SALUD-6-225x300.jpeg 225w, https:\/\/fiestanacionaldelchamame.com.ar\/wp-content\/uploads\/2025\/01\/CHAMAME-ES-SALUD-6-300x400.jpeg 300w, https:\/\/fiestanacionaldelchamame.com.ar\/wp-content\/uploads\/2025\/01\/CHAMAME-ES-SALUD-6-850x1133.jpeg 850w, https:\/\/fiestanacionaldelchamame.com.ar\/wp-content\/uploads\/2025\/01\/CHAMAME-ES-SALUD-6.jpeg 960w\" sizes=\"(max-width: 768px) 100vw, 768px\" \/><\/figure>\n\n\n\n<p>Se trata de un programa que tiene por objetivo extender la celebraci\u00f3n chamamecera a distintas instituciones de la ciudad y el interior provincial y hacer part\u00edcipe a quienes no pueden llegar al escenario mayor del Chamam\u00e9.<\/p>\n\n\n\n<p>En la ma\u00f1ana de hoy el Chango Spasiuk acompa\u00f1ado de los j\u00f3venes acordeonistas, Emiliano L\u00f3pez y Enzo De Mart\u00ednez, hizo vibrar a los presentes con un repertorio que invit\u00f3 al baile y los continuos aplausos y sapukai.<\/p>\n\n\n\n<figure class=\"wp-block-image size-large\"><img decoding=\"async\" width=\"1024\" height=\"768\" src=\"https:\/\/fiestanacionaldelchamame.com.ar\/wp-content\/uploads\/2025\/01\/CHAMAME-ES-SALUD-9-1024x768.jpeg\" alt=\"\" class=\"wp-image-1758\" srcset=\"https:\/\/fiestanacionaldelchamame.com.ar\/wp-content\/uploads\/2025\/01\/CHAMAME-ES-SALUD-9-1024x768.jpeg 1024w, https:\/\/fiestanacionaldelchamame.com.ar\/wp-content\/uploads\/2025\/01\/CHAMAME-ES-SALUD-9-300x225.jpeg 300w, https:\/\/fiestanacionaldelchamame.com.ar\/wp-content\/uploads\/2025\/01\/CHAMAME-ES-SALUD-9-768x576.jpeg 768w, https:\/\/fiestanacionaldelchamame.com.ar\/wp-content\/uploads\/2025\/01\/CHAMAME-ES-SALUD-9-850x638.jpeg 850w, https:\/\/fiestanacionaldelchamame.com.ar\/wp-content\/uploads\/2025\/01\/CHAMAME-ES-SALUD-9.jpeg 1280w\" sizes=\"(max-width: 1024px) 100vw, 1024px\" \/><\/figure>\n\n\n\n<p>Previo al show, la bienvenida estuvo a cargo del director del Instituto de Cardiolog\u00eda, el Dr Julio Vallejos quien se refiri\u00f3 a la importancia que tiene el Chamam\u00e9 para la salud: \u201cEl Chamam\u00e9 ayuda al alma y, por tanto, ayuda a la salud de la gente. El completo estado de bienestar de la gente lo tenemos no solamente f\u00edsicamente, sino tambi\u00e9n emocionalmente y esto es parte de lo que el Chamam\u00e9 ha logrado\u201d.<\/p>\n\n\n\n<p>Agradeci\u00f3 la presencia del acordeonista misionero, por brindar su tiempo y arte a la entidad y como reconocimiento le obsequi\u00f3 un voucher de chequeo cardiovascular preventivo. A su vez, el m\u00fasico gratamente sorprendido lo acept\u00f3 y se\u00f1al\u00f3 \u201ces bueno pensar que la salud tambi\u00e9n es esto. La poes\u00eda, la cultura, la m\u00fasica es calidad de vida para enfermarnos menos. Agradezco que sean tan amables y generosos\u201d.<\/p>\n\n\n\n<figure class=\"wp-block-image size-large\"><img decoding=\"async\" width=\"1024\" height=\"768\" src=\"https:\/\/fiestanacionaldelchamame.com.ar\/wp-content\/uploads\/2025\/01\/CHAMAME-ES-SALUD-2-1024x768.jpeg\" alt=\"\" class=\"wp-image-1759\" srcset=\"https:\/\/fiestanacionaldelchamame.com.ar\/wp-content\/uploads\/2025\/01\/CHAMAME-ES-SALUD-2-1024x768.jpeg 1024w, https:\/\/fiestanacionaldelchamame.com.ar\/wp-content\/uploads\/2025\/01\/CHAMAME-ES-SALUD-2-300x225.jpeg 300w, https:\/\/fiestanacionaldelchamame.com.ar\/wp-content\/uploads\/2025\/01\/CHAMAME-ES-SALUD-2-768x576.jpeg 768w, https:\/\/fiestanacionaldelchamame.com.ar\/wp-content\/uploads\/2025\/01\/CHAMAME-ES-SALUD-2-850x638.jpeg 850w, https:\/\/fiestanacionaldelchamame.com.ar\/wp-content\/uploads\/2025\/01\/CHAMAME-ES-SALUD-2.jpeg 1280w\" sizes=\"(max-width: 1024px) 100vw, 1024px\" \/><\/figure>\n\n\n\n<p>Por \u00faltimo, se dirigi\u00f3 a los presentes la presidente del Instituto de Cultura, Beatriz Kunin, quien agradeci\u00f3 al Dr. Vallejos por permitir que el ciclo se lleve adelante en la instituci\u00f3n y puso de relieve el car\u00e1cter inclusivo y universal de la iniciativa: \u201cCon esta propuesta que se denomina Chamam\u00e9 es Salud, podemos llegar a muchos centros como este en nuestra localidad y en el interior de la provincia. Esto es parte de la Fiesta Nacional del Chamam\u00e9 que el doctor ya ha explicado que comprende algo mucho m\u00e1s que el escenario mayor. As\u00ed que, espero que lo disfruten y que se sientan acompa\u00f1ados por nosotros, por nuestra m\u00fasica, por nuestra identidad\u201d.<\/p>\n\n\n\n<p>Luego de las palabras se dio paso al show del Chango Spasiuk junto a los j\u00f3venes m\u00fasicos que lo acompa\u00f1aron. Fueron la base para el despliegue de la m\u00fasica del Litoral, y se sumaron las glosas del pa\u00ed Juli\u00e1n Zini recitadas por el Doctor Vallejos, la interpretaci\u00f3n de algunos temas por parte de Alfredo Monz\u00f3n y Roberto Moulin, padre de Luis Moulin, y de Sentido Folclore, grupo de danzas que asisti\u00f3 con parejas infantiles ataviadas de fiesta. Todos se llevaron la ovaci\u00f3n del p\u00fablico.<\/p>\n\n\n\n<p><\/p>\n","protected":false},"excerpt":{"rendered":"<p>CICLO CHAMAM\u00c9 ES SALUD El Chango Spasiuk hizo palpitar el Instituto de Cardiolog\u00eda de Corrientes. La presentaci\u00f3n del artista se realiz\u00f3 en el marco del ciclo \u201cChamam\u00e9 es Salud\u201d, organizado por el Gobierno de la Provincia, a trav\u00e9s del Instituto de Cultura, como parte de las actividades de la 34\u00aa Fiesta Nacional del Chamam\u00e9. Se&#8230;<\/p>\n","protected":false},"author":1,"featured_media":0,"comment_status":"open","ping_status":"closed","sticky":false,"template":"","format":"standard","meta":{"footnotes":""},"categories":[1],"tags":[],"class_list":["post-1756","post","type-post","status-publish","format-standard","hentry","category-noticias"],"_links":{"self":[{"href":"https:\/\/fiestanacionaldelchamame.com.ar\/index.php?rest_route=\/wp\/v2\/posts\/1756","targetHints":{"allow":["GET"]}}],"collection":[{"href":"https:\/\/fiestanacionaldelchamame.com.ar\/index.php?rest_route=\/wp\/v2\/posts"}],"about":[{"href":"https:\/\/fiestanacionaldelchamame.com.ar\/index.php?rest_route=\/wp\/v2\/types\/post"}],"author":[{"embeddable":true,"href":"https:\/\/fiestanacionaldelchamame.com.ar\/index.php?rest_route=\/wp\/v2\/users\/1"}],"replies":[{"embeddable":true,"href":"https:\/\/fiestanacionaldelchamame.com.ar\/index.php?rest_route=%2Fwp%2Fv2%2Fcomments&post=1756"}],"version-history":[{"count":1,"href":"https:\/\/fiestanacionaldelchamame.com.ar\/index.php?rest_route=\/wp\/v2\/posts\/1756\/revisions"}],"predecessor-version":[{"id":1760,"href":"https:\/\/fiestanacionaldelchamame.com.ar\/index.php?rest_route=\/wp\/v2\/posts\/1756\/revisions\/1760"}],"wp:attachment":[{"href":"https:\/\/fiestanacionaldelchamame.com.ar\/index.php?rest_route=%2Fwp%2Fv2%2Fmedia&parent=1756"}],"wp:term":[{"taxonomy":"category","embeddable":true,"href":"https:\/\/fiestanacionaldelchamame.com.ar\/index.php?rest_route=%2Fwp%2Fv2%2Fcategories&post=1756"},{"taxonomy":"post_tag","embeddable":true,"href":"https:\/\/fiestanacionaldelchamame.com.ar\/index.php?rest_route=%2Fwp%2Fv2%2Ftags&post=1756"}],"curies":[{"name":"wp","href":"https:\/\/api.w.org\/{rel}","templated":true}]}}