{"id":1751,"date":"2025-01-21T15:12:46","date_gmt":"2025-01-21T18:12:46","guid":{"rendered":"https:\/\/fiestanacionaldelchamame.com.ar\/?p=1751"},"modified":"2025-01-22T15:15:05","modified_gmt":"2025-01-22T18:15:05","slug":"trajes-tipicos-de-chamame-en-casa-nandereko","status":"publish","type":"post","link":"https:\/\/fiestanacionaldelchamame.com.ar\/?p=1751","title":{"rendered":"Trajes t\u00edpicos de chamam\u00e9 en Casa \u00d1andereko"},"content":{"rendered":"\n<h2 class=\"wp-block-heading\">\u201cAV\u00cdO DEL ALMA\u201d<\/h2>\n\n\n\n<p>El Gobierno de Corrientes, a trav\u00e9s del Instituto de Cultura, organiza la 34\u00aa edici\u00f3n de la Fiesta Nacional del Chamam\u00e9, 20\u00aa Fiesta del Mercosur y 4\u00aa Celebraci\u00f3n Mundial. Entre las propuestas que se desarrollan en paralelo al festival en el anfiteatro Cocomarola se realiz\u00f3 ayer \u00d1ande Tipoy, una muestra inspirada en la vestimenta tradicional del correntino.<\/p>\n\n\n\n<figure class=\"wp-block-image size-large\"><img fetchpriority=\"high\" decoding=\"async\" width=\"771\" height=\"1024\" src=\"https:\/\/fiestanacionaldelchamame.com.ar\/wp-content\/uploads\/2025\/01\/Muestra-vestimenta-del-chamame-1-771x1024.jpg\" alt=\"\" class=\"wp-image-1752\" srcset=\"https:\/\/fiestanacionaldelchamame.com.ar\/wp-content\/uploads\/2025\/01\/Muestra-vestimenta-del-chamame-1-771x1024.jpg 771w, https:\/\/fiestanacionaldelchamame.com.ar\/wp-content\/uploads\/2025\/01\/Muestra-vestimenta-del-chamame-1-226x300.jpg 226w, https:\/\/fiestanacionaldelchamame.com.ar\/wp-content\/uploads\/2025\/01\/Muestra-vestimenta-del-chamame-1-768x1020.jpg 768w, https:\/\/fiestanacionaldelchamame.com.ar\/wp-content\/uploads\/2025\/01\/Muestra-vestimenta-del-chamame-1-1157x1536.jpg 1157w, https:\/\/fiestanacionaldelchamame.com.ar\/wp-content\/uploads\/2025\/01\/Muestra-vestimenta-del-chamame-1-1542x2048.jpg 1542w, https:\/\/fiestanacionaldelchamame.com.ar\/wp-content\/uploads\/2025\/01\/Muestra-vestimenta-del-chamame-1-300x398.jpg 300w, https:\/\/fiestanacionaldelchamame.com.ar\/wp-content\/uploads\/2025\/01\/Muestra-vestimenta-del-chamame-1-850x1129.jpg 850w, https:\/\/fiestanacionaldelchamame.com.ar\/wp-content\/uploads\/2025\/01\/Muestra-vestimenta-del-chamame-1-scaled.jpg 1928w\" sizes=\"(max-width: 771px) 100vw, 771px\" \/><\/figure>\n\n\n\n<p>La misma incluy\u00f3 adem\u00e1s un espect\u00e1culo de m\u00fasica y danza en vivo en el centro de interpretaci\u00f3n del chamam\u00e9, Casa \u00d1anderek\u00f3. Participaron bailarines provenientes del interior de la provincia de Corrientes para esta actividad que se visti\u00f3 de colores, m\u00fasica y abrigo del alma.<\/p>\n\n\n\n<figure class=\"wp-block-image size-large\"><img decoding=\"async\" width=\"771\" height=\"1024\" src=\"https:\/\/fiestanacionaldelchamame.com.ar\/wp-content\/uploads\/2025\/01\/Muestra-vestimenta-del-chamame-4-771x1024.jpg\" alt=\"\" class=\"wp-image-1753\" srcset=\"https:\/\/fiestanacionaldelchamame.com.ar\/wp-content\/uploads\/2025\/01\/Muestra-vestimenta-del-chamame-4-771x1024.jpg 771w, https:\/\/fiestanacionaldelchamame.com.ar\/wp-content\/uploads\/2025\/01\/Muestra-vestimenta-del-chamame-4-226x300.jpg 226w, https:\/\/fiestanacionaldelchamame.com.ar\/wp-content\/uploads\/2025\/01\/Muestra-vestimenta-del-chamame-4-768x1020.jpg 768w, https:\/\/fiestanacionaldelchamame.com.ar\/wp-content\/uploads\/2025\/01\/Muestra-vestimenta-del-chamame-4-1157x1536.jpg 1157w, https:\/\/fiestanacionaldelchamame.com.ar\/wp-content\/uploads\/2025\/01\/Muestra-vestimenta-del-chamame-4-1542x2048.jpg 1542w, https:\/\/fiestanacionaldelchamame.com.ar\/wp-content\/uploads\/2025\/01\/Muestra-vestimenta-del-chamame-4-300x398.jpg 300w, https:\/\/fiestanacionaldelchamame.com.ar\/wp-content\/uploads\/2025\/01\/Muestra-vestimenta-del-chamame-4-850x1129.jpg 850w, https:\/\/fiestanacionaldelchamame.com.ar\/wp-content\/uploads\/2025\/01\/Muestra-vestimenta-del-chamame-4-scaled.jpg 1928w\" sizes=\"(max-width: 771px) 100vw, 771px\" \/><\/figure>\n\n\n\n<p>Para mostrar el chamam\u00e9 Cangu\u00ed estuvo la pareja de baile Aymar\u00e1 Torres y Lautaro Ayala, el chamam\u00e9 Kirei con Mathilda Alderete y Benizio Saracho Medina y el chamam\u00e9 Sirir\u00ed con la pareja Bel\u00e9n Gamarra y V\u00edctor Cantero.<\/p>\n\n\n\n<p><strong>Agenda de actividades<\/strong><\/p>\n\n\n\n<p>Est\u00e1n programadas distintas actividades en Casa \u00d1anderek\u00f3 (25 de Mayo 1141). El mi\u00e9rcoles 22 de enero se llevar\u00e1 adelante el conversatorio Sembrando Chamam\u00e9, con grandes precursores de la danza y la m\u00fasica. El mismo est\u00e1 direccionado a los nuevos valores del chamam\u00e9, ni\u00f1os y p\u00fablico en general.<\/p>\n\n\n\n<p>El viernes 24 de enero habr\u00e1 una clase abierta de m\u00fasica y danza chamam\u00e9 desde el paso b\u00e1sico y primeros acordes. Por \u00faltimo, el domingo 26 de enero \u2013 d\u00eda en que cierran la grilla de programaci\u00f3n en el Anfiteatro Coromarola \u2013 al mediod\u00eda se realizar\u00e1 \u00d1ande Kar\u00fa, un almuerzo y degustaci\u00f3n de platos t\u00edpicos. Adem\u00e1s de un espect\u00e1culo&nbsp;musical en vivo.<\/p>\n\n\n\n<p><\/p>\n","protected":false},"excerpt":{"rendered":"<p>\u201cAV\u00cdO DEL ALMA\u201d El Gobierno de Corrientes, a trav\u00e9s del Instituto de Cultura, organiza la 34\u00aa edici\u00f3n de la Fiesta Nacional del Chamam\u00e9, 20\u00aa Fiesta del Mercosur y 4\u00aa Celebraci\u00f3n Mundial. Entre las propuestas que se desarrollan en paralelo al festival en el anfiteatro Cocomarola se realiz\u00f3 ayer \u00d1ande Tipoy, una muestra inspirada en la&#8230;<\/p>\n","protected":false},"author":1,"featured_media":0,"comment_status":"open","ping_status":"closed","sticky":false,"template":"","format":"standard","meta":{"footnotes":""},"categories":[1],"tags":[],"class_list":["post-1751","post","type-post","status-publish","format-standard","hentry","category-noticias"],"_links":{"self":[{"href":"https:\/\/fiestanacionaldelchamame.com.ar\/index.php?rest_route=\/wp\/v2\/posts\/1751","targetHints":{"allow":["GET"]}}],"collection":[{"href":"https:\/\/fiestanacionaldelchamame.com.ar\/index.php?rest_route=\/wp\/v2\/posts"}],"about":[{"href":"https:\/\/fiestanacionaldelchamame.com.ar\/index.php?rest_route=\/wp\/v2\/types\/post"}],"author":[{"embeddable":true,"href":"https:\/\/fiestanacionaldelchamame.com.ar\/index.php?rest_route=\/wp\/v2\/users\/1"}],"replies":[{"embeddable":true,"href":"https:\/\/fiestanacionaldelchamame.com.ar\/index.php?rest_route=%2Fwp%2Fv2%2Fcomments&post=1751"}],"version-history":[{"count":1,"href":"https:\/\/fiestanacionaldelchamame.com.ar\/index.php?rest_route=\/wp\/v2\/posts\/1751\/revisions"}],"predecessor-version":[{"id":1754,"href":"https:\/\/fiestanacionaldelchamame.com.ar\/index.php?rest_route=\/wp\/v2\/posts\/1751\/revisions\/1754"}],"wp:attachment":[{"href":"https:\/\/fiestanacionaldelchamame.com.ar\/index.php?rest_route=%2Fwp%2Fv2%2Fmedia&parent=1751"}],"wp:term":[{"taxonomy":"category","embeddable":true,"href":"https:\/\/fiestanacionaldelchamame.com.ar\/index.php?rest_route=%2Fwp%2Fv2%2Fcategories&post=1751"},{"taxonomy":"post_tag","embeddable":true,"href":"https:\/\/fiestanacionaldelchamame.com.ar\/index.php?rest_route=%2Fwp%2Fv2%2Ftags&post=1751"}],"curies":[{"name":"wp","href":"https:\/\/api.w.org\/{rel}","templated":true}]}}