{"id":1748,"date":"2025-01-21T15:10:07","date_gmt":"2025-01-21T18:10:07","guid":{"rendered":"https:\/\/fiestanacionaldelchamame.com.ar\/?p=1748"},"modified":"2025-01-22T15:12:26","modified_gmt":"2025-01-22T18:12:26","slug":"pena-oficial-de-chamame-con-recuerdos-vivos-y-mucha-emocion","status":"publish","type":"post","link":"https:\/\/fiestanacionaldelchamame.com.ar\/?p=1748","title":{"rendered":"Pe\u00f1a Oficial de Chamam\u00e9 con recuerdos vivos y mucha emoci\u00f3n"},"content":{"rendered":"\n<h2 class=\"wp-block-heading\">\u201cAV\u00cdO DEL ALMA\u201d<\/h2>\n\n\n\n<p>Entre las m\u00faltiples actividades que forman parte de 34\u00aa Fiesta Nacional del Chamam\u00e9, 20\u00aa Fiesta del Mercosur y 4\u00aa Celebraci\u00f3n Mundial, organizada por el Gobierno de Corrientes, a trav\u00e9s del Instituto de Cultura, se llevan adelante pe\u00f1as chamameceras en distintos puntos de la ciudad.<\/p>\n\n\n\n<p>El lunes lleg\u00f3 a Corrientes el artista Javier S\u00e1. El mismo llev\u00f3 su propuesta a la Pe\u00f1a Oficial La Fundaci\u00f3n Mil588 (Jun\u00edn 1687). En este lugar cabe resaltar que cada noche sortean entre el p\u00fablico presente dos entradas para la Fiesta Nacional del Chamam\u00e9. El clima c\u00e1lido de la noche colm\u00f3 el espacio de muchos j\u00f3venes.<\/p>\n\n\n\n<p>La propuesta de Javier S\u00e1 fue por el lado de los recuerdos vivos y hubo mucha emoci\u00f3n. Interpret\u00f3 temas cl\u00e1sicos como El \u00faltimo sapuk\u00e1i, Por qu\u00e9 te am\u00e9, Naike chamigo, El Cosechero, El Cachapecero, entre muchos otros. La primera invitada especial de la noche fue Mariana S\u00e1, quien sorprendi\u00f3 al p\u00fablico con su voz c\u00e1lida y bella.<\/p>\n\n\n\n<figure class=\"wp-block-image size-large\"><img fetchpriority=\"high\" decoding=\"async\" width=\"1024\" height=\"576\" src=\"https:\/\/fiestanacionaldelchamame.com.ar\/wp-content\/uploads\/2025\/01\/PENA-OFICIAL-4-1024x576.jpg\" alt=\"\" class=\"wp-image-1749\" srcset=\"https:\/\/fiestanacionaldelchamame.com.ar\/wp-content\/uploads\/2025\/01\/PENA-OFICIAL-4-1024x576.jpg 1024w, https:\/\/fiestanacionaldelchamame.com.ar\/wp-content\/uploads\/2025\/01\/PENA-OFICIAL-4-300x169.jpg 300w, https:\/\/fiestanacionaldelchamame.com.ar\/wp-content\/uploads\/2025\/01\/PENA-OFICIAL-4-768x432.jpg 768w, https:\/\/fiestanacionaldelchamame.com.ar\/wp-content\/uploads\/2025\/01\/PENA-OFICIAL-4-1536x864.jpg 1536w, https:\/\/fiestanacionaldelchamame.com.ar\/wp-content\/uploads\/2025\/01\/PENA-OFICIAL-4-2048x1152.jpg 2048w, https:\/\/fiestanacionaldelchamame.com.ar\/wp-content\/uploads\/2025\/01\/PENA-OFICIAL-4-850x478.jpg 850w\" sizes=\"(max-width: 1024px) 100vw, 1024px\" \/><\/figure>\n\n\n\n<p>El patio de la pe\u00f1a estaba colmado por un ambiente familiar. Durante el concierto hubo muchos aplausos y sapuk\u00e1i, al igual que sonrisas y felicidad regando el ambiente. Sobre el final de la presentaci\u00f3n, Javier invit\u00f3 a Francisco Pancho S\u00e1, un referente indiscutido que cont\u00f3 algunas an\u00e9cdotas especiales y realiz\u00f3 tambi\u00e9n un homenaje a la gran cantante Ofelia Leiva. Pancho jug\u00f3 en varios equipos del f\u00fatbol profesional argentino, incluidos en Boca Junior y gan\u00f3 con Independiente varias copas. \u201cCuando uno expresa un sentimiento es porque est\u00e1 emocionado. Yo estoy emocionado. Ofelia nunca te vamos a olvidar\u201d, afirm\u00f3 y el p\u00fablico estall\u00f3 en un aplauso sentido. Juntos, padre e hijo interpretaron Camino del Arenal.<\/p>\n\n\n\n<p>Sobre el cierre de la presentaci\u00f3n, agradecieron al Instituto de Cultura de la Provincia de Corrientes por incluir al grupo en el marco de las Pe\u00f1as Oficiales de la Fiesta Nacional del Chamam\u00e9.<\/p>\n","protected":false},"excerpt":{"rendered":"<p>\u201cAV\u00cdO DEL ALMA\u201d Entre las m\u00faltiples actividades que forman parte de 34\u00aa Fiesta Nacional del Chamam\u00e9, 20\u00aa Fiesta del Mercosur y 4\u00aa Celebraci\u00f3n Mundial, organizada por el Gobierno de Corrientes, a trav\u00e9s del Instituto de Cultura, se llevan adelante pe\u00f1as chamameceras en distintos puntos de la ciudad. El lunes lleg\u00f3 a Corrientes el artista Javier&#8230;<\/p>\n","protected":false},"author":1,"featured_media":0,"comment_status":"open","ping_status":"closed","sticky":false,"template":"","format":"standard","meta":{"footnotes":""},"categories":[1],"tags":[],"class_list":["post-1748","post","type-post","status-publish","format-standard","hentry","category-noticias"],"_links":{"self":[{"href":"https:\/\/fiestanacionaldelchamame.com.ar\/index.php?rest_route=\/wp\/v2\/posts\/1748","targetHints":{"allow":["GET"]}}],"collection":[{"href":"https:\/\/fiestanacionaldelchamame.com.ar\/index.php?rest_route=\/wp\/v2\/posts"}],"about":[{"href":"https:\/\/fiestanacionaldelchamame.com.ar\/index.php?rest_route=\/wp\/v2\/types\/post"}],"author":[{"embeddable":true,"href":"https:\/\/fiestanacionaldelchamame.com.ar\/index.php?rest_route=\/wp\/v2\/users\/1"}],"replies":[{"embeddable":true,"href":"https:\/\/fiestanacionaldelchamame.com.ar\/index.php?rest_route=%2Fwp%2Fv2%2Fcomments&post=1748"}],"version-history":[{"count":1,"href":"https:\/\/fiestanacionaldelchamame.com.ar\/index.php?rest_route=\/wp\/v2\/posts\/1748\/revisions"}],"predecessor-version":[{"id":1750,"href":"https:\/\/fiestanacionaldelchamame.com.ar\/index.php?rest_route=\/wp\/v2\/posts\/1748\/revisions\/1750"}],"wp:attachment":[{"href":"https:\/\/fiestanacionaldelchamame.com.ar\/index.php?rest_route=%2Fwp%2Fv2%2Fmedia&parent=1748"}],"wp:term":[{"taxonomy":"category","embeddable":true,"href":"https:\/\/fiestanacionaldelchamame.com.ar\/index.php?rest_route=%2Fwp%2Fv2%2Fcategories&post=1748"},{"taxonomy":"post_tag","embeddable":true,"href":"https:\/\/fiestanacionaldelchamame.com.ar\/index.php?rest_route=%2Fwp%2Fv2%2Ftags&post=1748"}],"curies":[{"name":"wp","href":"https:\/\/api.w.org\/{rel}","templated":true}]}}