{"id":1742,"date":"2025-01-20T15:06:36","date_gmt":"2025-01-20T18:06:36","guid":{"rendered":"https:\/\/fiestanacionaldelchamame.com.ar\/?p=1742"},"modified":"2025-01-22T15:09:54","modified_gmt":"2025-01-22T18:09:54","slug":"la-celebracion-chamamecera-trasciende-el-cocomarola-y-llego-al-hospital-escuela","status":"publish","type":"post","link":"https:\/\/fiestanacionaldelchamame.com.ar\/?p=1742","title":{"rendered":"La celebraci\u00f3n chamamecera trasciende el Cocomarola y lleg\u00f3 al Hospital Escuela"},"content":{"rendered":"\n<h2 class=\"wp-block-heading\">AV\u00cdO DEL ALMA<\/h2>\n\n\n\n<p>Como parte de la 34\u00b0 Fiesta Nacional del Chamam\u00e9, se realiz\u00f3 hoy cerca del mediod\u00eda una nueva edici\u00f3n del ciclo Chamam\u00e9 es Salud en el Hospital Escuela Gral. Jos\u00e9 F. de San Mart\u00edn. En esta ocasi\u00f3n, actu\u00f3 Pablo Delvalle, Billy Fern\u00e1ndez y Felipe Fern\u00e1ndez. En los pr\u00f3ximos d\u00edas, est\u00e1n previstas distintas actividades como parte del ciclo \u201cChamam\u00e9 es cultura\u201d con conversatorios, muestras y presentaciones de libro, al igual que bailantas, pe\u00f1as y festivales en distintos escenarios.<\/p>\n\n\n\n<figure class=\"wp-block-image size-large\"><img fetchpriority=\"high\" decoding=\"async\" width=\"1024\" height=\"768\" src=\"https:\/\/fiestanacionaldelchamame.com.ar\/wp-content\/uploads\/2025\/01\/02-2-1024x768.jpeg\" alt=\"\" class=\"wp-image-1743\" srcset=\"https:\/\/fiestanacionaldelchamame.com.ar\/wp-content\/uploads\/2025\/01\/02-2-1024x768.jpeg 1024w, https:\/\/fiestanacionaldelchamame.com.ar\/wp-content\/uploads\/2025\/01\/02-2-300x225.jpeg 300w, https:\/\/fiestanacionaldelchamame.com.ar\/wp-content\/uploads\/2025\/01\/02-2-768x576.jpeg 768w, https:\/\/fiestanacionaldelchamame.com.ar\/wp-content\/uploads\/2025\/01\/02-2-1536x1152.jpeg 1536w, https:\/\/fiestanacionaldelchamame.com.ar\/wp-content\/uploads\/2025\/01\/02-2-850x638.jpeg 850w, https:\/\/fiestanacionaldelchamame.com.ar\/wp-content\/uploads\/2025\/01\/02-2.jpeg 1600w\" sizes=\"(max-width: 1024px) 100vw, 1024px\" \/><\/figure>\n\n\n\n<p>La presidente del Instituto de Cultura, Beatriz Kunin, estuvo presente y agradeci\u00f3 a las autoridades de la instituci\u00f3n \u201cpor permitirnos llegar a este espacio para compartir con quienes no pueden concurrir al anfiteatro Cocomarola. Traemos el Chamam\u00e9, algo tan querido y arraigado en el correntino\u201d.<\/p>\n\n\n\n<p>Se\u00f1al\u00f3 que a trav\u00e9s de esta iniciativa se busca que \u201clas personas presentes en el Hospital, puedan disfrutar de este momento mientras est\u00e1n esperando o acompa\u00f1ando a los pacientes\u201d, y agreg\u00f3: \u201cEs muy importante venir a acompa\u00f1arlos y que sean parte de la Fiesta\u201d.<\/p>\n\n\n\n<p>Acompa\u00f1aron la actividad el doctor Jos\u00e9 Alberto Romero, director del Hospital Escuela y Cra. Adriana Ben\u00edtez, directora administrativa asociada.<\/p>\n\n\n\n<figure class=\"wp-block-image size-large\"><img decoding=\"async\" width=\"1024\" height=\"780\" src=\"https:\/\/fiestanacionaldelchamame.com.ar\/wp-content\/uploads\/2025\/01\/01-8-1024x780.jpg\" alt=\"\" class=\"wp-image-1744\" srcset=\"https:\/\/fiestanacionaldelchamame.com.ar\/wp-content\/uploads\/2025\/01\/01-8-1024x780.jpg 1024w, https:\/\/fiestanacionaldelchamame.com.ar\/wp-content\/uploads\/2025\/01\/01-8-300x229.jpg 300w, https:\/\/fiestanacionaldelchamame.com.ar\/wp-content\/uploads\/2025\/01\/01-8-768x585.jpg 768w, https:\/\/fiestanacionaldelchamame.com.ar\/wp-content\/uploads\/2025\/01\/01-8-1536x1170.jpg 1536w, https:\/\/fiestanacionaldelchamame.com.ar\/wp-content\/uploads\/2025\/01\/01-8-2048x1560.jpg 2048w, https:\/\/fiestanacionaldelchamame.com.ar\/wp-content\/uploads\/2025\/01\/01-8-850x648.jpg 850w\" sizes=\"(max-width: 1024px) 100vw, 1024px\" \/><\/figure>\n\n\n\n<p>\u201cEstamos contentos de poder llevar este av\u00edo del alma al Hospital Escuela. Es algo que nos gusta hacer y lo hacemos durante todo el a\u00f1o porque la m\u00fasica es sanadora\u201d, destac\u00f3 Billy Fern\u00e1ndez, y anticip\u00f3 que se est\u00e1n preparando para presentarse en el anfiteatro Cocomarola el pr\u00f3ximo s\u00e1bado 25 de enero.<\/p>\n\n\n\n<figure class=\"wp-block-image size-large\"><img decoding=\"async\" width=\"1024\" height=\"780\" src=\"https:\/\/fiestanacionaldelchamame.com.ar\/wp-content\/uploads\/2025\/01\/03-4-1024x780.jpg\" alt=\"\" class=\"wp-image-1745\" srcset=\"https:\/\/fiestanacionaldelchamame.com.ar\/wp-content\/uploads\/2025\/01\/03-4-1024x780.jpg 1024w, https:\/\/fiestanacionaldelchamame.com.ar\/wp-content\/uploads\/2025\/01\/03-4-300x229.jpg 300w, https:\/\/fiestanacionaldelchamame.com.ar\/wp-content\/uploads\/2025\/01\/03-4-768x585.jpg 768w, https:\/\/fiestanacionaldelchamame.com.ar\/wp-content\/uploads\/2025\/01\/03-4-1536x1170.jpg 1536w, https:\/\/fiestanacionaldelchamame.com.ar\/wp-content\/uploads\/2025\/01\/03-4-2048x1560.jpg 2048w, https:\/\/fiestanacionaldelchamame.com.ar\/wp-content\/uploads\/2025\/01\/03-4-850x648.jpg 850w\" sizes=\"(max-width: 1024px) 100vw, 1024px\" \/><\/figure>\n\n\n\n<p>Por su parte, el doctor Jos\u00e9 Alberto Romero, director del Hospital Escuela, expres\u00f3: \u201cEstamos muy contentos por recibir a la gente de cultura de la provincia con lo que es en este momento la Fiesta del Chamam\u00e9. Tenemos que pensar que es nuestra m\u00fasica, nuestro cantar y que lo llevamos a todos lados porque estemos donde estemos, siempre cuando hay chamam\u00e9 algo nos pasa. Entonces es traer un recordatorio para toda la gente y sobre todo la que est\u00e1 en el hospital en este momento\u201d.<\/p>\n\n\n\n<p><strong>PROGRAMA: \u201cCORRIENTES ES CHAMAM\u00c9\u201d<\/strong><\/p>\n\n\n\n<p>Ciclos<\/p>\n\n\n\n<p>Chamam\u00e9 es salud<\/p>\n\n\n\n<p>Chamam\u00e9 es cultura<\/p>\n\n\n\n<p>Pe\u00f1as Oficiales<\/p>\n\n\n\n<p>Bailantas Oficiales<\/p>\n\n\n\n<p>Conversatorios<\/p>\n\n\n\n<p>Muestras\/ presentaciones de libros<\/p>\n\n\n\n<p><strong>Lunes 20<\/strong><\/p>\n\n\n\n<p>19:00: \u00d1ande Tipoy \u2013 Centro de Interpretaci\u00f3n del Chamam\u00e9, Casa \u00d1anderek\u00f3<\/p>\n\n\n\n<p>Muestra inspirada en la vestimenta tradicional del correntino. Espect\u00e1culo de m\u00fasica y danza en vivo.<\/p>\n\n\n\n<p>22:00: Pe\u00f1a Chamamecera 1588- 1588 La Fundaci\u00f3n<\/p>\n\n\n\n<p>Act\u00faa: Javier S\u00e1<\/p>\n\n\n\n<p><strong>Martes 21<\/strong><\/p>\n\n\n\n<p>11:00: Chamam\u00e9 es salud<\/p>\n\n\n\n<p>Instituto de Cardiolog\u00eda Juana Francisca Cabral<\/p>\n\n\n\n<p>Act\u00faa: Chango Spasiuk<\/p>\n\n\n\n<p>22:00: Pe\u00f1a Chamamecera 1588 \u2013 1588 La Fundaci\u00f3n<\/p>\n\n\n\n<p>Act\u00faa: AluisioRochemback<\/p>\n\n\n\n<p><strong>Mi\u00e9rcoles 22<\/strong><\/p>\n\n\n\n<p>10:00: Chamam\u00e9 es salud<\/p>\n\n\n\n<p>Hospital de Salud Mental San Francisco de As\u00eds<\/p>\n\n\n\n<p>Act\u00faan: Antonio Tarrag\u00f3 Ros<\/p>\n\n\n\n<p>19:00: Conversatorio Sembrando Chamam\u00e9 \u2013 Centro de Interpretaci\u00f3n del Chamam\u00e9 \u2013 Casa \u00d1anderek\u00f3<\/p>\n\n\n\n<p>Conversatorio con grandes precursores de la danza y la m\u00fasica<\/p>\n\n\n\n<p>22:00: Pe\u00f1a Chamamecera 1588 \u2013 1588 La Fundaci\u00f3n<\/p>\n\n\n\n<p>Act\u00faa: Cristian Vallejos<\/p>\n\n\n\n<p><strong>Jueves 23<\/strong><\/p>\n\n\n\n<p>10:00: Chamam\u00e9 es salud<\/p>\n\n\n\n<p>Geri\u00e1trico Nuevo Horizonte<\/p>\n\n\n\n<p>Act\u00faan: Mar\u00eda Eugenia Gallardo \u2013 Grupo Irundy \u2013 Pablo Delvalle<\/p>\n\n\n\n<p>19:30: Presentaci\u00f3n del libro&nbsp;<strong>Mbarak\u00e1<\/strong>&nbsp;de Rudi Flores, Mar\u00eda Luc\u00eda Troiti\u00f1o y Juan Pedro Zubieta\u2013 Fundaci\u00f3n Memoria del Chamam\u00e9 y Moglia Ediciones.<\/p>\n\n\n\n<p>Museo de Ciencias Naturales Amado Bonpland<\/p>\n\n\n\n<p>Avenida Costanera y Don Bosco<\/p>\n\n\n\n<p><strong>Viernes 24<\/strong><\/p>\n\n\n\n<p>11:00: Chamam\u00e9 es salud<\/p>\n\n\n\n<p>Hospital Geri\u00e1trico Juana Francisca Cabral<\/p>\n\n\n\n<p>11:00 Conversatorio \u201cOtros escenarios\u201d<\/p>\n\n\n\n<p>Museo de Ciencias Naturales \u201cDr. Amado Bonpland\u201d<\/p>\n\n\n\n<p>Participan: Ariel B\u00e1ez, Rogelio Chiappe, N\u00e9stor Barrios, Nano Drovetta.<\/p>\n\n\n\n<p>18:00 Bailanta Rama Paso<\/p>\n\n\n\n<p>Act\u00faan: Los Menchos de Misiones \u2013 Ernestito Montiel y su Cuarteto Santa Ana \u2013 N\u00e9lida Argentina Zen\u00f3n y la Embajada Playadito<\/p>\n\n\n\n<p>19:00 Festival Che Amoa Meme \u2013 Espacio Mari\u00f1o<\/p>\n\n\n\n<p>Act\u00faan: Flor Sandoval \u2013 Pablo del Valle y Billi Fern\u00e1ndez<\/p>\n\n\n\n<p>19:00: Clase abierta de m\u00fasica y danza<\/p>\n\n\n\n<p>Centro de Interpretaci\u00f3n del Chamam\u00e9 -Casa \u00d1anderek\u00f3<\/p>\n\n\n\n<p>21:00: Bailanta OficialEl futuro es Chamam\u00e9<\/p>\n\n\n\n<p>Play\u00f3n del Polideportivo &#8211; Santa Rosa<\/p>\n\n\n\n<p>Act\u00faan: Los Mercede\u00f1os \u2013 Conjunto Vera Monz\u00f3n \u2013NostalgiasMburucuyana<\/p>\n\n\n\n<p>21:00: Bailanta Chamamecera \u2013 Paso de la Patria<\/p>\n\n\n\n<p>Anfiteatro Pinin Palma<\/p>\n\n\n\n<p>21:30 Bailanta Oficial<\/p>\n\n\n\n<p>Predio de la Tradici\u00f3n \u2013 El Sombrero<\/p>\n\n\n\n<p>22:00: Pe\u00f1a Chamamecera 1588 \u2013 1588 La Fundaci\u00f3n<\/p>\n\n\n\n<p>Act\u00faa: Desiderio Souza<\/p>\n\n\n\n<p>22:00: Pe\u00f1a Estaci\u00f3n Mariscal \u2013 Estaci\u00f3n Mariscal<\/p>\n\n\n\n<p><strong>S\u00e1bado 25<\/strong><\/p>\n\n\n\n<p>16:00: Bailanta Oficial de Puente Pexoa \u2013 Camping Puente Pexoa- Riachuelo<\/p>\n\n\n\n<p>Act\u00faan: Espuelas de Plata \u2013 El Gringo Agust\u00edn Acu\u00f1a \u2013 Exequiel Fern\u00e1ndez<\/p>\n\n\n\n<p>19:00: Chamam\u00e9 es Cultura<\/p>\n\n\n\n<p>Plaza Madariaga &#8211; Barrio Laguna Brava<\/p>\n\n\n\n<p>Act\u00faan: Las chamameceras \u2013 Los tiradores\u2013 PiriscaGrecco<\/p>\n\n\n\n<p>19:00: Festival Barrial del Chamam\u00e9<\/p>\n\n\n\n<p>Plaza del Barrio San Marcelo (Montecarlo Los Laureles)<\/p>\n\n\n\n<p>Act\u00faan: La fuerza chamamecera \u2013 Los Campiri\u00f1os \u2013 Los puros del Chamam\u00e9<\/p>\n\n\n\n<p>19:00 Festival Che Amoa Meme \u2013 Espacio Mari\u00f1o<\/p>\n\n\n\n<p>Act\u00faan: Luli Fern\u00e1ndez \u2013 Rafael Puerta y Nino Zanonni \u2013 Las GuaynasPor\u00e1<\/p>\n\n\n\n<p>22:00: Bailanta Oficial San Cosme \u2013 Plaza Mitre<\/p>\n\n\n\n<p>Act\u00faan: Los Amarilla \u2013 Carlitos Zacar\u00edas \u2013 Titina de los Santos \u2013 Los tiradores del Chamam\u00e9 \u2013Los seguidores del chamam\u00e9 \u2013 Los G\u00fcepach\u00e9<\/p>\n\n\n\n<p>22:00: Bailanta Oficial Pista Mayol<\/p>\n\n\n\n<p><strong>Domingo 26<\/strong><\/p>\n\n\n\n<p>10:00: Unidad Penal N\u00ba 4 \u201cLa granja\u201d<\/p>\n\n\n\n<p>12:00: \u00d1andeKar\u00fa \u2013 Centro de Interpretaci\u00f3n del Chamam\u00e9 &#8211; Casa \u00d1anderek\u00f3<\/p>\n\n\n\n<p>Almuerzo y degustaci\u00f3n de platos t\u00edpicos. Espect\u00e1culo de danza y m\u00fasica en vivo<\/p>\n\n\n\n<p>16:00: Bailanta Oficial de Puente Pexoa\u2013 Camping Puente Pexoa- Riachuelo<\/p>\n\n\n\n<p>21:00: Bailanta Oficial El futuro es Chamam\u00e9 \u2013 Playa El Ing\u00e1<\/p>\n\n\n\n<p>Act\u00faan: Tup\u00e1<\/p>\n\n\n\n<p><\/p>\n","protected":false},"excerpt":{"rendered":"<p>AV\u00cdO DEL ALMA Como parte de la 34\u00b0 Fiesta Nacional del Chamam\u00e9, se realiz\u00f3 hoy cerca del mediod\u00eda una nueva edici\u00f3n del ciclo Chamam\u00e9 es Salud en el Hospital Escuela Gral. Jos\u00e9 F. de San Mart\u00edn. En esta ocasi\u00f3n, actu\u00f3 Pablo Delvalle, Billy Fern\u00e1ndez y Felipe Fern\u00e1ndez. En los pr\u00f3ximos d\u00edas, est\u00e1n previstas distintas actividades&#8230;<\/p>\n","protected":false},"author":1,"featured_media":0,"comment_status":"open","ping_status":"closed","sticky":false,"template":"","format":"standard","meta":{"footnotes":""},"categories":[1],"tags":[],"class_list":["post-1742","post","type-post","status-publish","format-standard","hentry","category-noticias"],"_links":{"self":[{"href":"https:\/\/fiestanacionaldelchamame.com.ar\/index.php?rest_route=\/wp\/v2\/posts\/1742","targetHints":{"allow":["GET"]}}],"collection":[{"href":"https:\/\/fiestanacionaldelchamame.com.ar\/index.php?rest_route=\/wp\/v2\/posts"}],"about":[{"href":"https:\/\/fiestanacionaldelchamame.com.ar\/index.php?rest_route=\/wp\/v2\/types\/post"}],"author":[{"embeddable":true,"href":"https:\/\/fiestanacionaldelchamame.com.ar\/index.php?rest_route=\/wp\/v2\/users\/1"}],"replies":[{"embeddable":true,"href":"https:\/\/fiestanacionaldelchamame.com.ar\/index.php?rest_route=%2Fwp%2Fv2%2Fcomments&post=1742"}],"version-history":[{"count":1,"href":"https:\/\/fiestanacionaldelchamame.com.ar\/index.php?rest_route=\/wp\/v2\/posts\/1742\/revisions"}],"predecessor-version":[{"id":1746,"href":"https:\/\/fiestanacionaldelchamame.com.ar\/index.php?rest_route=\/wp\/v2\/posts\/1742\/revisions\/1746"}],"wp:attachment":[{"href":"https:\/\/fiestanacionaldelchamame.com.ar\/index.php?rest_route=%2Fwp%2Fv2%2Fmedia&parent=1742"}],"wp:term":[{"taxonomy":"category","embeddable":true,"href":"https:\/\/fiestanacionaldelchamame.com.ar\/index.php?rest_route=%2Fwp%2Fv2%2Fcategories&post=1742"},{"taxonomy":"post_tag","embeddable":true,"href":"https:\/\/fiestanacionaldelchamame.com.ar\/index.php?rest_route=%2Fwp%2Fv2%2Ftags&post=1742"}],"curies":[{"name":"wp","href":"https:\/\/api.w.org\/{rel}","templated":true}]}}