{"id":1737,"date":"2025-01-20T15:02:46","date_gmt":"2025-01-20T18:02:46","guid":{"rendered":"https:\/\/fiestanacionaldelchamame.com.ar\/?p=1737"},"modified":"2025-01-22T15:06:23","modified_gmt":"2025-01-22T18:06:23","slug":"el-museo-de-bellas-artes-inauguro-la-muestra-chamame-es-cultura","status":"publish","type":"post","link":"https:\/\/fiestanacionaldelchamame.com.ar\/?p=1737","title":{"rendered":"El museo de Bellas Artes inaugur\u00f3 la muestra &#8220;Chamam\u00e9 es Cultura&#8221;\u00a0"},"content":{"rendered":"\n<h2 class=\"wp-block-heading\">AV\u00cdO DEL ALMA<\/h2>\n\n\n\n<p>El Gobierno de Corrientes, a trav\u00e9s del Instituto de Cultura,organiza la 34\u00aa edici\u00f3n de la Fiesta Nacional del Chamam\u00e9, 20\u00aa Fiesta del Mercosur y 4\u00aa Celebraci\u00f3n Mundial. En este marco se inaugur\u00f3 la muestra Chamam\u00e9 es Cultura, en el Museo de Bellas Artes Dr. Juan Ram\u00f3n Vidal.<\/p>\n\n\n\n<figure class=\"wp-block-image size-large\"><img fetchpriority=\"high\" decoding=\"async\" width=\"768\" height=\"1024\" src=\"https:\/\/fiestanacionaldelchamame.com.ar\/wp-content\/uploads\/2025\/01\/CHAMAME-ES-CULTURA-4-768x1024.jpg\" alt=\"\" class=\"wp-image-1738\" srcset=\"https:\/\/fiestanacionaldelchamame.com.ar\/wp-content\/uploads\/2025\/01\/CHAMAME-ES-CULTURA-4-768x1024.jpg 768w, https:\/\/fiestanacionaldelchamame.com.ar\/wp-content\/uploads\/2025\/01\/CHAMAME-ES-CULTURA-4-225x300.jpg 225w, https:\/\/fiestanacionaldelchamame.com.ar\/wp-content\/uploads\/2025\/01\/CHAMAME-ES-CULTURA-4-300x400.jpg 300w, https:\/\/fiestanacionaldelchamame.com.ar\/wp-content\/uploads\/2025\/01\/CHAMAME-ES-CULTURA-4-850x1133.jpg 850w, https:\/\/fiestanacionaldelchamame.com.ar\/wp-content\/uploads\/2025\/01\/CHAMAME-ES-CULTURA-4.jpg 960w\" sizes=\"(max-width: 768px) 100vw, 768px\" \/><\/figure>\n\n\n\n<p>El director del Museo de Bellas Artes, Pablo Guiglioni, inaugur\u00f3 la muestra Chamam\u00e9 es Cultura, y se expres\u00f3 sobre las obras de arte y su importancia dentro de la Fiesta Nacional del Chamam\u00e9.<\/p>\n\n\n\n<p>La muestra Chamam\u00e9 es Cultura est\u00e1 distribuida en dos salas del museo, en la sala &#8220;Justa D\u00edaz de Vivar&#8221; donde se exhiben pinturas y en la sala de conferencias &#8220;Elo\u00edsa Torrent&#8221; se encuentran las esculturas. Todas estas obras est\u00e1n inspiradas en letras de Chamam\u00e9. Algunas de las obras son patrimonio del Museo y otras pertenecen a la colecci\u00f3n privada de Pablo Guiglioni.<\/p>\n\n\n\n<figure class=\"wp-block-image size-large\"><img decoding=\"async\" width=\"768\" height=\"1024\" src=\"https:\/\/fiestanacionaldelchamame.com.ar\/wp-content\/uploads\/2025\/01\/CHAMAME-ES-CULTURA-10-768x1024.jpg\" alt=\"\" class=\"wp-image-1739\" srcset=\"https:\/\/fiestanacionaldelchamame.com.ar\/wp-content\/uploads\/2025\/01\/CHAMAME-ES-CULTURA-10-768x1024.jpg 768w, https:\/\/fiestanacionaldelchamame.com.ar\/wp-content\/uploads\/2025\/01\/CHAMAME-ES-CULTURA-10-225x300.jpg 225w, https:\/\/fiestanacionaldelchamame.com.ar\/wp-content\/uploads\/2025\/01\/CHAMAME-ES-CULTURA-10-1152x1536.jpg 1152w, https:\/\/fiestanacionaldelchamame.com.ar\/wp-content\/uploads\/2025\/01\/CHAMAME-ES-CULTURA-10-1536x2048.jpg 1536w, https:\/\/fiestanacionaldelchamame.com.ar\/wp-content\/uploads\/2025\/01\/CHAMAME-ES-CULTURA-10-300x400.jpg 300w, https:\/\/fiestanacionaldelchamame.com.ar\/wp-content\/uploads\/2025\/01\/CHAMAME-ES-CULTURA-10-850x1133.jpg 850w, https:\/\/fiestanacionaldelchamame.com.ar\/wp-content\/uploads\/2025\/01\/CHAMAME-ES-CULTURA-10-scaled.jpg 1920w\" sizes=\"(max-width: 768px) 100vw, 768px\" \/><\/figure>\n\n\n\n<p>Se pueden apreciar obras de Chela G\u00f3mez Morilla, Norma Capponcelli, Carlos Longa, Mauro Santamar\u00eda, Juan Carlos Soto, Juan Pablo Arias, entre otras. Cabe destacar que el museo est\u00e1 abierto de lunes a lunes, inclusive fines de semana.<\/p>\n\n\n\n<figure class=\"wp-block-image size-large\"><img decoding=\"async\" width=\"768\" height=\"1024\" src=\"https:\/\/fiestanacionaldelchamame.com.ar\/wp-content\/uploads\/2025\/01\/CHAMAME-ES-CULTURA-9-768x1024.jpg\" alt=\"\" class=\"wp-image-1740\" srcset=\"https:\/\/fiestanacionaldelchamame.com.ar\/wp-content\/uploads\/2025\/01\/CHAMAME-ES-CULTURA-9-768x1024.jpg 768w, https:\/\/fiestanacionaldelchamame.com.ar\/wp-content\/uploads\/2025\/01\/CHAMAME-ES-CULTURA-9-225x300.jpg 225w, https:\/\/fiestanacionaldelchamame.com.ar\/wp-content\/uploads\/2025\/01\/CHAMAME-ES-CULTURA-9-300x400.jpg 300w, https:\/\/fiestanacionaldelchamame.com.ar\/wp-content\/uploads\/2025\/01\/CHAMAME-ES-CULTURA-9-850x1133.jpg 850w, https:\/\/fiestanacionaldelchamame.com.ar\/wp-content\/uploads\/2025\/01\/CHAMAME-ES-CULTURA-9.jpg 960w\" sizes=\"(max-width: 768px) 100vw, 768px\" \/><\/figure>\n\n\n\n<p>Durante la inauguraci\u00f3n, el director del Museo expres\u00f3: \u201cEs importante venir a visitar estas muestras porque el p\u00fablico encontrar\u00e1 una s\u00edntesis de lo que es nuestra m\u00fasica desde la mirada de importantes artistas. El chamam\u00e9 va m\u00e1s all\u00e1 de la m\u00fasica, el chamam\u00e9 es nuestra forma de ser, nuestra idiosincrasia, nuestra religi\u00f3n, representa nuestra nostalgia &#8211; nuestra a\u00f1oranza, nuestros amores, nuestros seres m\u00e1s queridos. Cuando una persona escucha un chamam\u00e9 vuelve a lo m\u00e1s puro que tiene en su interior, a lo m\u00e1s lindo que tiene. En este contexto es fundamental valorar nuestra m\u00fasica y que podamos disfrutar de esta muestra que es arte pl\u00e1stica y escultura, encontrar\u00e1n aqu\u00ed la esencia del arte con una mirada desde la m\u00fasica\u201d.<\/p>\n","protected":false},"excerpt":{"rendered":"<p>AV\u00cdO DEL ALMA El Gobierno de Corrientes, a trav\u00e9s del Instituto de Cultura,organiza la 34\u00aa edici\u00f3n de la Fiesta Nacional del Chamam\u00e9, 20\u00aa Fiesta del Mercosur y 4\u00aa Celebraci\u00f3n Mundial. En este marco se inaugur\u00f3 la muestra Chamam\u00e9 es Cultura, en el Museo de Bellas Artes Dr. Juan Ram\u00f3n Vidal. El director del Museo de&#8230;<\/p>\n","protected":false},"author":1,"featured_media":0,"comment_status":"open","ping_status":"closed","sticky":false,"template":"","format":"standard","meta":{"footnotes":""},"categories":[1],"tags":[],"class_list":["post-1737","post","type-post","status-publish","format-standard","hentry","category-noticias"],"_links":{"self":[{"href":"https:\/\/fiestanacionaldelchamame.com.ar\/index.php?rest_route=\/wp\/v2\/posts\/1737","targetHints":{"allow":["GET"]}}],"collection":[{"href":"https:\/\/fiestanacionaldelchamame.com.ar\/index.php?rest_route=\/wp\/v2\/posts"}],"about":[{"href":"https:\/\/fiestanacionaldelchamame.com.ar\/index.php?rest_route=\/wp\/v2\/types\/post"}],"author":[{"embeddable":true,"href":"https:\/\/fiestanacionaldelchamame.com.ar\/index.php?rest_route=\/wp\/v2\/users\/1"}],"replies":[{"embeddable":true,"href":"https:\/\/fiestanacionaldelchamame.com.ar\/index.php?rest_route=%2Fwp%2Fv2%2Fcomments&post=1737"}],"version-history":[{"count":1,"href":"https:\/\/fiestanacionaldelchamame.com.ar\/index.php?rest_route=\/wp\/v2\/posts\/1737\/revisions"}],"predecessor-version":[{"id":1741,"href":"https:\/\/fiestanacionaldelchamame.com.ar\/index.php?rest_route=\/wp\/v2\/posts\/1737\/revisions\/1741"}],"wp:attachment":[{"href":"https:\/\/fiestanacionaldelchamame.com.ar\/index.php?rest_route=%2Fwp%2Fv2%2Fmedia&parent=1737"}],"wp:term":[{"taxonomy":"category","embeddable":true,"href":"https:\/\/fiestanacionaldelchamame.com.ar\/index.php?rest_route=%2Fwp%2Fv2%2Fcategories&post=1737"},{"taxonomy":"post_tag","embeddable":true,"href":"https:\/\/fiestanacionaldelchamame.com.ar\/index.php?rest_route=%2Fwp%2Fv2%2Ftags&post=1737"}],"curies":[{"name":"wp","href":"https:\/\/api.w.org\/{rel}","templated":true}]}}