{"id":1695,"date":"2025-01-15T07:29:47","date_gmt":"2025-01-15T10:29:47","guid":{"rendered":"https:\/\/fiestanacionaldelchamame.com.ar\/?p=1695"},"modified":"2025-01-15T07:29:48","modified_gmt":"2025-01-15T10:29:48","slug":"presentacion-del-libro-viracambota-chamame-cancion-politica","status":"publish","type":"post","link":"https:\/\/fiestanacionaldelchamame.com.ar\/?p=1695","title":{"rendered":"Presentaci\u00f3n del libro \u201cViracambota. Chamam\u00e9, canci\u00f3n pol\u00edtica\u201d"},"content":{"rendered":"\n<h2 class=\"wp-block-heading\">\u201cAV\u00cdO DEL ALMA\u201d<\/h2>\n\n\n\n<p>El mi\u00e9rcoles 15 de enero, a las 20, en el marco de la 34\u00aa edici\u00f3n de la Fiesta Nacional del Chamam\u00e9, 20\u00aa Fiesta del Mercosur y 4\u00aa Celebraci\u00f3n Mundial se presentar\u00e1 \u201cViracambota. Chamam\u00e9, canci\u00f3n pol\u00edtica\u201d del periodista Paulo Ferreyra. La cita es en el Museo Provincial de Bellas Artes Doctor Juan Ram\u00f3n Vidal. Estar\u00e1n presentes el autor junto a la licenciada Julieta Carbajal para hablar del libro. Habr\u00e1 m\u00fasica de la mano de Carlos Daniel y Osvaldo Burgos. El libro llega de la mano de la Universidad Nacional del Nordeste, Centro Cultural Universitario CCU y EUDENE.<\/p>\n\n\n\n<p>Viracambota es el fruto de un trabajo riguroso de tres largos a\u00f1os. \u201cHubo muchas llamadas telef\u00f3nicas y encuentros presenciales entre 2019 y el 2021. Me embarqu\u00e9 en hacer estas cinco entrevistas con Joselo Schuap, Susy de Pompert, Juli\u00e1n Zini, Teresa Parodi y Lucas Segovia. Trabaj\u00e9 con Emilio Cicco la estructura general del libro y con Maia Eir\u00edn la revisi\u00f3n final de cada palabra. Estos artistas desaf\u00edan la gravedad con importantes canciones. La ilustraci\u00f3n de tapa del libro pertenece al artista Diego Figueroa. Las entrevistas buscaron revelar c\u00f3mo construyen y c\u00f3mo procesan la realidad social en clave po\u00e9tica. Ellas y ellos est\u00e1n fundando la canci\u00f3n del litoral del presente siglo\u201d, expres\u00f3 Paulo Ferreyra.<\/p>\n\n\n\n<figure class=\"wp-block-image size-large\"><img fetchpriority=\"high\" decoding=\"async\" width=\"1024\" height=\"1024\" src=\"https:\/\/fiestanacionaldelchamame.com.ar\/wp-content\/uploads\/2025\/01\/CALENDARIO-CHAMAMECERO-3-1024x1024.jpeg\" alt=\"\" class=\"wp-image-1696\" srcset=\"https:\/\/fiestanacionaldelchamame.com.ar\/wp-content\/uploads\/2025\/01\/CALENDARIO-CHAMAMECERO-3-1024x1024.jpeg 1024w, https:\/\/fiestanacionaldelchamame.com.ar\/wp-content\/uploads\/2025\/01\/CALENDARIO-CHAMAMECERO-3-300x300.jpeg 300w, https:\/\/fiestanacionaldelchamame.com.ar\/wp-content\/uploads\/2025\/01\/CALENDARIO-CHAMAMECERO-3-150x150.jpeg 150w, https:\/\/fiestanacionaldelchamame.com.ar\/wp-content\/uploads\/2025\/01\/CALENDARIO-CHAMAMECERO-3-768x768.jpeg 768w, https:\/\/fiestanacionaldelchamame.com.ar\/wp-content\/uploads\/2025\/01\/CALENDARIO-CHAMAMECERO-3-850x850.jpeg 850w, https:\/\/fiestanacionaldelchamame.com.ar\/wp-content\/uploads\/2025\/01\/CALENDARIO-CHAMAMECERO-3.jpeg 1200w\" sizes=\"(max-width: 1024px) 100vw, 1024px\" \/><\/figure>\n\n\n\n<p>El periodista y escritor Emilio Cicco agreg\u00f3: \u201cUno de los debates m\u00e1s valiosos que aporta su libro es el de posicionar a los m\u00fasicos con los pies en la tierra. Despojado del clich\u00e9 de que los m\u00fasicos viven en una burbuja, ocupados s\u00f3lo por su arte, este pu\u00f1ado de entrevistas cala hondo en la psiquis creativa y concluye que los artistas tienen, m\u00e1s que todos nosotros, m\u00e1s anclaje en la realidad de lo que imaginamos\u201d.<\/p>\n","protected":false},"excerpt":{"rendered":"<p>\u201cAV\u00cdO DEL ALMA\u201d El mi\u00e9rcoles 15 de enero, a las 20, en el marco de la 34\u00aa edici\u00f3n de la Fiesta Nacional del Chamam\u00e9, 20\u00aa Fiesta del Mercosur y 4\u00aa Celebraci\u00f3n Mundial se presentar\u00e1 \u201cViracambota. Chamam\u00e9, canci\u00f3n pol\u00edtica\u201d del periodista Paulo Ferreyra. La cita es en el Museo Provincial de Bellas Artes Doctor Juan Ram\u00f3n&#8230;<\/p>\n","protected":false},"author":1,"featured_media":0,"comment_status":"open","ping_status":"closed","sticky":false,"template":"","format":"standard","meta":{"footnotes":""},"categories":[1],"tags":[],"class_list":["post-1695","post","type-post","status-publish","format-standard","hentry","category-noticias"],"_links":{"self":[{"href":"https:\/\/fiestanacionaldelchamame.com.ar\/index.php?rest_route=\/wp\/v2\/posts\/1695","targetHints":{"allow":["GET"]}}],"collection":[{"href":"https:\/\/fiestanacionaldelchamame.com.ar\/index.php?rest_route=\/wp\/v2\/posts"}],"about":[{"href":"https:\/\/fiestanacionaldelchamame.com.ar\/index.php?rest_route=\/wp\/v2\/types\/post"}],"author":[{"embeddable":true,"href":"https:\/\/fiestanacionaldelchamame.com.ar\/index.php?rest_route=\/wp\/v2\/users\/1"}],"replies":[{"embeddable":true,"href":"https:\/\/fiestanacionaldelchamame.com.ar\/index.php?rest_route=%2Fwp%2Fv2%2Fcomments&post=1695"}],"version-history":[{"count":1,"href":"https:\/\/fiestanacionaldelchamame.com.ar\/index.php?rest_route=\/wp\/v2\/posts\/1695\/revisions"}],"predecessor-version":[{"id":1697,"href":"https:\/\/fiestanacionaldelchamame.com.ar\/index.php?rest_route=\/wp\/v2\/posts\/1695\/revisions\/1697"}],"wp:attachment":[{"href":"https:\/\/fiestanacionaldelchamame.com.ar\/index.php?rest_route=%2Fwp%2Fv2%2Fmedia&parent=1695"}],"wp:term":[{"taxonomy":"category","embeddable":true,"href":"https:\/\/fiestanacionaldelchamame.com.ar\/index.php?rest_route=%2Fwp%2Fv2%2Fcategories&post=1695"},{"taxonomy":"post_tag","embeddable":true,"href":"https:\/\/fiestanacionaldelchamame.com.ar\/index.php?rest_route=%2Fwp%2Fv2%2Ftags&post=1695"}],"curies":[{"name":"wp","href":"https:\/\/api.w.org\/{rel}","templated":true}]}}