{"id":1693,"date":"2025-01-14T07:22:06","date_gmt":"2025-01-14T10:22:06","guid":{"rendered":"https:\/\/fiestanacionaldelchamame.com.ar\/?p=1693"},"modified":"2025-01-15T07:25:00","modified_gmt":"2025-01-15T10:25:00","slug":"mas-de-40-actividades-forman-parte-de-la-34a-fiesta-nacional-del-chamame","status":"publish","type":"post","link":"https:\/\/fiestanacionaldelchamame.com.ar\/?p=1693","title":{"rendered":"M\u00e1s de 40 actividades forman parte de la 34\u00aa Fiesta Nacional del Chamam\u00e9"},"content":{"rendered":"\n<h2 class=\"wp-block-heading\">\u201cAV\u00cdO DEL ALMA\u201d<\/h2>\n\n\n\n<p>El Gobierno de la Provincia de Corrientes, a trav\u00e9s del Instituto de Cultura, ultima los detalles para las 10 noches de celebraci\u00f3n chamamecera en el anfiteatro Mario del Tr\u00e1nsito Cocomarola, que dar\u00e1n inicio este viernes 17 de enero. Y adem\u00e1s invita a toda la poblaci\u00f3n correntina y visitantes a sumarse a la fiesta grande que ya se vive a pleno con distintas propuestas, en el marco del programa \u201cCorrientes es chamam\u00e9\u201d.<\/p>\n\n\n\n<p>\u201cComenz\u00f3 hoy el ciclo \u201cChamam\u00e9 es salud\u201d, con actividades en hospitales, residencias para la tercera edad y contextos de encierro, y ya hace varios d\u00edas se vienen desarrollando pe\u00f1as, bailantas y festivales en espacios p\u00fablicos, museos y distintos establecimientos. Adem\u00e1s, a partir de este mi\u00e9rcoles 14 de enero, se pondr\u00e1 en marcha el ciclo \u201cChamam\u00e9 es cultura\u201d con conversatorios, muestras y presentaciones de libro\u201d, se\u00f1al\u00f3 la presidente del Instituto de Cultura de Corrientes, Beatriz Kunin.<\/p>\n\n\n\n<p>Destac\u00f3 tambi\u00e9n que la Fiesta Nacional del Chamam\u00e9 se disfrutar\u00e1 con bailantas oficiales en distintos municipios de la provincia. Est\u00e1n confirmadas en las localidades de Riachuelo, Goya, Santa Rosa, Derqui, San Luis del Palmar, Mburucuy\u00e1, Ramada Paso, San Cosme y El Sombrero.<\/p>\n\n\n\n<p>Invit\u00f3 a seguir las cuentas de Instagram @culturacorrientes y @fnchamame para conocer la programaci\u00f3n y seguir d\u00eda a d\u00eda las propuestas chamameceras programadas.<\/p>\n\n\n\n<p><strong>PROGRAMA: \u201cCORRIENTES ES CHAMAM\u00c9\u201d<\/strong><\/p>\n\n\n\n<p>Ciclos:<\/p>\n\n\n\n<p>\u201cChamam\u00e9 es salud\u201d<\/p>\n\n\n\n<p>\u201cChamam\u00e9 es cultura\u201d<\/p>\n\n\n\n<p>Actividades:<\/p>\n\n\n\n<p>Pe\u00f1as Oficiales<\/p>\n\n\n\n<p>Bailantas Oficiales<\/p>\n\n\n\n<p>Conversatorios<\/p>\n\n\n\n<p>Muestras\/ presentaciones de libros<\/p>\n\n\n\n<p><strong>Martes 14<\/strong><\/p>\n\n\n\n<p>09:30: Chamam\u00e9 es salud<\/p>\n\n\n\n<p>Hogar de Ancianos \u201cJuana Costa de Chapo\u201d<\/p>\n\n\n\n<p>Act\u00faa: La Pilarcita<\/p>\n\n\n\n<p>21:00: Pe\u00f1a Chamamecera<\/p>\n\n\n\n<p>Museo de Ciencias Naturales Amado Bonpland<\/p>\n\n\n\n<p>Avenida Costanera y Don Bosco<\/p>\n\n\n\n<p>Act\u00faan: Samuelito, Ignacio Porras, Vicky S\u00e1nchez, Bianca Almir\u00f3n y Carolina Maidana.<\/p>\n\n\n\n<p><strong>Mi\u00e9rcoles 15<\/strong><\/p>\n\n\n\n<p>11:00: Chamam\u00e9 es salud<\/p>\n\n\n\n<p>Hospital Dr. Jos\u00e9 Ram\u00f3n Vidal<\/p>\n\n\n\n<p>Act\u00faan: Angir\u00fa \u2013 Cacho Esp\u00edndola<\/p>\n\n\n\n<p>20:00: Presentaci\u00f3n del libro \u201cViracambota \u2013 Chamam\u00e9, canci\u00f3n pol\u00edtica\u201d de Paulo Ferreyra, acompa\u00f1ado por Julieta Carbajal y los m\u00fasicos Osvaldo Burgos y Carlos Daniel.<\/p>\n\n\n\n<p>Museo Provincial de Bellas Artes Dr. Juan Ram\u00f3n Vidal<\/p>\n\n\n\n<p><strong>Jueves 16<\/strong><\/p>\n\n\n\n<p>10:00: Chamam\u00e9 es salud<\/p>\n\n\n\n<p>Establecimiento Penitenciario Instituto Pelletier<\/p>\n\n\n\n<p>Act\u00faan: Lorena Larrea Catterino \u2013 Luli Fern\u00e1ndez<\/p>\n\n\n\n<p>19:00: Chamam\u00e9 es salud<\/p>\n\n\n\n<p>Fundaci\u00f3n Rosa Salvia de Laurenzana \u2013 Mburucuy\u00e1<\/p>\n\n\n\n<p>Act\u00faa: Daniel Gim\u00e9nez Tr\u00edo<\/p>\n\n\n\n<p>20:00: Conversatorio con Ra\u00fal Barboza, moderador Arq. Gabriel Romero, decano de la FADyCC &#8211; UNNE<\/p>\n\n\n\n<p>Museo de Ciencias Naturales Amado Bonpland<\/p>\n\n\n\n<p>Avenida Costanera y Don Bosco<\/p>\n\n\n\n<p>21:00: Pe\u00f1a \u00d1anderek\u00f3<\/p>\n\n\n\n<p>Act\u00faan: Academia del Profesor Alejandro Romero \u2013 Pablo del Valle y Fern\u00e1ndez \u2013 Tarag\u00fc\u00ed C\u00f3e \u2013 Mat\u00edas Galarza \u2013 Walter Fern\u00e1ndez \u2013 Leo Acu\u00f1a<\/p>\n\n\n\n<p>21:30: Encuentro de cuerdas. Presentaci\u00f3n de la Dra. Mar\u00eda Gabriela Basualdo.<\/p>\n\n\n\n<p>Act\u00faan: Rudi Flores \u2013 Fabio Acevedo \u2013 Arturo Torres \u2013 Jorge Bernardez \u2013 Mart\u00edn Sena \u2013 Diego Flores. Participaci\u00f3n especial: Hugo Scofano.<\/p>\n\n\n\n<p>Museo de Ciencias Naturales Amado Bonpland<\/p>\n\n\n\n<p>Avenida Costanera y Don Bosco<\/p>\n\n\n\n<p>22:00: Pe\u00f1a Chamamecera \u2013 1588 La Fundaci\u00f3n (Jun\u00edn 1687)<\/p>\n\n\n\n<p>Act\u00faa: Anal\u00eda Esp\u00edndola<\/p>\n\n\n\n<p><strong>Viernes 17<\/strong><\/p>\n\n\n\n<p>20:00: Bailanta Oficial El futuro es Chamam\u00e9<\/p>\n\n\n\n<p>Anfiteatro Municipal del Puerto Local &#8211; Esquina<\/p>\n\n\n\n<p>Act\u00faan: Estrella del Litoral \u2013 Refugio Musiquero \u2013 Grupo Tup\u00e1<\/p>\n\n\n\n<p>21:00: Inauguraci\u00f3n 34\u00aa Fiesta Nacional del Chamam\u00e9, 20\u00aa Fiesta del MERCOSUR y 4ta Celebraci\u00f3n Mundial \u201cChamam\u00e9, av\u00edo del alma\u201d<\/p>\n\n\n\n<p>Anfiteatro Mario del Tr\u00e1nsito Cocomarola<\/p>\n\n\n\n<p>22:00: Pe\u00f1a El Mariscal<\/p>\n\n\n\n<p>Estaci\u00f3n El Mariscal (Avenida Maip\u00fa 2777)<\/p>\n\n\n\n<p>Act\u00faa: Abel Lencinas<\/p>\n\n\n\n<p>22:00: Pe\u00f1a Chamamecera 1588 \u2013 1588 La Fundaci\u00f3n (Junin 1687)<\/p>\n\n\n\n<p>Act\u00faa: Abel Lencina<\/p>\n\n\n\n<p><strong>S\u00e1bado 18 de enero<\/strong><\/p>\n\n\n\n<p>12:30 Enchamigada Chamamecera \u2013 Sal\u00f3n Cultural \u2013 San Luis del Palmar<\/p>\n\n\n\n<p>Actuar\u00e1n: Emiliano L\u00f3pez y su conjunto con Pinita Chaz<\/p>\n\n\n\n<p>18:30: Inauguraci\u00f3n muestra \u201cChamam\u00e9 es Cultura\u201d, Museo Provincial de Bellas Artes Dr. Juan Ram\u00f3n Vidal<\/p>\n\n\n\n<p>19:00: Chamam\u00e9 es Cultura<\/p>\n\n\n\n<p>Plaza La Tradici\u00f3n &#8211; Barrio San Ger\u00f3nimo<\/p>\n\n\n\n<p>Act\u00faan: Rub\u00e9n Dar\u00edo y su grupo Vivencia \u2013 Emanuel y sus Tarragoseros \u2013 H\u00e9roes de Malvinas \u2013 Vicente Franco y sus criollos<\/p>\n\n\n\n<p>19:00: Festival Barrial del Chamam\u00e9<\/p>\n\n\n\n<p>Plaza del Barrio Pirayu\u00ed (Rafael B y Cuba)<\/p>\n\n\n\n<p>Act\u00faan: Los Primos del Chamam\u00e9 \u2013 Los Mellizos Rodr\u00edguez \u2013 Brian Acevedo y su conjunto<\/p>\n\n\n\n<p>20:00: Bailanta Chamamecera El futuro es Chamam\u00e9\u2013 Playa del Sol &#8211; Estaci\u00f3n Manuel Derqui<\/p>\n\n\n\n<p>Act\u00faan: Los Hermanos Escalante y los Gemelos Vallejos &#8211; La Pilarcita &#8211; Tup\u00e1<\/p>\n\n\n\n<p>22:00: Pe\u00f1a El Mariscal \u2013 Estaci\u00f3n Mariscal (Avenida Maip\u00fa 2777)<\/p>\n\n\n\n<p>Act\u00faa: Jorge Suligoy<\/p>\n\n\n\n<p>22:00: Pe\u00f1a Chamamecera 1588 \u2013 1588 La Fundaci\u00f3n (Junin 1687)<\/p>\n\n\n\n<p>Act\u00faa: Leo Acu\u00f1a<\/p>\n\n\n\n<p>22:00: Bailanta Oficial Pista San Jorge<\/p>\n\n\n\n<p>Act\u00faan: Los Sena \u2013 Los Reales del Litoral \u2013 Bianca Almir\u00f3n y Carolina Maidana \u2013 Los Matu\u00e1 Mercede\u00f1os \u2013 Los nuevos vecinos \u2013 Los amigos del chamam\u00e9<\/p>\n\n\n\n<p>22:00: Bailanta Oficial de San Cosme \u2013 Plaza Mitre<\/p>\n\n\n\n<p>Act\u00faan: Ariel Gauna y su nueva propuesta \u2013 El Gringo Agust\u00edn Acu\u00f1a \u2013 David Zaracho y los del interior- La junta chamamecera \u2013 Los amigos del Chamam\u00e9 \u2013 El poderoso Javier Sol\u00eds<\/p>\n\n\n\n<p><strong>Domingo 19<\/strong><\/p>\n\n\n\n<p>19:00: Festival Barrial del Chamam\u00e9<\/p>\n\n\n\n<p>Plaza San Jos\u00e9 (Barrio San Jos\u00e9 \u2013 Luis Braille y Darragueiras)<\/p>\n\n\n\n<p>Act\u00faan: Los Cara\u00ed del Chamam\u00e9 \u2013 Kevin Gonz\u00e1lez \u2013 B\u00e1rbara Ram\u00edrez Grupo<\/p>\n\n\n\n<p>19:00 Chamam\u00e9 es Cultura<\/p>\n\n\n\n<p>Plazoleta Espa\u00f1a \u2013 Rotonda Poncho Verde<\/p>\n\n\n\n<p>Act\u00faan: Sim\u00f3n Morales y su conjunto \u2013 Los criollos de San Luis \u2013 Che Roga \u2013 Adolfo Alegre<\/p>\n\n\n\n<p>22:00: Pe\u00f1a Chamamecera 1588- 1588 La Fundaci\u00f3n<\/p>\n\n\n\n<p>Act\u00faa: Luis Galeano y los Cautivantes (Py)<\/p>\n\n\n\n<p>22:00: Pe\u00f1a El Mariscal \u2013 Estaci\u00f3n Mariscal<\/p>\n\n\n\n<p>Act\u00faa: Conjunto Nuevo Horizonte<\/p>\n","protected":false},"excerpt":{"rendered":"<p>\u201cAV\u00cdO DEL ALMA\u201d El Gobierno de la Provincia de Corrientes, a trav\u00e9s del Instituto de Cultura, ultima los detalles para las 10 noches de celebraci\u00f3n chamamecera en el anfiteatro Mario del Tr\u00e1nsito Cocomarola, que dar\u00e1n inicio este viernes 17 de enero. Y adem\u00e1s invita a toda la poblaci\u00f3n correntina y visitantes a sumarse a la&#8230;<\/p>\n","protected":false},"author":1,"featured_media":0,"comment_status":"open","ping_status":"closed","sticky":false,"template":"","format":"standard","meta":{"footnotes":""},"categories":[1],"tags":[],"class_list":["post-1693","post","type-post","status-publish","format-standard","hentry","category-noticias"],"_links":{"self":[{"href":"https:\/\/fiestanacionaldelchamame.com.ar\/index.php?rest_route=\/wp\/v2\/posts\/1693","targetHints":{"allow":["GET"]}}],"collection":[{"href":"https:\/\/fiestanacionaldelchamame.com.ar\/index.php?rest_route=\/wp\/v2\/posts"}],"about":[{"href":"https:\/\/fiestanacionaldelchamame.com.ar\/index.php?rest_route=\/wp\/v2\/types\/post"}],"author":[{"embeddable":true,"href":"https:\/\/fiestanacionaldelchamame.com.ar\/index.php?rest_route=\/wp\/v2\/users\/1"}],"replies":[{"embeddable":true,"href":"https:\/\/fiestanacionaldelchamame.com.ar\/index.php?rest_route=%2Fwp%2Fv2%2Fcomments&post=1693"}],"version-history":[{"count":1,"href":"https:\/\/fiestanacionaldelchamame.com.ar\/index.php?rest_route=\/wp\/v2\/posts\/1693\/revisions"}],"predecessor-version":[{"id":1694,"href":"https:\/\/fiestanacionaldelchamame.com.ar\/index.php?rest_route=\/wp\/v2\/posts\/1693\/revisions\/1694"}],"wp:attachment":[{"href":"https:\/\/fiestanacionaldelchamame.com.ar\/index.php?rest_route=%2Fwp%2Fv2%2Fmedia&parent=1693"}],"wp:term":[{"taxonomy":"category","embeddable":true,"href":"https:\/\/fiestanacionaldelchamame.com.ar\/index.php?rest_route=%2Fwp%2Fv2%2Fcategories&post=1693"},{"taxonomy":"post_tag","embeddable":true,"href":"https:\/\/fiestanacionaldelchamame.com.ar\/index.php?rest_route=%2Fwp%2Fv2%2Ftags&post=1693"}],"curies":[{"name":"wp","href":"https:\/\/api.w.org\/{rel}","templated":true}]}}