{"id":1690,"date":"2025-01-14T07:16:48","date_gmt":"2025-01-14T10:16:48","guid":{"rendered":"https:\/\/fiestanacionaldelchamame.com.ar\/?p=1690"},"modified":"2025-01-15T07:21:08","modified_gmt":"2025-01-15T10:21:08","slug":"chamame-es-salud-llevo-musica-y-danza-al-hogar-juana-costa-de-chapo","status":"publish","type":"post","link":"https:\/\/fiestanacionaldelchamame.com.ar\/?p=1690","title":{"rendered":"\u201cChamam\u00e9 es salud\u201d llev\u00f3 m\u00fasica y danza al hogar Juana Costa de Chapo"},"content":{"rendered":"\n<h2 class=\"wp-block-heading\">\u201cAV\u00cdO DEL ALMA\u201d<\/h2>\n\n\n\n<p>Inici\u00f3 hoy a la ma\u00f1ana el ciclo &#8220;Chamam\u00e9 es salud&#8221; en el Hogar de Ancianos \u201cJuana Costa de Chapo&#8221;, como parte del programa \u201cCorrientes es Chamam\u00e9\u201d, en el marco de la 34\u00aa Fiesta Nacional del Chamam\u00e9. Con el objetivo de llevar la celebraci\u00f3n chamamecera a distintas instituciones de la ciudad, la m\u00fasica y la danza desembarcaron de la mano de La Pilarcita y parejas de baile invitadas. Los adultos mayores aplaudieron, cantaron y se animaron a varios sapakai.<\/p>\n\n\n\n<p>Se trata de una propuesta organizada por el Gobierno de Corrientes, a trav\u00e9s del Instituto de Cultura, que busca llevar la alegr\u00eda y la m\u00fasica del chamam\u00e9 a todos los rincones de la capital correntina.<\/p>\n\n\n\n<p>En el patio del hogar, los adultos mayores reunidos, disfrutaron del estilo de la inconfundible acordeonista, quien despleg\u00f3 sin pausa un repertorio tarragosero, valseados y algunos cl\u00e1sicos del g\u00e9nero tradicional. Fiel a sus presentaciones se acerc\u00f3 a su p\u00fablico y los anim\u00f3 a cantar, hacer algunos pasos y hasta varios sapukai.<\/p>\n\n\n\n<p>La picard\u00eda de la artista se despleg\u00f3 con varios recitados dirigidas a Antonio Mu\u00f1oz de Los Incansables del Chamam\u00e9 -invitado por la artista-, quien se sum\u00f3 para sacar a bailar a varias damas; de la misma manera se integraron varias parejas de baile de Sentido Folclore, dirigidas por el profesor Ariel Castillo, completando el espect\u00e1culo.<\/p>\n\n\n\n<figure class=\"wp-block-image size-large\"><img fetchpriority=\"high\" decoding=\"async\" width=\"1024\" height=\"1024\" src=\"https:\/\/fiestanacionaldelchamame.com.ar\/wp-content\/uploads\/2025\/01\/CALENDARIO-CHAMAMECERO-2-1024x1024.jpeg\" alt=\"\" class=\"wp-image-1691\" srcset=\"https:\/\/fiestanacionaldelchamame.com.ar\/wp-content\/uploads\/2025\/01\/CALENDARIO-CHAMAMECERO-2-1024x1024.jpeg 1024w, https:\/\/fiestanacionaldelchamame.com.ar\/wp-content\/uploads\/2025\/01\/CALENDARIO-CHAMAMECERO-2-300x300.jpeg 300w, https:\/\/fiestanacionaldelchamame.com.ar\/wp-content\/uploads\/2025\/01\/CALENDARIO-CHAMAMECERO-2-150x150.jpeg 150w, https:\/\/fiestanacionaldelchamame.com.ar\/wp-content\/uploads\/2025\/01\/CALENDARIO-CHAMAMECERO-2-768x768.jpeg 768w, https:\/\/fiestanacionaldelchamame.com.ar\/wp-content\/uploads\/2025\/01\/CALENDARIO-CHAMAMECERO-2-850x850.jpeg 850w, https:\/\/fiestanacionaldelchamame.com.ar\/wp-content\/uploads\/2025\/01\/CALENDARIO-CHAMAMECERO-2.jpeg 1200w\" sizes=\"(max-width: 1024px) 100vw, 1024px\" \/><\/figure>\n\n\n\n<p>\u201cEste ciclo tiene como finalidad hacer parte de la Fiesta a todos aquellos que no pueden asistir al anfiteatro Cocomarola, pero que lo pueden vivenciar a trav\u00e9s de estas intervenciones art\u00edsticas\u201d, expres\u00f3 Alexis Dabat, en representaci\u00f3n del Instituto de Cultura de Corrientes, en las palabras de inauguraci\u00f3n del ciclo.<\/p>\n\n\n\n<p>La agenda del ciclo contin\u00faa ma\u00f1ana a las 11 horas en el Hospital Jos\u00e9 Ram\u00f3n Vidal con la actuaci\u00f3n de Angir\u00fa y Cacho Esp\u00edndola.<\/p>\n\n\n\n<p><\/p>\n","protected":false},"excerpt":{"rendered":"<p>\u201cAV\u00cdO DEL ALMA\u201d Inici\u00f3 hoy a la ma\u00f1ana el ciclo &#8220;Chamam\u00e9 es salud&#8221; en el Hogar de Ancianos \u201cJuana Costa de Chapo&#8221;, como parte del programa \u201cCorrientes es Chamam\u00e9\u201d, en el marco de la 34\u00aa Fiesta Nacional del Chamam\u00e9. Con el objetivo de llevar la celebraci\u00f3n chamamecera a distintas instituciones de la ciudad, la m\u00fasica&#8230;<\/p>\n","protected":false},"author":1,"featured_media":0,"comment_status":"open","ping_status":"closed","sticky":false,"template":"","format":"standard","meta":{"footnotes":""},"categories":[1],"tags":[],"class_list":["post-1690","post","type-post","status-publish","format-standard","hentry","category-noticias"],"_links":{"self":[{"href":"https:\/\/fiestanacionaldelchamame.com.ar\/index.php?rest_route=\/wp\/v2\/posts\/1690","targetHints":{"allow":["GET"]}}],"collection":[{"href":"https:\/\/fiestanacionaldelchamame.com.ar\/index.php?rest_route=\/wp\/v2\/posts"}],"about":[{"href":"https:\/\/fiestanacionaldelchamame.com.ar\/index.php?rest_route=\/wp\/v2\/types\/post"}],"author":[{"embeddable":true,"href":"https:\/\/fiestanacionaldelchamame.com.ar\/index.php?rest_route=\/wp\/v2\/users\/1"}],"replies":[{"embeddable":true,"href":"https:\/\/fiestanacionaldelchamame.com.ar\/index.php?rest_route=%2Fwp%2Fv2%2Fcomments&post=1690"}],"version-history":[{"count":1,"href":"https:\/\/fiestanacionaldelchamame.com.ar\/index.php?rest_route=\/wp\/v2\/posts\/1690\/revisions"}],"predecessor-version":[{"id":1692,"href":"https:\/\/fiestanacionaldelchamame.com.ar\/index.php?rest_route=\/wp\/v2\/posts\/1690\/revisions\/1692"}],"wp:attachment":[{"href":"https:\/\/fiestanacionaldelchamame.com.ar\/index.php?rest_route=%2Fwp%2Fv2%2Fmedia&parent=1690"}],"wp:term":[{"taxonomy":"category","embeddable":true,"href":"https:\/\/fiestanacionaldelchamame.com.ar\/index.php?rest_route=%2Fwp%2Fv2%2Fcategories&post=1690"},{"taxonomy":"post_tag","embeddable":true,"href":"https:\/\/fiestanacionaldelchamame.com.ar\/index.php?rest_route=%2Fwp%2Fv2%2Ftags&post=1690"}],"curies":[{"name":"wp","href":"https:\/\/api.w.org\/{rel}","templated":true}]}}