{"id":1685,"date":"2025-01-10T06:17:57","date_gmt":"2025-01-10T09:17:57","guid":{"rendered":"https:\/\/fiestanacionaldelchamame.com.ar\/?p=1685"},"modified":"2025-01-13T06:23:40","modified_gmt":"2025-01-13T09:23:40","slug":"continuan-las-penas-chamameceras-en-distintos-puntos-de-la-ciudad","status":"publish","type":"post","link":"https:\/\/fiestanacionaldelchamame.com.ar\/?p=1685","title":{"rendered":"Contin\u00faan las pe\u00f1as chamameceras en distintos puntos de la ciudad"},"content":{"rendered":"\n<h2 class=\"wp-block-heading\">\u201cAV\u00cdO DEL ALMA\u201d<\/h2>\n\n\n\n<p>Organizado por el Gobierno de Corrientes, a trav\u00e9s del Instituto de Cultura, realiz\u00f3 una nueva Pe\u00f1a en el marco de la 34 edici\u00f3n de la Fiesta Nacional del Chamam\u00e9, 20\u00aa Fiesta del Mercosur y 4\u00aa Celebraci\u00f3n Mundial. Este jueves fue el turno de la Pe\u00f1a Fundaci\u00f3n 1588 con la presencia del cantante y acordeonista Leo Zarur. La vela cont\u00f3 con un marco importante de p\u00fablico que adem\u00e1s acompa\u00f1\u00f3 y tambi\u00e9n dio paso a la danza en una noche m\u00e1gica. Entre el p\u00fablico presente estuvo Nicol\u00e1s C\u00e1ceres, de Los de Imaguar\u00e9, quien fue invitado a cantar un tema.<\/p>\n\n\n\n<figure class=\"wp-block-image size-large\"><img fetchpriority=\"high\" decoding=\"async\" width=\"1024\" height=\"576\" src=\"https:\/\/fiestanacionaldelchamame.com.ar\/wp-content\/uploads\/2025\/01\/02-3-1024x576.jpg\" alt=\"\" class=\"wp-image-1686\" srcset=\"https:\/\/fiestanacionaldelchamame.com.ar\/wp-content\/uploads\/2025\/01\/02-3-1024x576.jpg 1024w, https:\/\/fiestanacionaldelchamame.com.ar\/wp-content\/uploads\/2025\/01\/02-3-300x169.jpg 300w, https:\/\/fiestanacionaldelchamame.com.ar\/wp-content\/uploads\/2025\/01\/02-3-768x432.jpg 768w, https:\/\/fiestanacionaldelchamame.com.ar\/wp-content\/uploads\/2025\/01\/02-3-850x478.jpg 850w, https:\/\/fiestanacionaldelchamame.com.ar\/wp-content\/uploads\/2025\/01\/02-3.jpg 1152w\" sizes=\"(max-width: 1024px) 100vw, 1024px\" \/><\/figure>\n\n\n\n<p>Tal como viene ocurriendo en cada Pe\u00f1a que sea realiza en la ciudad, hay visitas que llegan de distintos puntos de Corrientes, pero tambi\u00e9n de otras provincias vecinas. En la noche del jueves hubo visitas especiales desde Mendoza, quienes se deleitaron con la m\u00fasica y tambi\u00e9n se animaron a pedir cl\u00e1sicos chamameceros.<\/p>\n\n\n\n<p>\u201cVoy a interpretar temas que pasaron por mi vida y que tambi\u00e9n son importantes para ustedes. Es una noche especial y los pedidos que pueda cumplir los voy a interpretar\u201d, expres\u00f3 en un momento Leo Zarur. As\u00ed hubo una primera parte donde mostr\u00f3 sus temas y despu\u00e9s el repertorio se movi\u00f3 por los pedidos del p\u00fablico. En ese marco tambi\u00e9n agradeci\u00f3 y pidi\u00f3 aplausos para referentes difusores como Guido Rodr\u00edguez, quien estuvo presente registrando cada actividad.<\/p>\n\n\n\n<p>En un mismo sentido, Nicol\u00e1s C\u00e1ceres celebr\u00f3 este espacio de pe\u00f1as chamameceras. \u201cEstos espacios son importantes para los m\u00fasicos que podemos trabajar y tambi\u00e9n para el p\u00fablico que puede disfrutar de nuestro Patrimonio de la Humanidad. Estamos caminando hacia el gran encuentro de la Fiesta Nacional del Chamam\u00e9 y no hay nada mejor que hacerlo con la mejor m\u00fasica de nuestra tierra\u201d, destac\u00f3, al tiempo que tom\u00f3 el micr\u00f3fono para interpretar un tema junto con Leo Zarur.<\/p>\n\n\n\n<figure class=\"wp-block-image size-large\"><img decoding=\"async\" width=\"1024\" height=\"576\" src=\"https:\/\/fiestanacionaldelchamame.com.ar\/wp-content\/uploads\/2025\/01\/04-4-1024x576.jpg\" alt=\"\" class=\"wp-image-1687\" srcset=\"https:\/\/fiestanacionaldelchamame.com.ar\/wp-content\/uploads\/2025\/01\/04-4-1024x576.jpg 1024w, https:\/\/fiestanacionaldelchamame.com.ar\/wp-content\/uploads\/2025\/01\/04-4-300x169.jpg 300w, https:\/\/fiestanacionaldelchamame.com.ar\/wp-content\/uploads\/2025\/01\/04-4-768x432.jpg 768w, https:\/\/fiestanacionaldelchamame.com.ar\/wp-content\/uploads\/2025\/01\/04-4-1536x864.jpg 1536w, https:\/\/fiestanacionaldelchamame.com.ar\/wp-content\/uploads\/2025\/01\/04-4-2048x1152.jpg 2048w, https:\/\/fiestanacionaldelchamame.com.ar\/wp-content\/uploads\/2025\/01\/04-4-850x478.jpg 850w\" sizes=\"(max-width: 1024px) 100vw, 1024px\" \/><\/figure>\n\n\n\n<p>Cabe destacar que la presidente del Instituto de Cultura, Beatriz Kunin, confirm\u00f3 d\u00edas atr\u00e1s la grilla art\u00edstica de la 34\u00aa Fiesta Nacional del Chamam\u00e9, 20\u00aa Fiesta del Chamam\u00e9 del MERCOSUR y 4\u00aa Celebraci\u00f3n Mundial. Durante las 10 noches de celebraci\u00f3n, del 17 al 26 de enero, actuar\u00e1n en el anfiteatro Mario del Tr\u00e1nsito Cocomarola, muchas de las principales figuras del Chamam\u00e9 a nivel mundial, al igual que invitados especiales y los talentos emergentes surgidos de los cert\u00e1menes Pre Fiesta del Chamam\u00e9.<\/p>\n\n\n\n<p><strong>PROGRAMA: \u201cCORRIENTES ES CHAMAM\u00c9\u201d<\/strong><\/p>\n\n\n\n<p><strong>Viernes 10\/01<\/strong><\/p>\n\n\n\n<p>22 hs: Pe\u00f1a Chamamecera. Museo de Ciencias Naturales Amado Bonpland<\/p>\n\n\n\n<p>Avenida Costanera y Don Bosco<\/p>\n\n\n\n<p>Act\u00faan: Consuelo Castillo \u2013 Sebasti\u00e1n Sheridan \u2013 Tono Ben\u00edtez y los Criollos de Corrientes \u2013 Los Reales del Litoral<\/p>\n\n\n\n<p>22:30 hs: Pe\u00f1a Oficial Estaci\u00f3n Mariscal (Av. Maip\u00fa 2777)<\/p>\n\n\n\n<p>Act\u00faa: Horizonte 4<\/p>\n\n\n\n<p><strong>S\u00e1bado 11\/01<\/strong><\/p>\n\n\n\n<p><em>19:00: Festival Barrial del Chamam\u00e9<\/em><\/p>\n\n\n\n<p>Plaza del Barrio Nuevo (S\u00e1nchez de Bustamante y Tupac Amar\u00fa)<\/p>\n\n\n\n<p>Act\u00faan: Conjunto San Antonio \u2013 Teko Por\u00e1 (Orlando R\u00edos) \u2013 Los Nuevos Cautivadores<\/p>\n\n\n\n<p><em>19:30: Intervenci\u00f3n art\u00edstica en Shopping Centenario<\/em><\/p>\n\n\n\n<p>La Pilarcita<\/p>\n\n\n\n<p>Ballets Invitados<\/p>\n\n\n\n<p><em>21:00: Pe\u00f1a \u00d1anderek\u00f3- Casa \u00d1andereko<\/em><\/p>\n\n\n\n<p>Act\u00faan: Academia Ale Romero \u2013 Ana Paula Romero \u2013 Laura Ebek \u2013 Mariana Ram\u00edrez \u2013 Mar\u00eda Sosa G\u00f3mez<\/p>\n\n\n\n<p><em>21:00: Bailanta Chamamecera en Goya<\/em><\/p>\n\n\n\n<p>Playa El Ing\u00e1 \u2013 Goya<\/p>\n\n\n\n<p>Act\u00faan: Grupo Chamamecero Municipal \u2013 Cara\u00ed del Chamam\u00e9 \u2013 Grupo San Jos\u00e9 (Padre Ariel Gim\u00e9nez) \u2013 Sue\u00f1o Correntino<\/p>\n\n\n\n<p><em>22:00: Pe\u00f1a Oficial Estaci\u00f3n Mariscal<\/em><\/p>\n\n\n\n<p>Ubicaci\u00f3n: Av. Maip\u00fa 2777<\/p>\n\n\n\n<p>Act\u00faan: Graciela Linares y Roberto Romero<\/p>\n\n\n\n<p>Jos\u00e9 \u00c1lvarez<\/p>\n\n\n\n<p><strong>Domingo 12\/01<\/strong><\/p>\n\n\n\n<p><em>19:00: Festival Barrial del Chamam\u00e9<\/em><\/p>\n\n\n\n<p>Plaza Capit\u00e1n Giachino (Barrio Santa Teresita)<\/p>\n\n\n\n<p>Act\u00faan: Emanuel y sus Tarragoceros \u2013 Pedro Villalba Grupo \u2013 Los Compadres<\/p>\n\n\n\n<p><\/p>\n","protected":false},"excerpt":{"rendered":"<p>\u201cAV\u00cdO DEL ALMA\u201d Organizado por el Gobierno de Corrientes, a trav\u00e9s del Instituto de Cultura, realiz\u00f3 una nueva Pe\u00f1a en el marco de la 34 edici\u00f3n de la Fiesta Nacional del Chamam\u00e9, 20\u00aa Fiesta del Mercosur y 4\u00aa Celebraci\u00f3n Mundial. Este jueves fue el turno de la Pe\u00f1a Fundaci\u00f3n 1588 con la presencia del cantante&#8230;<\/p>\n","protected":false},"author":1,"featured_media":0,"comment_status":"open","ping_status":"closed","sticky":false,"template":"","format":"standard","meta":{"footnotes":""},"categories":[1],"tags":[],"class_list":["post-1685","post","type-post","status-publish","format-standard","hentry","category-noticias"],"_links":{"self":[{"href":"https:\/\/fiestanacionaldelchamame.com.ar\/index.php?rest_route=\/wp\/v2\/posts\/1685","targetHints":{"allow":["GET"]}}],"collection":[{"href":"https:\/\/fiestanacionaldelchamame.com.ar\/index.php?rest_route=\/wp\/v2\/posts"}],"about":[{"href":"https:\/\/fiestanacionaldelchamame.com.ar\/index.php?rest_route=\/wp\/v2\/types\/post"}],"author":[{"embeddable":true,"href":"https:\/\/fiestanacionaldelchamame.com.ar\/index.php?rest_route=\/wp\/v2\/users\/1"}],"replies":[{"embeddable":true,"href":"https:\/\/fiestanacionaldelchamame.com.ar\/index.php?rest_route=%2Fwp%2Fv2%2Fcomments&post=1685"}],"version-history":[{"count":1,"href":"https:\/\/fiestanacionaldelchamame.com.ar\/index.php?rest_route=\/wp\/v2\/posts\/1685\/revisions"}],"predecessor-version":[{"id":1688,"href":"https:\/\/fiestanacionaldelchamame.com.ar\/index.php?rest_route=\/wp\/v2\/posts\/1685\/revisions\/1688"}],"wp:attachment":[{"href":"https:\/\/fiestanacionaldelchamame.com.ar\/index.php?rest_route=%2Fwp%2Fv2%2Fmedia&parent=1685"}],"wp:term":[{"taxonomy":"category","embeddable":true,"href":"https:\/\/fiestanacionaldelchamame.com.ar\/index.php?rest_route=%2Fwp%2Fv2%2Fcategories&post=1685"},{"taxonomy":"post_tag","embeddable":true,"href":"https:\/\/fiestanacionaldelchamame.com.ar\/index.php?rest_route=%2Fwp%2Fv2%2Ftags&post=1685"}],"curies":[{"name":"wp","href":"https:\/\/api.w.org\/{rel}","templated":true}]}}