{"id":1672,"date":"2025-01-07T06:35:45","date_gmt":"2025-01-07T09:35:45","guid":{"rendered":"https:\/\/fiestanacionaldelchamame.com.ar\/?p=1672"},"modified":"2025-01-10T06:49:05","modified_gmt":"2025-01-10T09:49:05","slug":"la-34a-fiesta-nacional-del-chamame-se-vive-a-pleno-en-cada-rincon-de-corrientes","status":"publish","type":"post","link":"https:\/\/fiestanacionaldelchamame.com.ar\/?p=1672","title":{"rendered":"La 34\u00aa Fiesta Nacional del Chamam\u00e9 se vive a pleno en cada rinc\u00f3n de Corrientes"},"content":{"rendered":"\n<h2 class=\"wp-block-heading\">\u201cCORRIENTES ES CHAMAM\u00c9&#8221;<\/h2>\n\n\n\n<p>Organizada por el Gobierno de Corrientes, a trav\u00e9s del Instituto de Cultura, la mayor celebraci\u00f3n de la Naci\u00f3n Chamamecera est\u00e1 en marcha y se disfruta con pe\u00f1as, festivales barriales e intervenciones art\u00edsticas. Las mismas se realizan en espacios p\u00fablicos, bares y distintos puntos de la ciudad y localidades del interior. Adem\u00e1s, a partir de la semana que viene, se sumar\u00e1n otras actividades chamameceras en instituciones y museos.<\/p>\n\n\n\n<figure class=\"wp-block-image size-full\"><img fetchpriority=\"high\" decoding=\"async\" width=\"565\" height=\"451\" src=\"https:\/\/fiestanacionaldelchamame.com.ar\/wp-content\/uploads\/2025\/01\/02-2-1.jpg\" alt=\"\" class=\"wp-image-1673\" srcset=\"https:\/\/fiestanacionaldelchamame.com.ar\/wp-content\/uploads\/2025\/01\/02-2-1.jpg 565w, https:\/\/fiestanacionaldelchamame.com.ar\/wp-content\/uploads\/2025\/01\/02-2-1-300x239.jpg 300w\" sizes=\"(max-width: 565px) 100vw, 565px\" \/><\/figure>\n\n\n\n<p>&#8220;Queremos que nadie se quede afuera de esta edici\u00f3n de la Fiesta Nacional del Chamam\u00e9, por eso est\u00e1 en marcha &#8216;Corrientes es Chamam\u00e9&#8217;, una propuesta que llevar\u00e1 m\u00fasica, danza y nuestro Av\u00edo del Alma a distintos puntos de la provincia&#8221;, expres\u00f3 la presidente del Instituto de Cultura, Beatriz Kunin.<\/p>\n\n\n\n<p>&#8220;Est\u00e1n todos invitados a formar parte de nuestra Fiesta, que tendr\u00e1 epicentro del 17 al 26 de enero en el Anfiteatro Cocomarola, y que se extender\u00e1 a toda la provincia con diferentes propuestas de celebraci\u00f3n&#8221;, agreg\u00f3.<\/p>\n\n\n\n<p>Este fin de semana contin\u00faan las pe\u00f1as en distintos bares capitalinos y este viernes 10, desde las 22, en el Museo de Ciencias Naturales Amado Bonpland (Av. Costanera General San Mart\u00edn 100).<\/p>\n\n\n\n<figure class=\"wp-block-image size-full\"><img decoding=\"async\" width=\"790\" height=\"527\" src=\"https:\/\/fiestanacionaldelchamame.com.ar\/wp-content\/uploads\/2025\/01\/01-7-1.jpg\" alt=\"\" class=\"wp-image-1674\" srcset=\"https:\/\/fiestanacionaldelchamame.com.ar\/wp-content\/uploads\/2025\/01\/01-7-1.jpg 790w, https:\/\/fiestanacionaldelchamame.com.ar\/wp-content\/uploads\/2025\/01\/01-7-1-300x200.jpg 300w, https:\/\/fiestanacionaldelchamame.com.ar\/wp-content\/uploads\/2025\/01\/01-7-1-768x512.jpg 768w\" sizes=\"(max-width: 790px) 100vw, 790px\" \/><\/figure>\n\n\n\n<p>El s\u00e1bado 10 dar\u00e1 inicio el festival barrial del Chamam\u00e9, que tendr\u00e1 su jornada inicial en la plaza del barrio Nuevo, a partir de la 19, y el domingo 11, en el mismo horario, llegar\u00e1 a la plaza del barrio Santa Teresita.<\/p>\n\n\n\n<p>Est\u00e1 programada tambi\u00e9n para el domingo la bailanta del Mercosur, en la plaza del Mercosur, y se realizar\u00e1 una pe\u00f1a en Casa \u00d1anderek\u00f3, Centro de Interpretaci\u00f3n del Chamam\u00e9 (25 de Mayo 1141).<\/p>\n\n\n\n<p>CALENDARIO CHAMAMECERO<\/p>\n\n\n\n<p>La celebraci\u00f3n chamamecera desembarcar\u00e1 desde el lunes 13 de enero -como cada a\u00f1o- en hospitales, hogares de ancianos y contextos de encierro.<\/p>\n\n\n\n<p>Adem\u00e1s, est\u00e1n previstas muestras, presentaciones de libros, conversatorios, clases abiertas y diversas propuestas en el interior provincial, entre las que estar\u00e1n las tradicionales bailantas chamameceras.<\/p>\n\n\n\n<p><strong>PROGRAMA: \u201cCORRIENTES ES CHAMAM\u00c9\u201d<\/strong><\/p>\n\n\n\n<p><strong>Mi\u00e9rcoles 8\/01<\/strong><\/p>\n\n\n\n<p>22 hs \u2013 Pe\u00f1a Gauchito Gil -Museo de Ciencias Naturales Amado Bonpland<\/p>\n\n\n\n<p>Avenida Costanera y Don Bosco<\/p>\n\n\n\n<p>Act\u00faan: Aldo Torres y su banda \u2013 Grupo Avarek\u00f3 \u2013 Ra\u00edz Guaran\u00ed \u2013 Alfredo Monz\u00f3n &#8211; Invitado Especial: Gustavo Miqueri<\/p>\n\n\n\n<p><strong>Jueves 9\/01<\/strong><\/p>\n\n\n\n<p>22 hs- Pe\u00f1a Oficial Fundaci\u00f3n 1588<\/p>\n\n\n\n<p>Ubicaci\u00f3n: Jun\u00edn 1687<\/p>\n\n\n\n<p>Act\u00faa: Leo Zarur<\/p>\n\n\n\n<p><strong>Viernes 10\/01<\/strong><\/p>\n\n\n\n<p>22 hs: Pe\u00f1a Chamamecera. Museo de Ciencias Naturales Amado Bonpland<\/p>\n\n\n\n<p>Avenida Costanera y Don Bosco<\/p>\n\n\n\n<p>Act\u00faan: Consuelo Castillo \u2013 Sebasti\u00e1n Sheridan \u2013 Tono Ben\u00edtez y los Criollos de Corrientes \u2013 Los Reales del Litoral<\/p>\n\n\n\n<p>22:30 hs: Pe\u00f1a Oficial Estaci\u00f3n Mariscal (Av. Maip\u00fa 2777)<\/p>\n\n\n\n<p>Act\u00faa: Horizonte 4<\/p>\n\n\n\n<p><strong>S\u00e1bado 11\/01<\/strong><\/p>\n\n\n\n<p>19:00: Festival Barrial del Chamam\u00e9<\/p>\n\n\n\n<p>Plaza del Barrio Nuevo (S\u00e1nchez de Bustamante y Tupac Amar\u00fa)<\/p>\n\n\n\n<p>Act\u00faan: Conjunto San Antonio \u2013 Teko Por\u00e1 (Orlando R\u00edos) \u2013 Los Nuevos Cautivadores<\/p>\n\n\n\n<p>19:30: Intervenci\u00f3n art\u00edstica en Shopping Centenario<\/p>\n\n\n\n<p>La Pilarcita<\/p>\n\n\n\n<p>Ballets Invitados<\/p>\n\n\n\n<p>21:00: Pe\u00f1a \u00d1anderek\u00f3- Casa \u00d1andereko<\/p>\n\n\n\n<p>Act\u00faan: Academia Ale Romero \u2013 Ana Paula Romero \u2013 Laura Ebek \u2013 Mariana Ram\u00edrez \u2013 Mar\u00eda Sosa G\u00f3mez<\/p>\n\n\n\n<p>21:00: Bailanta Chamamecera en Goya<\/p>\n\n\n\n<p>Playa El Ing\u00e1 \u2013 Goya<\/p>\n\n\n\n<p>Act\u00faan: Grupo Chamamecero Municipal \u2013 Cara\u00ed del Chamam\u00e9 \u2013 Grupo San Jos\u00e9 (Padre Ariel Gim\u00e9nez) \u2013 Sue\u00f1o Correntino<\/p>\n\n\n\n<p>22:00: Pe\u00f1a Oficial Estaci\u00f3n Mariscal<\/p>\n\n\n\n<p>Ubicaci\u00f3n: Av. Maip\u00fa 2777<\/p>\n\n\n\n<p>Act\u00faan: Graciela Linares y Roberto Romero<\/p>\n\n\n\n<p>Jos\u00e9 \u00c1lvarez<\/p>\n\n\n\n<p><strong>Domingo 12\/01<\/strong><\/p>\n\n\n\n<p>19:00: Festival Barrial del Chamam\u00e9<\/p>\n\n\n\n<p>Plaza Capit\u00e1n Giachino (Barrio Santa Teresita)<\/p>\n\n\n\n<p>Act\u00faan: Emanuel y sus Tarragoceros \u2013 Pedro Villalba Grupo \u2013 Los Compadres<\/p>\n\n\n\n<p>20:00: Bailanta del Mercosur<\/p>\n\n\n\n<p>Ubicaci\u00f3n: plaza del Mercosur &#8211; Ruta 12 y Avenida Independencia<\/p>\n\n\n\n<p><\/p>\n","protected":false},"excerpt":{"rendered":"<p>\u201cCORRIENTES ES CHAMAM\u00c9&#8221; Organizada por el Gobierno de Corrientes, a trav\u00e9s del Instituto de Cultura, la mayor celebraci\u00f3n de la Naci\u00f3n Chamamecera est\u00e1 en marcha y se disfruta con pe\u00f1as, festivales barriales e intervenciones art\u00edsticas. Las mismas se realizan en espacios p\u00fablicos, bares y distintos puntos de la ciudad y localidades del interior. Adem\u00e1s, a&#8230;<\/p>\n","protected":false},"author":1,"featured_media":0,"comment_status":"open","ping_status":"closed","sticky":false,"template":"","format":"standard","meta":{"footnotes":""},"categories":[1],"tags":[],"class_list":["post-1672","post","type-post","status-publish","format-standard","hentry","category-noticias"],"_links":{"self":[{"href":"https:\/\/fiestanacionaldelchamame.com.ar\/index.php?rest_route=\/wp\/v2\/posts\/1672","targetHints":{"allow":["GET"]}}],"collection":[{"href":"https:\/\/fiestanacionaldelchamame.com.ar\/index.php?rest_route=\/wp\/v2\/posts"}],"about":[{"href":"https:\/\/fiestanacionaldelchamame.com.ar\/index.php?rest_route=\/wp\/v2\/types\/post"}],"author":[{"embeddable":true,"href":"https:\/\/fiestanacionaldelchamame.com.ar\/index.php?rest_route=\/wp\/v2\/users\/1"}],"replies":[{"embeddable":true,"href":"https:\/\/fiestanacionaldelchamame.com.ar\/index.php?rest_route=%2Fwp%2Fv2%2Fcomments&post=1672"}],"version-history":[{"count":1,"href":"https:\/\/fiestanacionaldelchamame.com.ar\/index.php?rest_route=\/wp\/v2\/posts\/1672\/revisions"}],"predecessor-version":[{"id":1675,"href":"https:\/\/fiestanacionaldelchamame.com.ar\/index.php?rest_route=\/wp\/v2\/posts\/1672\/revisions\/1675"}],"wp:attachment":[{"href":"https:\/\/fiestanacionaldelchamame.com.ar\/index.php?rest_route=%2Fwp%2Fv2%2Fmedia&parent=1672"}],"wp:term":[{"taxonomy":"category","embeddable":true,"href":"https:\/\/fiestanacionaldelchamame.com.ar\/index.php?rest_route=%2Fwp%2Fv2%2Fcategories&post=1672"},{"taxonomy":"post_tag","embeddable":true,"href":"https:\/\/fiestanacionaldelchamame.com.ar\/index.php?rest_route=%2Fwp%2Fv2%2Ftags&post=1672"}],"curies":[{"name":"wp","href":"https:\/\/api.w.org\/{rel}","templated":true}]}}