{"id":1669,"date":"2025-01-09T06:27:24","date_gmt":"2025-01-09T09:27:24","guid":{"rendered":"https:\/\/fiestanacionaldelchamame.com.ar\/?p=1669"},"modified":"2025-01-10T06:32:01","modified_gmt":"2025-01-10T09:32:01","slug":"pena-chamamecera-en-el-dia-del-gauchito-gil-con-exito-de-publico","status":"publish","type":"post","link":"https:\/\/fiestanacionaldelchamame.com.ar\/?p=1669","title":{"rendered":"Pe\u00f1a chamamecera en el d\u00eda del Gauchito Gil con \u00e9xito de p\u00fablico"},"content":{"rendered":"\n<h2 class=\"wp-block-heading\">\u201cAV\u00cdO DEL ALMA\u201d<\/h2>\n\n\n\n<p><br>Organizado por el Gobierno de Corrientes, a trav\u00e9s del Instituto de Cultura, se realiz\u00f3 ayer a la noche la Pe\u00f1a Gauchito Gil en el patio del Museo de Ciencias Naturales \u201cAmado Bonpland\u201d, en plena costanera correntina. La actividad fue en el marco de la 34\u00aa Fiesta Nacional del Chamam\u00e9, 20\u00aa Fiesta del Chamam\u00e9 del Mercosur y 4\u00aa Celebraci\u00f3n Mundial.<\/p>\n\n\n\n<figure class=\"wp-block-image size-large\"><img fetchpriority=\"high\" decoding=\"async\" width=\"1024\" height=\"682\" src=\"https:\/\/fiestanacionaldelchamame.com.ar\/wp-content\/uploads\/2025\/01\/04-1024x682.jpeg\" alt=\"\" class=\"wp-image-1663\" srcset=\"https:\/\/fiestanacionaldelchamame.com.ar\/wp-content\/uploads\/2025\/01\/04-1024x682.jpeg 1024w, https:\/\/fiestanacionaldelchamame.com.ar\/wp-content\/uploads\/2025\/01\/04-300x200.jpeg 300w, https:\/\/fiestanacionaldelchamame.com.ar\/wp-content\/uploads\/2025\/01\/04-768x512.jpeg 768w, https:\/\/fiestanacionaldelchamame.com.ar\/wp-content\/uploads\/2025\/01\/04-850x566.jpeg 850w, https:\/\/fiestanacionaldelchamame.com.ar\/wp-content\/uploads\/2025\/01\/04.jpeg 1280w\" sizes=\"(max-width: 1024px) 100vw, 1024px\" \/><\/figure>\n\n\n\n<p>Pasadas las 22, Aldo Torres y su banda abrieron la noche con temas cl\u00e1sicos. Apenas sonaron los primeros acordes, el p\u00fablico sali\u00f3 a la pista de baile. J\u00f3venes y adultos desplegaron su pasi\u00f3n por la danza chamamecera.<\/p>\n\n\n\n<p>La noche tuvo un inicio emotivo cuando se encendieron las velas en torno al Gauchito Gil. En un altar entronizaron una obra del artista Lucas David Vera. Adem\u00e1s, se ley\u00f3 un poema al Gauchito.<\/p>\n\n\n\n<figure class=\"wp-block-image size-large\"><img decoding=\"async\" width=\"1024\" height=\"682\" src=\"https:\/\/fiestanacionaldelchamame.com.ar\/wp-content\/uploads\/2025\/01\/03-1-1-1024x682.jpeg\" alt=\"\" class=\"wp-image-1670\" srcset=\"https:\/\/fiestanacionaldelchamame.com.ar\/wp-content\/uploads\/2025\/01\/03-1-1-1024x682.jpeg 1024w, https:\/\/fiestanacionaldelchamame.com.ar\/wp-content\/uploads\/2025\/01\/03-1-1-300x200.jpeg 300w, https:\/\/fiestanacionaldelchamame.com.ar\/wp-content\/uploads\/2025\/01\/03-1-1-768x512.jpeg 768w, https:\/\/fiestanacionaldelchamame.com.ar\/wp-content\/uploads\/2025\/01\/03-1-1-850x566.jpeg 850w, https:\/\/fiestanacionaldelchamame.com.ar\/wp-content\/uploads\/2025\/01\/03-1-1.jpeg 1280w\" sizes=\"(max-width: 1024px) 100vw, 1024px\" \/><\/figure>\n\n\n\n<p>Cerca de la medianoche fue el turno de la presentaci\u00f3n de Ra\u00edz Guaran\u00ed. El joven grupo evoc\u00f3 la m\u00fasica de grandes referentes del chamam\u00e9 como Mario Bofill, Mario del Tr\u00e1nsito Cocomarola, entre otros. El p\u00fablico los escuch\u00f3 con suma atenci\u00f3n. Sobre el cierre tambi\u00e9n hicieron temas para que los presentes puedan seguir bailando.<\/p>\n\n\n\n<p>La cantidad de p\u00fablico fue creciendo con el paso de las horas, llegando de distintos puntos de la ciudad de Corrientes, visitantes del interior de la provincia y de provincias vecinas, incluso otros pa\u00edses.<\/p>\n\n\n\n<p>El cierre musical lleg\u00f3 con Alfredo Monz\u00f3n y su grupo que realiz\u00f3 cl\u00e1sicos del g\u00e9nero. Destac\u00f3 la importancia de que el <\/p>\n\n\n\n<figure class=\"wp-block-image size-large\"><img decoding=\"async\" width=\"1024\" height=\"682\" src=\"https:\/\/fiestanacionaldelchamame.com.ar\/wp-content\/uploads\/2025\/01\/01-1024x682.jpeg\" alt=\"\" class=\"wp-image-1664\" srcset=\"https:\/\/fiestanacionaldelchamame.com.ar\/wp-content\/uploads\/2025\/01\/01-1024x682.jpeg 1024w, https:\/\/fiestanacionaldelchamame.com.ar\/wp-content\/uploads\/2025\/01\/01-300x200.jpeg 300w, https:\/\/fiestanacionaldelchamame.com.ar\/wp-content\/uploads\/2025\/01\/01-768x512.jpeg 768w, https:\/\/fiestanacionaldelchamame.com.ar\/wp-content\/uploads\/2025\/01\/01-850x566.jpeg 850w, https:\/\/fiestanacionaldelchamame.com.ar\/wp-content\/uploads\/2025\/01\/01.jpeg 1280w\" sizes=\"(max-width: 1024px) 100vw, 1024px\" \/><\/figure>\n\n\n\n<p>Gobierno de Corrientes y el Instituto de Cultura realicen estas Pe\u00f1as para alentar al p\u00fablico chamamecero a disfrutar de la m\u00fasica. Tuvo varios invitados especiales, entre ellos, quien engalan\u00f3 la noche fue Gustavo Miqueri, con quien realiz\u00f3 un repertorio cuidado y de profundo homenaje a la ra\u00edz chamamecera.<\/p>\n","protected":false},"excerpt":{"rendered":"<p>\u201cAV\u00cdO DEL ALMA\u201d Organizado por el Gobierno de Corrientes, a trav\u00e9s del Instituto de Cultura, se realiz\u00f3 ayer a la noche la Pe\u00f1a Gauchito Gil en el patio del Museo de Ciencias Naturales \u201cAmado Bonpland\u201d, en plena costanera correntina. La actividad fue en el marco de la 34\u00aa Fiesta Nacional del Chamam\u00e9, 20\u00aa Fiesta del&#8230;<\/p>\n","protected":false},"author":1,"featured_media":0,"comment_status":"open","ping_status":"closed","sticky":false,"template":"","format":"standard","meta":{"footnotes":""},"categories":[1],"tags":[],"class_list":["post-1669","post","type-post","status-publish","format-standard","hentry","category-noticias"],"_links":{"self":[{"href":"https:\/\/fiestanacionaldelchamame.com.ar\/index.php?rest_route=\/wp\/v2\/posts\/1669","targetHints":{"allow":["GET"]}}],"collection":[{"href":"https:\/\/fiestanacionaldelchamame.com.ar\/index.php?rest_route=\/wp\/v2\/posts"}],"about":[{"href":"https:\/\/fiestanacionaldelchamame.com.ar\/index.php?rest_route=\/wp\/v2\/types\/post"}],"author":[{"embeddable":true,"href":"https:\/\/fiestanacionaldelchamame.com.ar\/index.php?rest_route=\/wp\/v2\/users\/1"}],"replies":[{"embeddable":true,"href":"https:\/\/fiestanacionaldelchamame.com.ar\/index.php?rest_route=%2Fwp%2Fv2%2Fcomments&post=1669"}],"version-history":[{"count":1,"href":"https:\/\/fiestanacionaldelchamame.com.ar\/index.php?rest_route=\/wp\/v2\/posts\/1669\/revisions"}],"predecessor-version":[{"id":1671,"href":"https:\/\/fiestanacionaldelchamame.com.ar\/index.php?rest_route=\/wp\/v2\/posts\/1669\/revisions\/1671"}],"wp:attachment":[{"href":"https:\/\/fiestanacionaldelchamame.com.ar\/index.php?rest_route=%2Fwp%2Fv2%2Fmedia&parent=1669"}],"wp:term":[{"taxonomy":"category","embeddable":true,"href":"https:\/\/fiestanacionaldelchamame.com.ar\/index.php?rest_route=%2Fwp%2Fv2%2Fcategories&post=1669"},{"taxonomy":"post_tag","embeddable":true,"href":"https:\/\/fiestanacionaldelchamame.com.ar\/index.php?rest_route=%2Fwp%2Fv2%2Ftags&post=1669"}],"curies":[{"name":"wp","href":"https:\/\/api.w.org\/{rel}","templated":true}]}}