{"id":1591,"date":"2024-09-27T07:32:00","date_gmt":"2024-09-27T10:32:00","guid":{"rendered":"https:\/\/fiestanacionaldelchamame.com.ar\/?p=1591"},"modified":"2024-12-26T07:43:01","modified_gmt":"2024-12-26T10:43:01","slug":"en-un-anfiteatro-colmado-se-presento-al-pais-avio-del-alma-la-34a-fiesta-nacional-del-chamameavio-del-alma","status":"publish","type":"post","link":"https:\/\/fiestanacionaldelchamame.com.ar\/?p=1591","title":{"rendered":"En un anfiteatro colmado se present\u00f3 al pa\u00eds \u201cAv\u00edo del alma\u201d, la 34\u00aa Fiesta Nacional del Chamam\u00e9\u201cAv\u00edo del alma\u201d"},"content":{"rendered":"\n<p>Con un clima de fervor y celebraci\u00f3n, m\u00e1s de 1.600 personas formaron parte del lanzamiento de la 34\u00aa Fiesta Nacional del Chamam\u00e9, realizado hoy a la tarde en el Anfiteatro Parque Centenario en la ciudad de Buenos Aires. De esta manera, el Gobierno de Corrientes invit\u00f3 a todo un pa\u00eds a formar parte de la mayor celebraci\u00f3n chamamecera del mundo, que el a\u00f1o que viene se desarrollar\u00e1 del 17 al 26 de enero.<\/p>\n\n\n\n<figure class=\"wp-block-image size-large\"><img fetchpriority=\"high\" decoding=\"async\" width=\"1024\" height=\"683\" src=\"https:\/\/fiestanacionaldelchamame.com.ar\/wp-content\/uploads\/2024\/12\/06-2-1024x683.jpg\" alt=\"\" class=\"wp-image-1592\" srcset=\"https:\/\/fiestanacionaldelchamame.com.ar\/wp-content\/uploads\/2024\/12\/06-2-1024x683.jpg 1024w, https:\/\/fiestanacionaldelchamame.com.ar\/wp-content\/uploads\/2024\/12\/06-2-300x200.jpg 300w, https:\/\/fiestanacionaldelchamame.com.ar\/wp-content\/uploads\/2024\/12\/06-2-768x512.jpg 768w, https:\/\/fiestanacionaldelchamame.com.ar\/wp-content\/uploads\/2024\/12\/06-2-1536x1024.jpg 1536w, https:\/\/fiestanacionaldelchamame.com.ar\/wp-content\/uploads\/2024\/12\/06-2-850x567.jpg 850w, https:\/\/fiestanacionaldelchamame.com.ar\/wp-content\/uploads\/2024\/12\/06-2.jpg 2048w\" sizes=\"(max-width: 1024px) 100vw, 1024px\" \/><\/figure>\n\n\n\n<p>Desde temprano se formaron filas en las inmediaciones del anfiteatro y, para las 16, el p\u00fablico ya hab\u00eda colmado los lugares disponibles en este prestigioso espacio al aire libre. Muchos correntinos que viven en Capital Federal aprovecharon la ocasi\u00f3n para sentirse cerca de sus or\u00edgenes, al igual que porte\u00f1os y provincianos que disfrutan de todo lo que identifica a la cultura chamamecera.<\/p>\n\n\n\n<p>Esta celebraci\u00f3n comenz\u00f3 con la proyecci\u00f3n de un video que rindi\u00f3 homenaje a la gran Ofelia Leiva, recientemente fallecida. Lo que gener\u00f3 la primera ovaci\u00f3n de la tarde.<\/p>\n\n\n\n<p>Le sigui\u00f3 la presentaci\u00f3n del grupo Atardeciendo Amaneceres, que con cl\u00e1sicos del cancionero logr\u00f3 r\u00e1pidamente que salieran a bailar las primeras parejas. Se sum\u00f3 Silvina Escalante como invitada y el cierre fue con la presentaci\u00f3n especial del m\u00fasico y actual funcionario de la cartera de Turismo, Oscar Mac\u00edas.<\/p>\n\n\n\n<figure class=\"wp-block-image size-large\"><img decoding=\"async\" width=\"1024\" height=\"683\" src=\"https:\/\/fiestanacionaldelchamame.com.ar\/wp-content\/uploads\/2024\/12\/04-2-1024x683.jpg\" alt=\"\" class=\"wp-image-1593\" srcset=\"https:\/\/fiestanacionaldelchamame.com.ar\/wp-content\/uploads\/2024\/12\/04-2-1024x683.jpg 1024w, https:\/\/fiestanacionaldelchamame.com.ar\/wp-content\/uploads\/2024\/12\/04-2-300x200.jpg 300w, https:\/\/fiestanacionaldelchamame.com.ar\/wp-content\/uploads\/2024\/12\/04-2-768x512.jpg 768w, https:\/\/fiestanacionaldelchamame.com.ar\/wp-content\/uploads\/2024\/12\/04-2-1536x1024.jpg 1536w, https:\/\/fiestanacionaldelchamame.com.ar\/wp-content\/uploads\/2024\/12\/04-2-850x567.jpg 850w, https:\/\/fiestanacionaldelchamame.com.ar\/wp-content\/uploads\/2024\/12\/04-2.jpg 2048w\" sizes=\"(max-width: 1024px) 100vw, 1024px\" \/><\/figure>\n\n\n\n<p>Este festival que reuni\u00f3 a la Naci\u00f3n Chamamecera en Buenos Aires continu\u00f3 con la presentaci\u00f3n de Juan y Ernestito Montiel y el Cuarteto de Santa Ana, y no tard\u00f3 de armarse una gran bailanta al costado del escenario, disfrutando a pleno de cada uno de los temas interpretados por el grupo.&nbsp;<\/p>\n\n\n\n<p>El ballet de la Casa de Corrientes en Buenos Aires se sum\u00f3 tambi\u00e9n a esta presentaci\u00f3n. Sus parejas de baile demostraron su talento y amor por el chamam\u00e9 a puro suela y taco.&nbsp;<\/p>\n\n\n\n<p><strong>COMPARTIR<\/strong><\/p>\n\n\n\n<p>En un impasse de la m\u00fasica, se llev\u00f3 adelante el acto de presentaci\u00f3n de la 34\u00aa Fiesta Nacional del Chamam\u00e9. El mismo fue encabezado por la presidenta del Instituto de Cultura de Corrientes, Beatriz Kunin, y por la ministra de Cultura de CABA, Gabriela Ricardes, quienes estuvieron acompa\u00f1adas en el escenario por el intendente de Ituzaing\u00f3, Juan Pablo Vald\u00e9s, y el agregado cultural de Paraguay, Rodolfo Serafini.<\/p>\n\n\n\n<figure class=\"wp-block-image size-large\"><img decoding=\"async\" width=\"1024\" height=\"682\" src=\"https:\/\/fiestanacionaldelchamame.com.ar\/wp-content\/uploads\/2024\/12\/13-2-1024x682.jpg\" alt=\"\" class=\"wp-image-1594\" srcset=\"https:\/\/fiestanacionaldelchamame.com.ar\/wp-content\/uploads\/2024\/12\/13-2-1024x682.jpg 1024w, https:\/\/fiestanacionaldelchamame.com.ar\/wp-content\/uploads\/2024\/12\/13-2-300x200.jpg 300w, https:\/\/fiestanacionaldelchamame.com.ar\/wp-content\/uploads\/2024\/12\/13-2-768x512.jpg 768w, https:\/\/fiestanacionaldelchamame.com.ar\/wp-content\/uploads\/2024\/12\/13-2-1536x1023.jpg 1536w, https:\/\/fiestanacionaldelchamame.com.ar\/wp-content\/uploads\/2024\/12\/13-2-850x566.jpg 850w, https:\/\/fiestanacionaldelchamame.com.ar\/wp-content\/uploads\/2024\/12\/13-2.jpg 1600w\" sizes=\"(max-width: 1024px) 100vw, 1024px\" \/><\/figure>\n\n\n\n<p>Se proyect\u00f3 el Trailer Oficial de esta edici\u00f3n \u201cAv\u00edo del alma\u201d, y seguidamente la titular del Instituto de Cultura agradeci\u00f3 \u201cel gesto tan generoso\u201d del Gobierno de la Ciudad de Buenos Aires de permitir que el lanzamiento tenga lugar en un \u201cespacio m\u00e1gico\u201d como es el anfiteatro Parque Centenario, y destac\u00f3 la cantidad de personas que se acercaron a formar parte de este momento. \u201cEstamos todos reunidos porque el chamam\u00e9 es de todos\u201d, sostuvo.<\/p>\n\n\n\n<p>Abog\u00f3 a \u201cmantener vivo esto que tanto nos representa en el mundo, que no es s\u00f3lo una m\u00fasica, es un sentir, un amar, un pertenecer\u201d, y cerr\u00f3 haciendo la invitaci\u00f3n a visitar Corrientes del 17 al 26 de enero del 2025, \u201clos esperamos para compartir la Fiesta, que se vivir\u00e1 no s\u00f3lo en el anfiteatro Cocomarola, sino en muchos otros lugares de Corrientes\u201d.<\/p>\n\n\n\n<p>La ministra de Cultura de CABA, Gabriela Ricardes, tambi\u00e9n agradeci\u00f3 la posibilidad de \u201cdisfrutar este hermoso momento en este anfiteatro\u201d, y consider\u00f3 que este festival era una \u201cprecuela\u201d de lo que se vivir\u00e1 en enero en Corrientes, \u201cel chamam\u00e9 es mucho m\u00e1s que m\u00fasica y baile, es un sentimiento, una manera de ver la vida y disfrutarla\u201d, reflexion\u00f3.<\/p>\n\n\n\n<p>Estuvieron presentes la directora del Teatro Vera, Lourdes S\u00e1nchez, el presidente del Instituto de Cultura del Chaco, Mario Zorrilla, el director de M\u00fasica de CABA, Gustavo Mozzi, y los chamameceros Aldy Balestra, Jorge Suligoy, Maria Ofelia, Paula Basalo, Ariel Palacios \u2013m\u00fasico e hijo de la Ofelia Leiva-, Fernando Onetto, sobrino de Ramona Galarza.<\/p>\n\n\n\n<p><strong>CIERRE DE LUJO<\/strong><\/p>\n\n\n\n<p>Despu\u00e9s de una hora y media de m\u00fasica y acto de presentaci\u00f3n, se realiz\u00f3 el esperado cierre musical de la mano de una de las principales figuras del chamam\u00e9, como es Antonio Tarrago Ros.<\/p>\n\n\n\n<figure class=\"wp-block-image size-large\"><img loading=\"lazy\" decoding=\"async\" width=\"1024\" height=\"683\" src=\"https:\/\/fiestanacionaldelchamame.com.ar\/wp-content\/uploads\/2024\/12\/02-1024x683.jpg\" alt=\"\" class=\"wp-image-1595\" srcset=\"https:\/\/fiestanacionaldelchamame.com.ar\/wp-content\/uploads\/2024\/12\/02-1024x683.jpg 1024w, https:\/\/fiestanacionaldelchamame.com.ar\/wp-content\/uploads\/2024\/12\/02-300x200.jpg 300w, https:\/\/fiestanacionaldelchamame.com.ar\/wp-content\/uploads\/2024\/12\/02-768x512.jpg 768w, https:\/\/fiestanacionaldelchamame.com.ar\/wp-content\/uploads\/2024\/12\/02-1536x1024.jpg 1536w, https:\/\/fiestanacionaldelchamame.com.ar\/wp-content\/uploads\/2024\/12\/02-850x567.jpg 850w, https:\/\/fiestanacionaldelchamame.com.ar\/wp-content\/uploads\/2024\/12\/02.jpg 2048w\" sizes=\"(max-width: 1024px) 100vw, 1024px\" \/><\/figure>\n\n\n\n<p>El m\u00fasico demostr\u00f3 una vez m\u00e1s su virtuosismo y el p\u00fablico acompa\u00f1\u00f3 con fuertes aplausos a cada de uno de los temas interpretados, entre ellos, los cl\u00e1sicos \u201cEl toro\u201d y \u201cEl cielo del alba\u00f1il\u201d.<\/p>\n","protected":false},"excerpt":{"rendered":"<p>Con un clima de fervor y celebraci\u00f3n, m\u00e1s de 1.600 personas formaron parte del lanzamiento de la 34\u00aa Fiesta Nacional del Chamam\u00e9, realizado hoy a la tarde en el Anfiteatro Parque Centenario en la ciudad de Buenos Aires. De esta manera, el Gobierno de Corrientes invit\u00f3 a todo un pa\u00eds a formar parte de la&#8230;<\/p>\n","protected":false},"author":1,"featured_media":0,"comment_status":"open","ping_status":"closed","sticky":false,"template":"","format":"standard","meta":{"footnotes":""},"categories":[1],"tags":[],"class_list":["post-1591","post","type-post","status-publish","format-standard","hentry","category-noticias"],"_links":{"self":[{"href":"https:\/\/fiestanacionaldelchamame.com.ar\/index.php?rest_route=\/wp\/v2\/posts\/1591","targetHints":{"allow":["GET"]}}],"collection":[{"href":"https:\/\/fiestanacionaldelchamame.com.ar\/index.php?rest_route=\/wp\/v2\/posts"}],"about":[{"href":"https:\/\/fiestanacionaldelchamame.com.ar\/index.php?rest_route=\/wp\/v2\/types\/post"}],"author":[{"embeddable":true,"href":"https:\/\/fiestanacionaldelchamame.com.ar\/index.php?rest_route=\/wp\/v2\/users\/1"}],"replies":[{"embeddable":true,"href":"https:\/\/fiestanacionaldelchamame.com.ar\/index.php?rest_route=%2Fwp%2Fv2%2Fcomments&post=1591"}],"version-history":[{"count":1,"href":"https:\/\/fiestanacionaldelchamame.com.ar\/index.php?rest_route=\/wp\/v2\/posts\/1591\/revisions"}],"predecessor-version":[{"id":1596,"href":"https:\/\/fiestanacionaldelchamame.com.ar\/index.php?rest_route=\/wp\/v2\/posts\/1591\/revisions\/1596"}],"wp:attachment":[{"href":"https:\/\/fiestanacionaldelchamame.com.ar\/index.php?rest_route=%2Fwp%2Fv2%2Fmedia&parent=1591"}],"wp:term":[{"taxonomy":"category","embeddable":true,"href":"https:\/\/fiestanacionaldelchamame.com.ar\/index.php?rest_route=%2Fwp%2Fv2%2Fcategories&post=1591"},{"taxonomy":"post_tag","embeddable":true,"href":"https:\/\/fiestanacionaldelchamame.com.ar\/index.php?rest_route=%2Fwp%2Fv2%2Ftags&post=1591"}],"curies":[{"name":"wp","href":"https:\/\/api.w.org\/{rel}","templated":true}]}}