{"id":1587,"date":"2024-11-14T07:29:00","date_gmt":"2024-11-14T10:29:00","guid":{"rendered":"https:\/\/fiestanacionaldelchamame.com.ar\/?p=1587"},"modified":"2024-12-26T07:32:06","modified_gmt":"2024-12-26T10:32:06","slug":"el-instituto-de-cultura-presento-la-pena-oficial-de-la-34a-fiesta-nacional-del-chamame","status":"publish","type":"post","link":"https:\/\/fiestanacionaldelchamame.com.ar\/?p=1587","title":{"rendered":"El Instituto de Cultura present\u00f3 la Pe\u00f1a Oficial de la 34\u00aa Fiesta Nacional del Chamam\u00e9"},"content":{"rendered":"\n<h2 class=\"wp-block-heading\">\u201cAV\u00cdO DEL ALMA\u201d<\/h2>\n\n\n\n<p>Se realiz\u00f3 hoy a la ma\u00f1ana el lanzamiento de la Pe\u00f1a Oficial de la 34\u00aa Fiesta Nacional del Chamam\u00e9, \u201cAv\u00edo del Alma\u201d. El acto tuvo lugar en el Patio de la Cultura Marit\u00e9 Salas del Instituto de Cultura de Corrientes con la presencia de la presidente del Instituto de Cultura de Corrientes, Beatriz Kunin; el responsable de la Pe\u00f1a en la Estaci\u00f3n Mariscal, Dar\u00edo G\u00f3mez y artistas chamameceros que acompa\u00f1an la iniciativa y ser\u00e1n parte de la programaci\u00f3n. El cierre fue a pura m\u00fasica y baile, como anticipo de lo que ser\u00e1n las noches chamameceras.<\/p>\n\n\n\n<figure class=\"wp-block-image size-large\"><img fetchpriority=\"high\" decoding=\"async\" width=\"1024\" height=\"754\" src=\"https:\/\/fiestanacionaldelchamame.com.ar\/wp-content\/uploads\/2024\/12\/LANZAMIENTO-PENA-OFICIAL-2-1024x754.jpg\" alt=\"\" class=\"wp-image-1588\" srcset=\"https:\/\/fiestanacionaldelchamame.com.ar\/wp-content\/uploads\/2024\/12\/LANZAMIENTO-PENA-OFICIAL-2-1024x754.jpg 1024w, https:\/\/fiestanacionaldelchamame.com.ar\/wp-content\/uploads\/2024\/12\/LANZAMIENTO-PENA-OFICIAL-2-300x221.jpg 300w, https:\/\/fiestanacionaldelchamame.com.ar\/wp-content\/uploads\/2024\/12\/LANZAMIENTO-PENA-OFICIAL-2-768x566.jpg 768w, https:\/\/fiestanacionaldelchamame.com.ar\/wp-content\/uploads\/2024\/12\/LANZAMIENTO-PENA-OFICIAL-2-850x626.jpg 850w, https:\/\/fiestanacionaldelchamame.com.ar\/wp-content\/uploads\/2024\/12\/LANZAMIENTO-PENA-OFICIAL-2.jpg 1366w\" sizes=\"(max-width: 1024px) 100vw, 1024px\" \/><\/figure>\n\n\n\n<p>La titular del ente cultural provincial, y quienes tienen a su cargo la coordinaci\u00f3n de la Pe\u00f1a Oficial, fueron los encargados de brindar detalles de este evento que formar\u00e1 parte del amplio calendario chamamecero que tendr\u00e1 sus jornadas centrales del 17 al 26 de enero de 2025, en el anfiteatro Mario del Tr\u00e1nsito Cocomarola y en m\u00faltiples escenarios de la capital correntina y municipios que se sumen a la gran celebraci\u00f3n chamamecera.<\/p>\n\n\n\n<p>La presidente del Instituto de Cultura de Corrientes, Beatriz Kunin destac\u00f3 al comienzo del acto que \u00e9sta Pe\u00f1a, \u201cno es la \u00fanica sino la primera de muchas actividades en torno a la pr\u00f3xima edici\u00f3n de la Fiesta Nacional del Chamam\u00e9\u201d, que ya se encuentra en plena preparaci\u00f3n, y en relaci\u00f3n a la organizaci\u00f3n del evento que tendr\u00e1 una agenda extensa, augur\u00f3 el \u201c\u00e9xito que se merecen\u201d por el esfuerzo y empe\u00f1o que han decidido hacer, para que existe una propuesta chamamecera todos los fines de semana en la ciudad de Corrientes.<\/p>\n\n\n\n<figure class=\"wp-block-image size-large\"><img decoding=\"async\" width=\"1024\" height=\"875\" src=\"https:\/\/fiestanacionaldelchamame.com.ar\/wp-content\/uploads\/2024\/12\/LANZAMIENTO-PENA-OFICIAL-4-1024x875.jpg\" alt=\"\" class=\"wp-image-1589\" srcset=\"https:\/\/fiestanacionaldelchamame.com.ar\/wp-content\/uploads\/2024\/12\/LANZAMIENTO-PENA-OFICIAL-4-1024x875.jpg 1024w, https:\/\/fiestanacionaldelchamame.com.ar\/wp-content\/uploads\/2024\/12\/LANZAMIENTO-PENA-OFICIAL-4-300x256.jpg 300w, https:\/\/fiestanacionaldelchamame.com.ar\/wp-content\/uploads\/2024\/12\/LANZAMIENTO-PENA-OFICIAL-4-768x656.jpg 768w, https:\/\/fiestanacionaldelchamame.com.ar\/wp-content\/uploads\/2024\/12\/LANZAMIENTO-PENA-OFICIAL-4-850x726.jpg 850w, https:\/\/fiestanacionaldelchamame.com.ar\/wp-content\/uploads\/2024\/12\/LANZAMIENTO-PENA-OFICIAL-4.jpg 1264w\" sizes=\"(max-width: 1024px) 100vw, 1024px\" \/><\/figure>\n\n\n\n<p>La Pe\u00f1a Oficial tendr\u00e1 lugar en la Estaci\u00f3n Mariscal (Av. Maip\u00fa 2777), de la ciudad de Corrientes y se desarrollar\u00e1 desde este fin de semana hasta las jornadas centrales de enero. Tiene 9 meses de vida y cada fin de semana se congregan all\u00ed m\u00fasicos, poetas, bailarines y toda la comunidad chamamecera, como as\u00ed tambi\u00e9n turistas y visitantes que quieren disfrutar de una velada correntina, conocer la identidad local y probar comidas t\u00edpicas.<\/p>\n\n\n\n<p><strong>Espacio fundamental<\/strong><\/p>\n\n\n\n<p>Dar\u00edo G\u00f3mez, responsable de la organizaci\u00f3n de la Pe\u00f1a Oficial tom\u00f3 la palabra manifestando en primer t\u00e9rmino su agradecimiento al Instituto de Cultura y, en segundo, destac\u00f3 que la misma es un espacio fundamental para la cultura local y el Chamam\u00e9 en el que \u201cm\u00fasicos, bailarines, recitadores se encuentran, se sienten parte y se producen cosas maravillosas\u201d. Asimismo, refiri\u00f3 que su sostenimiento genera para el \u00e1mbito privado, puestos de trabajo y el sustento de varias familias.&nbsp;&nbsp;&nbsp;<\/p>\n\n\n\n<p>Culmin\u00f3 su alocuci\u00f3n asegurando que el prop\u00f3sito m\u00e1s importante de este proyecto es preservar y difundir el chamam\u00e9. Como prueba del compromiso asumido adelant\u00f3 que tienen cerrada la programaci\u00f3n del mes de noviembre. Este fin de semana largo se desarrollar\u00e1 viernes, s\u00e1bado y domingo, mientras que los pr\u00f3ximos ser\u00e1n los d\u00edas viernes y s\u00e1bados, siempre desde las 23 horas.&nbsp;&nbsp;<\/p>\n\n\n\n<p>En representaci\u00f3n de los artistas que ser\u00e1n parte del espacio se presentaron Eduardo Scofano y Richi Garrido, quienes por un lado subrayaron la calidez del lugar que brinda cobijo a los todos los chamameceros y la familia que lo apuntala, as\u00ed como la convocatoria que han logrado a lo largo de estos 9 meses de trabajo.<\/p>\n\n\n\n<p>Se podr\u00e1 seguir la transmisi\u00f3n en vivo a trav\u00e9s del canal de Youtube de \u201cPe\u00f1a Mariscal\u201d y conocer las novedades, a trav\u00e9s de las redes sociales: \u201cPe\u00f1a Estaci\u00f3n Mariscal\u201d.<\/p>\n\n\n\n<p><strong>Celebraci\u00f3n<\/strong><\/p>\n\n\n\n<p>El cierre del lanzamiento fue con la presentaci\u00f3n de Eduardo Scofano, junto m\u00fasicos invitados, en un anticipo a su actuaci\u00f3n en la Pe\u00f1a prevista para este s\u00e1bado 16 de noviembre.<\/p>\n\n\n\n<p>Lo acompa\u00f1aron el recitador Cayo Fern\u00e1ndez, y la Pareja Nacional Juvenil del Chamam\u00e9, integrada por Milagros Elizabeth G\u00f3mez y Mauricio Sebasti\u00e1n Morel, al igual que distintas parejas de baile que se sumaron a la fiesta chamamecera.<\/p>\n\n\n\n<p><strong>Pe\u00f1a Tradicional Estaci\u00f3n Mariscal<\/strong><\/p>\n\n\n\n<p><strong>PROGRAMACI\u00d3N NOVIEMBRE<\/strong><\/p>\n\n\n\n<p>Lugar: Av. Maip\u00fa 2777<\/p>\n\n\n\n<p>Horario: 23 hs.<\/p>\n\n\n\n<p>16\/11 Edu Scofano<\/p>\n\n\n\n<p>17\/11 Luc\u00eda Monzon, Zacar\u00edas Leguizam\u00f3n y Pilar Acosta<\/p>\n\n\n\n<p>22\/11 Ra\u00edz Guaran\u00ed<\/p>\n\n\n\n<p>23\/11 Adolfo Alegre Grupo<\/p>\n\n\n\n<p>29\/11 Che Roga Chamam\u00e9<\/p>\n\n\n\n<p>30\/11 Grupo Festivaleras<\/p>\n\n\n\n<p><\/p>\n","protected":false},"excerpt":{"rendered":"<p>\u201cAV\u00cdO DEL ALMA\u201d Se realiz\u00f3 hoy a la ma\u00f1ana el lanzamiento de la Pe\u00f1a Oficial de la 34\u00aa Fiesta Nacional del Chamam\u00e9, \u201cAv\u00edo del Alma\u201d. El acto tuvo lugar en el Patio de la Cultura Marit\u00e9 Salas del Instituto de Cultura de Corrientes con la presencia de la presidente del Instituto de Cultura de Corrientes,&#8230;<\/p>\n","protected":false},"author":1,"featured_media":0,"comment_status":"open","ping_status":"closed","sticky":false,"template":"","format":"standard","meta":{"footnotes":""},"categories":[1],"tags":[],"class_list":["post-1587","post","type-post","status-publish","format-standard","hentry","category-noticias"],"_links":{"self":[{"href":"https:\/\/fiestanacionaldelchamame.com.ar\/index.php?rest_route=\/wp\/v2\/posts\/1587","targetHints":{"allow":["GET"]}}],"collection":[{"href":"https:\/\/fiestanacionaldelchamame.com.ar\/index.php?rest_route=\/wp\/v2\/posts"}],"about":[{"href":"https:\/\/fiestanacionaldelchamame.com.ar\/index.php?rest_route=\/wp\/v2\/types\/post"}],"author":[{"embeddable":true,"href":"https:\/\/fiestanacionaldelchamame.com.ar\/index.php?rest_route=\/wp\/v2\/users\/1"}],"replies":[{"embeddable":true,"href":"https:\/\/fiestanacionaldelchamame.com.ar\/index.php?rest_route=%2Fwp%2Fv2%2Fcomments&post=1587"}],"version-history":[{"count":1,"href":"https:\/\/fiestanacionaldelchamame.com.ar\/index.php?rest_route=\/wp\/v2\/posts\/1587\/revisions"}],"predecessor-version":[{"id":1590,"href":"https:\/\/fiestanacionaldelchamame.com.ar\/index.php?rest_route=\/wp\/v2\/posts\/1587\/revisions\/1590"}],"wp:attachment":[{"href":"https:\/\/fiestanacionaldelchamame.com.ar\/index.php?rest_route=%2Fwp%2Fv2%2Fmedia&parent=1587"}],"wp:term":[{"taxonomy":"category","embeddable":true,"href":"https:\/\/fiestanacionaldelchamame.com.ar\/index.php?rest_route=%2Fwp%2Fv2%2Fcategories&post=1587"},{"taxonomy":"post_tag","embeddable":true,"href":"https:\/\/fiestanacionaldelchamame.com.ar\/index.php?rest_route=%2Fwp%2Fv2%2Ftags&post=1587"}],"curies":[{"name":"wp","href":"https:\/\/api.w.org\/{rel}","templated":true}]}}