{"id":1578,"date":"2024-12-05T07:22:01","date_gmt":"2024-12-05T10:22:01","guid":{"rendered":"https:\/\/fiestanacionaldelchamame.com.ar\/?p=1578"},"modified":"2024-12-26T07:24:19","modified_gmt":"2024-12-26T10:24:19","slug":"convocatoria-para-integrar-el-ballet-oficialde-la-34a-fiesta-nacional-del-chamame","status":"publish","type":"post","link":"https:\/\/fiestanacionaldelchamame.com.ar\/?p=1578","title":{"rendered":"Convocatoria para integrar el Ballet Oficialde la  34\u00aa Fiesta Nacional del Chamam\u00e9"},"content":{"rendered":"\n<h2 class=\"wp-block-heading\">\u201cAV\u00cdO DEL ALMA\u201d<\/h2>\n\n\n\n<p>Camino a la 34\u00aa Fiesta Nacional del Chamam\u00e9, 20\u00aa del Mercosur y 4\u00aa Celebraci\u00f3n Mundial, el Instituto de Cultura de Corrientes abre la convocatoria para formar parte del elenco art\u00edstico del Ballet Oficial, dirigido por el maestro Luis Marinoni. La selecci\u00f3n se realizar\u00e1 el domingo 15 de diciembre, a las 16.00, en el Colegio Pio XI.<\/p>\n\n\n\n<figure class=\"wp-block-image size-large\"><img fetchpriority=\"high\" decoding=\"async\" width=\"1024\" height=\"372\" src=\"https:\/\/fiestanacionaldelchamame.com.ar\/wp-content\/uploads\/2024\/12\/02-1024x372.jpeg\" alt=\"\" class=\"wp-image-1579\" srcset=\"https:\/\/fiestanacionaldelchamame.com.ar\/wp-content\/uploads\/2024\/12\/02-1024x372.jpeg 1024w, https:\/\/fiestanacionaldelchamame.com.ar\/wp-content\/uploads\/2024\/12\/02-300x109.jpeg 300w, https:\/\/fiestanacionaldelchamame.com.ar\/wp-content\/uploads\/2024\/12\/02-768x279.jpeg 768w, https:\/\/fiestanacionaldelchamame.com.ar\/wp-content\/uploads\/2024\/12\/02-1536x559.jpeg 1536w, https:\/\/fiestanacionaldelchamame.com.ar\/wp-content\/uploads\/2024\/12\/02-850x309.jpeg 850w, https:\/\/fiestanacionaldelchamame.com.ar\/wp-content\/uploads\/2024\/12\/02.jpeg 1600w\" sizes=\"(max-width: 1024px) 100vw, 1024px\" \/><\/figure>\n\n\n\n<p>Como cada a\u00f1o, el Ballet Oficial de la Fiesta Nacional del Chamam\u00e9 incorporar\u00e1 a su elenco art\u00edstico a 40 bailarines (20 parejas) para poner en escena obras de identidad originaria, hist\u00f3rica, paisaj\u00edstica y contempor\u00e1nea. Ser parte del Ballet Oficial es una oportunidad \u00fanica para vivir la emoci\u00f3n del chamam\u00e9 desde adentro y formar parte de una celebraci\u00f3n chamamecera de talla internacional.<\/p>\n\n\n\n<p>La audici\u00f3n general, como los posteriores ensayos del Ballet Oficial se realizar\u00e1n en el sal\u00f3n de actos del Colegio P\u00edo XI (Av. Costanera Gral. San Mart\u00edn 1150). Se recomienda a los interesados asistir con ropa c\u00f3moda para la audici\u00f3n.<\/p>\n\n\n\n<p><strong>Audici\u00f3n<\/strong><\/p>\n\n\n\n<p>Podr\u00e1n postularse bailarines mayores de 16 a\u00f1os con experiencia en danzas folcl\u00f3ricas argentinas, manejo esc\u00e9nico y disposici\u00f3n para trabajar en equipo. Adem\u00e1s, conocimientos en otras t\u00e9cnicas de danza ser\u00e1n valorados.<\/p>\n\n\n\n<p>Los artistas interesados podr\u00e1n acreditarse personalmente el domingo 15 de diciembre en las instalaciones del Colegio P\u00edo XI. Los resultados se dar\u00e1n a conocer al final de la prueba, mientras que los ensayos comenzar\u00e1n al d\u00eda siguiente, lunes 16 de diciembre.<\/p>\n\n\n\n<figure class=\"wp-block-image size-large\"><img decoding=\"async\" width=\"819\" height=\"1024\" src=\"https:\/\/fiestanacionaldelchamame.com.ar\/wp-content\/uploads\/2024\/12\/CONVOCATORIA-BALLET-819x1024.png\" alt=\"\" class=\"wp-image-1580\" srcset=\"https:\/\/fiestanacionaldelchamame.com.ar\/wp-content\/uploads\/2024\/12\/CONVOCATORIA-BALLET-819x1024.png 819w, https:\/\/fiestanacionaldelchamame.com.ar\/wp-content\/uploads\/2024\/12\/CONVOCATORIA-BALLET-240x300.png 240w, https:\/\/fiestanacionaldelchamame.com.ar\/wp-content\/uploads\/2024\/12\/CONVOCATORIA-BALLET-768x960.png 768w, https:\/\/fiestanacionaldelchamame.com.ar\/wp-content\/uploads\/2024\/12\/CONVOCATORIA-BALLET-300x375.png 300w, https:\/\/fiestanacionaldelchamame.com.ar\/wp-content\/uploads\/2024\/12\/CONVOCATORIA-BALLET-850x1063.png 850w, https:\/\/fiestanacionaldelchamame.com.ar\/wp-content\/uploads\/2024\/12\/CONVOCATORIA-BALLET.png 1080w\" sizes=\"(max-width: 819px) 100vw, 819px\" \/><\/figure>\n\n\n\n<p><strong>IMPORTANTE<\/strong><\/p>\n\n\n\n<p><strong>Audici\u00f3n:<\/strong><\/p>\n\n\n\n<p>Domingo 15 de diciembre, 16:00 hs, en el Colegio P\u00edo XI (Av. Costanera Gral. San Mart\u00edn 1150).<\/p>\n\n\n\n<p><strong>Ensayos:<\/strong><\/p>\n\n\n\n<p>A partir del lunes 16 de diciembre, en el mismo lugar.<\/p>\n\n\n\n<p><strong>Inscripci\u00f3n:<\/strong><\/p>\n\n\n\n<p>Presentarse el d\u00eda de la audici\u00f3n con ropa c\u00f3moda y DNI<\/p>\n\n\n\n<p>\u00b7&nbsp;&nbsp;&nbsp;&nbsp;&nbsp;&nbsp;&nbsp;&nbsp;&nbsp;Para m\u00e1s informaci\u00f3n dirigirse al 3794409132 (Marta Vidoni)<\/p>\n\n\n\n<p><\/p>\n","protected":false},"excerpt":{"rendered":"<p>\u201cAV\u00cdO DEL ALMA\u201d Camino a la 34\u00aa Fiesta Nacional del Chamam\u00e9, 20\u00aa del Mercosur y 4\u00aa Celebraci\u00f3n Mundial, el Instituto de Cultura de Corrientes abre la convocatoria para formar parte del elenco art\u00edstico del Ballet Oficial, dirigido por el maestro Luis Marinoni. La selecci\u00f3n se realizar\u00e1 el domingo 15 de diciembre, a las 16.00, en&#8230;<\/p>\n","protected":false},"author":1,"featured_media":0,"comment_status":"open","ping_status":"closed","sticky":false,"template":"","format":"standard","meta":{"footnotes":""},"categories":[1],"tags":[],"class_list":["post-1578","post","type-post","status-publish","format-standard","hentry","category-noticias"],"_links":{"self":[{"href":"https:\/\/fiestanacionaldelchamame.com.ar\/index.php?rest_route=\/wp\/v2\/posts\/1578","targetHints":{"allow":["GET"]}}],"collection":[{"href":"https:\/\/fiestanacionaldelchamame.com.ar\/index.php?rest_route=\/wp\/v2\/posts"}],"about":[{"href":"https:\/\/fiestanacionaldelchamame.com.ar\/index.php?rest_route=\/wp\/v2\/types\/post"}],"author":[{"embeddable":true,"href":"https:\/\/fiestanacionaldelchamame.com.ar\/index.php?rest_route=\/wp\/v2\/users\/1"}],"replies":[{"embeddable":true,"href":"https:\/\/fiestanacionaldelchamame.com.ar\/index.php?rest_route=%2Fwp%2Fv2%2Fcomments&post=1578"}],"version-history":[{"count":1,"href":"https:\/\/fiestanacionaldelchamame.com.ar\/index.php?rest_route=\/wp\/v2\/posts\/1578\/revisions"}],"predecessor-version":[{"id":1581,"href":"https:\/\/fiestanacionaldelchamame.com.ar\/index.php?rest_route=\/wp\/v2\/posts\/1578\/revisions\/1581"}],"wp:attachment":[{"href":"https:\/\/fiestanacionaldelchamame.com.ar\/index.php?rest_route=%2Fwp%2Fv2%2Fmedia&parent=1578"}],"wp:term":[{"taxonomy":"category","embeddable":true,"href":"https:\/\/fiestanacionaldelchamame.com.ar\/index.php?rest_route=%2Fwp%2Fv2%2Fcategories&post=1578"},{"taxonomy":"post_tag","embeddable":true,"href":"https:\/\/fiestanacionaldelchamame.com.ar\/index.php?rest_route=%2Fwp%2Fv2%2Ftags&post=1578"}],"curies":[{"name":"wp","href":"https:\/\/api.w.org\/{rel}","templated":true}]}}