{"id":1565,"date":"2024-12-19T07:05:43","date_gmt":"2024-12-19T10:05:43","guid":{"rendered":"https:\/\/fiestanacionaldelchamame.com.ar\/?p=1565"},"modified":"2024-12-26T07:09:57","modified_gmt":"2024-12-26T10:09:57","slug":"34a-fnch-jubilados-y-pensionados-del-ips-tendran-un-20-de-descuentos-en-las-entradas","status":"publish","type":"post","link":"https:\/\/fiestanacionaldelchamame.com.ar\/?p=1565","title":{"rendered":"34\u00aa FNCH: jubilados y pensionados del IPS tendr\u00e1n\u00a0un 20% de descuentos en las entradas"},"content":{"rendered":"\n<h2 class=\"wp-block-heading\">\u201cAV\u00cdO DEL ALMA\u201c<\/h2>\n\n\n\n<p>Esta ma\u00f1ana se rubric\u00f3 un convenio entre las autoridades del Instituto de Cultura de Corrientes y del Instituto de Previsi\u00f3n Social (IPS), para establecer un descuento del 20% para los jubilados y pensionados provinciales que asistan a la 34\u00aa Fiesta Nacional del Chamam\u00e9, 20\u00aa del Mercosur y 4\u00aa Celebraci\u00f3n Mundial, a desarrollarse del 17 al 26 de enero del 2025 en el anfiteatro Cocomarola. Alcanzar\u00e1 a 34.000 beneficiarios y entra en vigencia desde hoy.<\/p>\n\n\n\n<p>De la firma del presente acuerdo participaron Beatriz Kunin, presidente del Instituto de Cultura de Corrientes, y H\u00e9ctor L\u00f3pez, interventor del Instituto de Previsi\u00f3n Social (IPS), acompa\u00f1ados de Leiza Centuri\u00f3n Olguin, asesora general del ente previsional.&nbsp;<\/p>\n\n\n\n<figure class=\"wp-block-image size-large\"><img fetchpriority=\"high\" decoding=\"async\" width=\"1024\" height=\"780\" src=\"https:\/\/fiestanacionaldelchamame.com.ar\/wp-content\/uploads\/2024\/12\/04-1-1024x780.jpg\" alt=\"\" class=\"wp-image-1566\" srcset=\"https:\/\/fiestanacionaldelchamame.com.ar\/wp-content\/uploads\/2024\/12\/04-1-1024x780.jpg 1024w, https:\/\/fiestanacionaldelchamame.com.ar\/wp-content\/uploads\/2024\/12\/04-1-300x229.jpg 300w, https:\/\/fiestanacionaldelchamame.com.ar\/wp-content\/uploads\/2024\/12\/04-1-768x585.jpg 768w, https:\/\/fiestanacionaldelchamame.com.ar\/wp-content\/uploads\/2024\/12\/04-1-1536x1170.jpg 1536w, https:\/\/fiestanacionaldelchamame.com.ar\/wp-content\/uploads\/2024\/12\/04-1-2048x1560.jpg 2048w, https:\/\/fiestanacionaldelchamame.com.ar\/wp-content\/uploads\/2024\/12\/04-1-850x648.jpg 850w\" sizes=\"(max-width: 1024px) 100vw, 1024px\" \/><\/figure>\n\n\n\n<p>En concreto, el acuerdo rubricado permitir\u00e1 brindar a los jubilados y\/o pensionados provinciales un descuento que se har\u00e1 efectivo con la presentaci\u00f3n del respectivo carnet de beneficiario \u2013 digital o impreso- expedido por el Instituto de Previsi\u00f3n Social de Corrientes. En cualquiera de los dos formatos podr\u00e1n acceder al beneficio para disfrutar de esta importante celebraci\u00f3n que convoca a toda la Naci\u00f3n Chamamecera.<\/p>\n\n\n\n<p>Tendr\u00e1n un descuento del 20% en el valor de la entrada y podr\u00e1 adquirir un m\u00e1ximo de 2 (dos) tickets por jornada de la Fiesta Nacional del Chamam\u00e9 por beneficiario, y el mismo solo se aplicar\u00e1 para la compra de entradas f\u00edsicas, en los puntos de venta oficiales.<\/p>\n\n\n\n<figure class=\"wp-block-image size-large\"><img decoding=\"async\" width=\"1024\" height=\"780\" src=\"https:\/\/fiestanacionaldelchamame.com.ar\/wp-content\/uploads\/2024\/12\/03-2-1024x780.jpg\" alt=\"\" class=\"wp-image-1567\" srcset=\"https:\/\/fiestanacionaldelchamame.com.ar\/wp-content\/uploads\/2024\/12\/03-2-1024x780.jpg 1024w, https:\/\/fiestanacionaldelchamame.com.ar\/wp-content\/uploads\/2024\/12\/03-2-300x229.jpg 300w, https:\/\/fiestanacionaldelchamame.com.ar\/wp-content\/uploads\/2024\/12\/03-2-768x585.jpg 768w, https:\/\/fiestanacionaldelchamame.com.ar\/wp-content\/uploads\/2024\/12\/03-2-1536x1170.jpg 1536w, https:\/\/fiestanacionaldelchamame.com.ar\/wp-content\/uploads\/2024\/12\/03-2-2048x1560.jpg 2048w, https:\/\/fiestanacionaldelchamame.com.ar\/wp-content\/uploads\/2024\/12\/03-2-850x648.jpg 850w\" sizes=\"(max-width: 1024px) 100vw, 1024px\" \/><\/figure>\n\n\n\n<p>Se podr\u00e1n comprar en el Instituto de Cultura de Corrientes (San Juan 546), el Museo de Ciencias Naturales Dr. Amado Bonpland (Av. Costanera General San Mart\u00edn) y el Centenario Shopping Mall (Av. Ra\u00fal Alfons\u00edn 3525). La comercializaci\u00f3n dar\u00e1 inicio en los pr\u00f3ximos d\u00edas.<\/p>\n","protected":false},"excerpt":{"rendered":"<p>\u201cAV\u00cdO DEL ALMA\u201c Esta ma\u00f1ana se rubric\u00f3 un convenio entre las autoridades del Instituto de Cultura de Corrientes y del Instituto de Previsi\u00f3n Social (IPS), para establecer un descuento del 20% para los jubilados y pensionados provinciales que asistan a la 34\u00aa Fiesta Nacional del Chamam\u00e9, 20\u00aa del Mercosur y 4\u00aa Celebraci\u00f3n Mundial, a desarrollarse&#8230;<\/p>\n","protected":false},"author":1,"featured_media":0,"comment_status":"open","ping_status":"closed","sticky":false,"template":"","format":"standard","meta":{"footnotes":""},"categories":[1],"tags":[],"class_list":["post-1565","post","type-post","status-publish","format-standard","hentry","category-noticias"],"_links":{"self":[{"href":"https:\/\/fiestanacionaldelchamame.com.ar\/index.php?rest_route=\/wp\/v2\/posts\/1565","targetHints":{"allow":["GET"]}}],"collection":[{"href":"https:\/\/fiestanacionaldelchamame.com.ar\/index.php?rest_route=\/wp\/v2\/posts"}],"about":[{"href":"https:\/\/fiestanacionaldelchamame.com.ar\/index.php?rest_route=\/wp\/v2\/types\/post"}],"author":[{"embeddable":true,"href":"https:\/\/fiestanacionaldelchamame.com.ar\/index.php?rest_route=\/wp\/v2\/users\/1"}],"replies":[{"embeddable":true,"href":"https:\/\/fiestanacionaldelchamame.com.ar\/index.php?rest_route=%2Fwp%2Fv2%2Fcomments&post=1565"}],"version-history":[{"count":1,"href":"https:\/\/fiestanacionaldelchamame.com.ar\/index.php?rest_route=\/wp\/v2\/posts\/1565\/revisions"}],"predecessor-version":[{"id":1568,"href":"https:\/\/fiestanacionaldelchamame.com.ar\/index.php?rest_route=\/wp\/v2\/posts\/1565\/revisions\/1568"}],"wp:attachment":[{"href":"https:\/\/fiestanacionaldelchamame.com.ar\/index.php?rest_route=%2Fwp%2Fv2%2Fmedia&parent=1565"}],"wp:term":[{"taxonomy":"category","embeddable":true,"href":"https:\/\/fiestanacionaldelchamame.com.ar\/index.php?rest_route=%2Fwp%2Fv2%2Fcategories&post=1565"},{"taxonomy":"post_tag","embeddable":true,"href":"https:\/\/fiestanacionaldelchamame.com.ar\/index.php?rest_route=%2Fwp%2Fv2%2Ftags&post=1565"}],"curies":[{"name":"wp","href":"https:\/\/api.w.org\/{rel}","templated":true}]}}