{"id":1561,"date":"2024-12-25T18:14:23","date_gmt":"2024-12-25T21:14:23","guid":{"rendered":"https:\/\/fiestanacionaldelchamame.com.ar\/?p=1561"},"modified":"2024-12-25T18:14:34","modified_gmt":"2024-12-25T21:14:34","slug":"con-anuncio-de-programacion-se-lanzo-oficialmente-la-34a-fiesta-nacional-del-chamame","status":"publish","type":"post","link":"https:\/\/fiestanacionaldelchamame.com.ar\/?p=1561","title":{"rendered":"Con anuncio de programaci\u00f3n, se lanz\u00f3 oficialmente la 34\u00aa Fiesta Nacional del Chamam\u00e9"},"content":{"rendered":"\n<p>Esta ma\u00f1ana en el Patio de la Cultura Marit\u00e9 Salas del Instituto de Cultura de Corrientes se llev\u00f3 a cabo el Lanzamiento Oficial de la 34\u00aa Fiesta Nacional del Chamam\u00e9, 20\u00aa Fiesta del Chamam\u00e9 del MERCOSUR y 4\u00aa Celebraci\u00f3n Mundial, con importantes anuncios vinculados a la programaci\u00f3n art\u00edstica \u2013por orden alfab\u00e9tico-, la venta de entradas y la impronta que tendr\u00e1 esta edici\u00f3n \u201cChamam\u00e9, av\u00edo del alma\u201d: Adem\u00e1s de autoridades, acompa\u00f1aron la presentaci\u00f3n m\u00fasicos, bailarines, gestores culturales y comunicadores que apoyan a esta Fiesta Grande, a desarrollarse del 17 al 26 de enero de 2025.<\/p>\n\n\n\n<figure class=\"wp-block-image size-large\"><img fetchpriority=\"high\" decoding=\"async\" width=\"1024\" height=\"683\" src=\"https:\/\/fiestanacionaldelchamame.com.ar\/wp-content\/uploads\/2024\/12\/01-4-1024x683.jpg\" alt=\"\" class=\"wp-image-1562\" srcset=\"https:\/\/fiestanacionaldelchamame.com.ar\/wp-content\/uploads\/2024\/12\/01-4-1024x683.jpg 1024w, https:\/\/fiestanacionaldelchamame.com.ar\/wp-content\/uploads\/2024\/12\/01-4-300x200.jpg 300w, https:\/\/fiestanacionaldelchamame.com.ar\/wp-content\/uploads\/2024\/12\/01-4-768x512.jpg 768w, https:\/\/fiestanacionaldelchamame.com.ar\/wp-content\/uploads\/2024\/12\/01-4-1536x1024.jpg 1536w, https:\/\/fiestanacionaldelchamame.com.ar\/wp-content\/uploads\/2024\/12\/01-4-850x567.jpg 850w, https:\/\/fiestanacionaldelchamame.com.ar\/wp-content\/uploads\/2024\/12\/01-4.jpg 2048w\" sizes=\"(max-width: 1024px) 100vw, 1024px\" \/><\/figure>\n\n\n\n<p>El acto tuvo dos grandes oradores, Eduardo Sivori, Director General de la Fiesta y Beatriz Kunin, presidente del Instituto de Cultura. Se hicieron presentes tambi\u00e9n autoridades locales, funcionarios provinciales y prestigiosos chamameceros como Bocha Sheridan, Julio C\u00e1ceres, Cacho Esp\u00edndola, Aldy Balestra, Gustavo Miqueri, Alfredo Monz\u00f3n, entre muchos otros.&nbsp;<\/p>\n\n\n\n<p>El evento inici\u00f3 con las palabras de Eduardo Sivori, quien destac\u00f3 los 40 a\u00f1os de vigencia de la Fiesta, a la que se le fue dando la condici\u00f3n de celebraci\u00f3n popular a partir de la llegada a la gesti\u00f3n p\u00fablica de Norberto Lischinsky. Record\u00f3 diferentes lemas que se usaron a lo largo de las sucesivas ediciones, a modo de s\u00edntesis para destacar que la Fiesta Nacional del Chamam\u00e9 no es solamente una grilla de artistas, sino m\u00e1s bien una expresi\u00f3n identitaria que abarca m\u00e1s que m\u00fasica y se contempla en la danza, la gastronom\u00eda, en las creencias, entre otros aspectos culturales que unen a toda la Naci\u00f3n Chamamecera.<\/p>\n\n\n\n<figure class=\"wp-block-image size-large\"><img decoding=\"async\" width=\"1024\" height=\"339\" src=\"https:\/\/fiestanacionaldelchamame.com.ar\/wp-content\/uploads\/2024\/12\/07-1-1024x339.jpg\" alt=\"\" class=\"wp-image-1563\" srcset=\"https:\/\/fiestanacionaldelchamame.com.ar\/wp-content\/uploads\/2024\/12\/07-1-1024x339.jpg 1024w, https:\/\/fiestanacionaldelchamame.com.ar\/wp-content\/uploads\/2024\/12\/07-1-300x99.jpg 300w, https:\/\/fiestanacionaldelchamame.com.ar\/wp-content\/uploads\/2024\/12\/07-1-768x254.jpg 768w, https:\/\/fiestanacionaldelchamame.com.ar\/wp-content\/uploads\/2024\/12\/07-1-1536x509.jpg 1536w, https:\/\/fiestanacionaldelchamame.com.ar\/wp-content\/uploads\/2024\/12\/07-1-850x281.jpg 850w, https:\/\/fiestanacionaldelchamame.com.ar\/wp-content\/uploads\/2024\/12\/07-1.jpg 2048w\" sizes=\"(max-width: 1024px) 100vw, 1024px\" \/><\/figure>\n\n\n\n<p>Asimismo, remarc\u00f3 sobre lo que suceder\u00e1 en enero pr\u00f3ximo: \u201cM\u00e1s all\u00e1 de lo que ocurra en los escenarios, se est\u00e1n preparando para que sea una gran Fiesta, la mejor de todas, que est\u00e1 a la altura de lo que ustedes est\u00e1n esperando y la vamos construyendo entre todos. Para m\u00ed es maravilloso que estemos a d\u00edas de empezar esta fiesta que celebra la identidad fuertemente\u201d.<\/p>\n\n\n\n<p>Luego se present\u00f3 el Tr\u00e1iler Oficial de la edici\u00f3n \u201cChamam\u00e9, Av\u00edo del alma\u201d y continu\u00f3 con las palabras de Beatriz Kunin quien valor\u00f3 el trabajo de quienes han mantenido vivo este acervo tradicional. Defini\u00f3 a la Fiesta \u201ccomo algo inconmensurable, lo que se lleva adentro y que identifica y enorgullece al ser correntino\u201d.<\/p>\n\n\n\n<p>Destac\u00f3 que desde su gesti\u00f3n viene a dar continuidad a lo que ya se ven\u00eda haciendo con anterioridad, y mencion\u00f3 los lugares, tanto del interior del pa\u00eds \u2013 Ciudad de Buenos Aires y Posadas, Misiones-, como fuera de \u00e9l \u2013 Asunci\u00f3n y Encarnaci\u00f3n en Paraguay-, a los que se concurri\u00f3 para hacer promoci\u00f3n de la Fiesta, en los que hubo lleno total y cumplidos por parte de los concurrentes.&nbsp; Adelant\u00f3 que se espera una concentraci\u00f3n de turistas provenientes de Brasil y Paraguay, que realizar\u00e1n un aporte genuino a la econom\u00eda correntina.<\/p>\n\n\n\n<p>Present\u00f3 la grilla de las 10 noches chamameceras y se dirigi\u00f3 especialmente a los que este a\u00f1o no son parte de la misma: \u201cNo quisiera que aquellos que no van a estar en el escenario sientan que no los valoramos, lo hacemos y mucho, pero tenemos un l\u00edmite de tiempo y eso es lo que tenemos que hacer\u201d.<\/p>\n\n\n\n<p><strong>Entradas<\/strong><\/p>\n\n\n\n<p>Por \u00faltimo, explic\u00f3 que desde ma\u00f1ana se abre la venta de entradas, cuyos costos ser\u00e1n: 7 mil pesos (l\u00edmite de ingreso hasta las 21,30 hs.), 9 mil pesos (sin l\u00edmite de horario) y 13 mil pesos (preferencial).<\/p>\n\n\n\n<figure class=\"wp-block-image size-large\"><img decoding=\"async\" width=\"1024\" height=\"752\" src=\"https:\/\/fiestanacionaldelchamame.com.ar\/wp-content\/uploads\/2024\/12\/pUNTOS-DE-VENTAS-1024x752.jpeg\" alt=\"\" class=\"wp-image-1547\" srcset=\"https:\/\/fiestanacionaldelchamame.com.ar\/wp-content\/uploads\/2024\/12\/pUNTOS-DE-VENTAS-1024x752.jpeg 1024w, https:\/\/fiestanacionaldelchamame.com.ar\/wp-content\/uploads\/2024\/12\/pUNTOS-DE-VENTAS-300x220.jpeg 300w, https:\/\/fiestanacionaldelchamame.com.ar\/wp-content\/uploads\/2024\/12\/pUNTOS-DE-VENTAS-768x564.jpeg 768w, https:\/\/fiestanacionaldelchamame.com.ar\/wp-content\/uploads\/2024\/12\/pUNTOS-DE-VENTAS-850x624.jpeg 850w, https:\/\/fiestanacionaldelchamame.com.ar\/wp-content\/uploads\/2024\/12\/pUNTOS-DE-VENTAS.jpeg 1224w\" sizes=\"(max-width: 1024px) 100vw, 1024px\" \/><\/figure>\n\n\n\n<p>Puntos de venta:&nbsp;&nbsp;<\/p>\n\n\n\n<p>-Instituto de Cultura de Corrientes<\/p>\n\n\n\n<p>-Museo de Ciencias Naturales \u201cDr. Amado Bonpland\u201d<\/p>\n\n\n\n<p>-Centenario Shopping Mall.<\/p>\n\n\n\n<p>Comercializaci\u00f3n electr\u00f3nica:<\/p>\n\n\n\n<p><a href=\"https:\/\/weepas.ar\">https:\/\/weepas.ar<\/a><\/p>\n\n\n\n<p>Adem\u00e1s, mencion\u00f3 los beneficios de compras \u2013en puntos de ventas f\u00edsicos- con el IPS (descuento del 20%), y descuento y en cuotas con el Banco de Corrientes.<\/p>\n\n\n\n<p><strong>Otros anuncios<\/strong><\/p>\n\n\n\n<p>En la segunda parte, el evento continu\u00f3 con la proyecci\u00f3n del video de la coreograf\u00eda multitudinaria de Chamam\u00e9, preparado para esta Fiesta y dirigido por el core\u00f3grafo Mat\u00edas Pedemonte.<\/p>\n\n\n\n<p>Por \u00faltimo, Federico Ojeda, titular de la Subsecretar\u00eda de Sistemas y Tecnolog\u00edas de la Informaci\u00f3n (SusTI) adelant\u00f3 que propondr\u00e1n un Chamam\u00e9 Challenge, juego en redes en base a una coreograf\u00eda propuesta a partir de chamam\u00e9 fusi\u00f3n de la artista Diouja, y en el anfiteatro Cocomarola habr\u00e1 otro juego denominado el \u201cSapuc\u00f3metro\u201d, competencia que otorgar\u00e1 premios.<\/p>\n\n\n\n<p>El lanzamiento de la 34\u00aa Fiesta Nacional del Chamam\u00e9 finaliz\u00f3 con la actuaci\u00f3n de Vicky S\u00e1nchez, la Princesita del Chamam\u00e9 y su conjunto. Y no falt\u00f3 la danza de la mano de la flamante Pareja Nacional del Chamam\u00e9 del 2025,&nbsp;Erika Aguirre y Marcelo Aguirre, que asumir\u00e1 formalmente el 17 de enero.<\/p>\n","protected":false},"excerpt":{"rendered":"<p>Esta ma\u00f1ana en el Patio de la Cultura Marit\u00e9 Salas del Instituto de Cultura de Corrientes se llev\u00f3 a cabo el Lanzamiento Oficial de la 34\u00aa Fiesta Nacional del Chamam\u00e9, 20\u00aa Fiesta del Chamam\u00e9 del MERCOSUR y 4\u00aa Celebraci\u00f3n Mundial, con importantes anuncios vinculados a la programaci\u00f3n art\u00edstica \u2013por orden alfab\u00e9tico-, la venta de entradas&#8230;<\/p>\n","protected":false},"author":1,"featured_media":0,"comment_status":"open","ping_status":"closed","sticky":false,"template":"","format":"standard","meta":{"footnotes":""},"categories":[1],"tags":[],"class_list":["post-1561","post","type-post","status-publish","format-standard","hentry","category-noticias"],"_links":{"self":[{"href":"https:\/\/fiestanacionaldelchamame.com.ar\/index.php?rest_route=\/wp\/v2\/posts\/1561","targetHints":{"allow":["GET"]}}],"collection":[{"href":"https:\/\/fiestanacionaldelchamame.com.ar\/index.php?rest_route=\/wp\/v2\/posts"}],"about":[{"href":"https:\/\/fiestanacionaldelchamame.com.ar\/index.php?rest_route=\/wp\/v2\/types\/post"}],"author":[{"embeddable":true,"href":"https:\/\/fiestanacionaldelchamame.com.ar\/index.php?rest_route=\/wp\/v2\/users\/1"}],"replies":[{"embeddable":true,"href":"https:\/\/fiestanacionaldelchamame.com.ar\/index.php?rest_route=%2Fwp%2Fv2%2Fcomments&post=1561"}],"version-history":[{"count":1,"href":"https:\/\/fiestanacionaldelchamame.com.ar\/index.php?rest_route=\/wp\/v2\/posts\/1561\/revisions"}],"predecessor-version":[{"id":1564,"href":"https:\/\/fiestanacionaldelchamame.com.ar\/index.php?rest_route=\/wp\/v2\/posts\/1561\/revisions\/1564"}],"wp:attachment":[{"href":"https:\/\/fiestanacionaldelchamame.com.ar\/index.php?rest_route=%2Fwp%2Fv2%2Fmedia&parent=1561"}],"wp:term":[{"taxonomy":"category","embeddable":true,"href":"https:\/\/fiestanacionaldelchamame.com.ar\/index.php?rest_route=%2Fwp%2Fv2%2Fcategories&post=1561"},{"taxonomy":"post_tag","embeddable":true,"href":"https:\/\/fiestanacionaldelchamame.com.ar\/index.php?rest_route=%2Fwp%2Fv2%2Ftags&post=1561"}],"curies":[{"name":"wp","href":"https:\/\/api.w.org\/{rel}","templated":true}]}}