{"id":1491,"date":"2024-01-03T09:04:00","date_gmt":"2024-01-03T12:04:00","guid":{"rendered":"https:\/\/fiestanacionaldelchamame.com.ar\/?p=1491"},"modified":"2024-01-06T09:06:08","modified_gmt":"2024-01-06T12:06:08","slug":"ofelia-leiva-se-prepara-para-reencontrarse-con-su-publico-en-el-anfiteatro-cocomarola","status":"publish","type":"post","link":"https:\/\/fiestanacionaldelchamame.com.ar\/?p=1491","title":{"rendered":"Ofelia Leiva se prepara para reencontrarse con su p\u00fablico en el anfiteatro Cocomarola"},"content":{"rendered":"\n<p>\u201cMe produce mucha felicidad que despu\u00e9s de 60 a\u00f1os de trayectoria, la gente todav\u00eda me espere y aplauda\u201d, asegur\u00f3 Ofelia Leiva, una de las artistas m\u00e1s importantes y queridas del g\u00e9nero, que actuar\u00e1 el s\u00e1bado 13 de enero en el anfiteatro Mario del Tr\u00e1nsito Cocomarola.<\/p>\n\n\n\n<p>Como en cada a\u00f1o de la Fiesta Nacional del Chamam\u00e9, Ofelia Leiva regresa al escenario Osvaldo Sosa Cordero, donde ser\u00e1 uno de los n\u00fameros principales en la noche del 13 de enero, en la 33\u00b0 edici\u00f3n, 19\u00b0 del MERCOSUR y 3\u00b0 Celebraci\u00f3n Mundial de la m\u00fasica chamamecera.<\/p>\n\n\n\n<p>Mientras se prepara y ultima detalles en Buenos Aires para volver a actuar en su provincia natal, la artista se emociona al recordar los inicios de su carrera y expresa que \u201cme produce mucha felicidad que despu\u00e9s de 60 a\u00f1os de trayectoria, la gente todav\u00eda me espere y aplauda\u201d.<\/p>\n\n\n\n<p>En una larga charla telef\u00f3nica, cont\u00f3 que \u201cme estoy preparando bien para la Fiesta del Chamam\u00e9, ya mand\u00e9 todo lo necesario para nuestra actuaci\u00f3n, as\u00ed que ultimando detalles\u201d.<\/p>\n\n\n\n<p><strong>Desde los inicios<\/strong><\/p>\n\n\n\n<p>Con Domingo Ra\u00fal Palacios, conocido art\u00edsticamente como Rosendo Arias, \u201cestuvimos con el d\u00fao desde la primera Fiesta del Chamam\u00e9, que se hac\u00eda en el Club Juventus, luego pasamos al Regatas, hasta que nos trasladamos al Anfiteatro\u201d, recuerda la cantante, autora y compositora de chamam\u00e9.<\/p>\n\n\n\n<p>En relaci\u00f3n al Juventus, desde los inicios, record\u00f3 que \u201cse juntaba mucha gente, a pesar que la Fiesta no era lo que es ahora. Hoy no tenemos que envidiarle nada a nadie: tenemos un escenario maravilloso, una puesta en escena con grandes pantallas incre\u00edble, con luces y sonido de primer nivel\u201d, asegur\u00f3, por lo cual remarc\u00f3 que \u201ces un privilegio muy grande que tenemos los chamameceros de contar con todo esto a nuestro favor\u201d.<\/p>\n\n\n\n<p>Respecto a si normaliza luego de tanta trayectoria, el aprecio y la admiraci\u00f3n que siente el p\u00fablico por ella, Leiva expres\u00f3 que no, \u201cme produce much\u00edsima felicidad que despu\u00e9s de 60 a\u00f1os, la gente todav\u00eda me espere y aplauda\u201d. Asimismo, record\u00f3 emocionada que d\u00edas atr\u00e1s, un joven de 19 a\u00f1os \u201cse me acerc\u00f3 y me dijo que \u00e9l empez\u00f3 a amar el chamam\u00e9 cuando lo escuch\u00f3 en mi voz\u201d.<\/p>\n\n\n\n<p>\u201cPara m\u00ed el chamamecero es todo\u201d, agreg\u00f3 y se\u00f1al\u00f3 que \u201cese chico es chamamecero, el que paga una entrada y va a escuchar, el que pone permanentemente una radio donde se escucha chamam\u00e9. Es el pescador que sale con su canoa a la madrugada y trae a la costa lo que consigui\u00f3, para que coma su familia o para vender. Es una manera de ser y es nuestra identidad\u201d.<\/p>\n\n\n\n<p><strong>M\u00fasica avasallante<\/strong><\/p>\n\n\n\n<p>Por otra parte, Ofelia Leiva advirti\u00f3 que \u201csiempre le pido a la gente que tenga consciencia, que la UNESCO declar\u00f3 al Chamam\u00e9, Patrimonio Cultural Inmaterial de la Humanidad, y eso es inmenso; todos los g\u00e9neros quisieran tener esa distinci\u00f3n y el chamam\u00e9 lo tiene\u201d.<\/p>\n\n\n\n<p>\u201cNos cost\u00f3 much\u00edsimo trabajo que el chamam\u00e9 sea tenido en cuenta, porque por mucho tiempo fue descalificado, dejado de lado, no lo consideraban parte del folclore\u201d, record\u00f3, y dej\u00f3 en claro \u201cque no somos una m\u00fasica menor, somos una m\u00fasica avasallante\u201d.<\/p>\n\n\n\n<p>Por eso, se\u00f1al\u00f3: \u201cMe gustar\u00eda que muchos m\u00e1s j\u00f3venes artistas, con m\u00e1s energ\u00eda, salgan un poco de la provincia de Corrientes y caminen como hicimos nosotros\u201d. Pidi\u00f3 de esta manera a quienes inician su carrera en el g\u00e9nero, que \u201cinvestiguen un poco en los autores a quienes no se les canta, y que dejaron material para la m\u00fasica nuestra, canciones maravillosas, de Edgar Romero Maciel y Alberico Mancilla, por ejemplo; Salvador Miqueri; Mario del Tr\u00e1nsito Cocomarola; Isaco Abitbol; Osvaldo Sosa Cordero; y no quiero dejar de recordar a alguien que admire infinitamente y que grabamos con Rosendo muchas cosas de \u00e9l, que se fue hace poco, Ram\u00f3n Ayala, otro gran hacedor de maravillosas canciones\u201d.<\/p>\n\n\n\n<p>Resalt\u00f3 as\u00ed que \u201ca los 16 a\u00f1os ya cantaba m\u00fasica de ellos y hoy a los 73, lo sigo haciendo\u201d, instando especialmente para que se contin\u00fae llevando al escenario letras de dichos artistas. En este sentido, cit\u00f3 a quien fuera su compa\u00f1ero de vida y con quien integraron uno de los d\u00faos m\u00e1s recordados de la historia chamamecera, Rosendo: \u201cEl chamam\u00e9 es la m\u00fasica m\u00e1s pura y hermosa que hay\u201d, y \u201cnunca voy a traicionar el sentimiento correntino hacia su m\u00fasica\u201d; esta \u00faltima grabada para siempre en una de las producciones discogr\u00e1ficas que sacaron.<\/p>\n\n\n\n<p>Cabe recordar que la 33\u00b0 Fiesta Nacional del Chamam\u00e9 inicia el viernes 12 de enero y se extender\u00e1 hasta el domingo 21 del mismo mes, bajo el lema \u201cGrito de identidad\u201d.<\/p>\n","protected":false},"excerpt":{"rendered":"<p>\u201cMe produce mucha felicidad que despu\u00e9s de 60 a\u00f1os de trayectoria, la gente todav\u00eda me espere y aplauda\u201d, asegur\u00f3 Ofelia Leiva, una de las artistas m\u00e1s importantes y queridas del g\u00e9nero, que actuar\u00e1 el s\u00e1bado 13 de enero en el anfiteatro Mario del Tr\u00e1nsito Cocomarola. Como en cada a\u00f1o de la Fiesta Nacional del Chamam\u00e9,&#8230;<\/p>\n","protected":false},"author":1,"featured_media":1492,"comment_status":"open","ping_status":"closed","sticky":false,"template":"","format":"standard","meta":{"footnotes":""},"categories":[1],"tags":[],"class_list":["post-1491","post","type-post","status-publish","format-standard","has-post-thumbnail","hentry","category-noticias"],"_links":{"self":[{"href":"https:\/\/fiestanacionaldelchamame.com.ar\/index.php?rest_route=\/wp\/v2\/posts\/1491","targetHints":{"allow":["GET"]}}],"collection":[{"href":"https:\/\/fiestanacionaldelchamame.com.ar\/index.php?rest_route=\/wp\/v2\/posts"}],"about":[{"href":"https:\/\/fiestanacionaldelchamame.com.ar\/index.php?rest_route=\/wp\/v2\/types\/post"}],"author":[{"embeddable":true,"href":"https:\/\/fiestanacionaldelchamame.com.ar\/index.php?rest_route=\/wp\/v2\/users\/1"}],"replies":[{"embeddable":true,"href":"https:\/\/fiestanacionaldelchamame.com.ar\/index.php?rest_route=%2Fwp%2Fv2%2Fcomments&post=1491"}],"version-history":[{"count":1,"href":"https:\/\/fiestanacionaldelchamame.com.ar\/index.php?rest_route=\/wp\/v2\/posts\/1491\/revisions"}],"predecessor-version":[{"id":1493,"href":"https:\/\/fiestanacionaldelchamame.com.ar\/index.php?rest_route=\/wp\/v2\/posts\/1491\/revisions\/1493"}],"wp:featuredmedia":[{"embeddable":true,"href":"https:\/\/fiestanacionaldelchamame.com.ar\/index.php?rest_route=\/wp\/v2\/media\/1492"}],"wp:attachment":[{"href":"https:\/\/fiestanacionaldelchamame.com.ar\/index.php?rest_route=%2Fwp%2Fv2%2Fmedia&parent=1491"}],"wp:term":[{"taxonomy":"category","embeddable":true,"href":"https:\/\/fiestanacionaldelchamame.com.ar\/index.php?rest_route=%2Fwp%2Fv2%2Fcategories&post=1491"},{"taxonomy":"post_tag","embeddable":true,"href":"https:\/\/fiestanacionaldelchamame.com.ar\/index.php?rest_route=%2Fwp%2Fv2%2Ftags&post=1491"}],"curies":[{"name":"wp","href":"https:\/\/api.w.org\/{rel}","templated":true}]}}