{"id":1488,"date":"2024-01-03T09:01:00","date_gmt":"2024-01-03T12:01:00","guid":{"rendered":"https:\/\/fiestanacionaldelchamame.com.ar\/?p=1488"},"modified":"2024-01-06T09:02:17","modified_gmt":"2024-01-06T12:02:17","slug":"a-puro-musica-y-danza-comenzo-a-sonar-en-corrientes-el-grito-de-identidad","status":"publish","type":"post","link":"https:\/\/fiestanacionaldelchamame.com.ar\/?p=1488","title":{"rendered":"A puro m\u00fasica y danza, comenz\u00f3 a sonar en Corrientes el \u201cGrito de identidad\u201d"},"content":{"rendered":"\n<p>El patio del hogar Juana Costa de Chapo fue hoy a la ma\u00f1ana el epicentro de la primera jornada del \u201cChamam\u00e9 con Todos\u201d, propuesta que forma parte de la 33\u00aa Fiesta Nacional del Chamam\u00e9, organizada por el Gobierno de la Provincia, a trav\u00e9s del Instituto de Cultura de Corrientes. La iniciativa llevar\u00e1 m\u00fasica y celebraci\u00f3n a distintos puntos de la ciudad de Corrientes.<\/p>\n\n\n\n<p>El director general de la Fiesta Nacional del Chamam\u00e9, Eduardo S\u00edvori, fue el encargado de dar el puntapi\u00e9 inicial al Chamam\u00e9 con Todos, que desembarcar\u00e1 en estos d\u00edas -hasta el jueves 11 de enero- en hospitales, hogares y distintas instituciones para que \u201cnadie se quede afuera de la Fiesta Grande\u201d. En esta oportunidad, cont\u00f3 con la actuaci\u00f3n de Los Hijos de los Barrios, acompa\u00f1ados por bailarines de distintos ballet invitados.<\/p>\n\n\n\n<p>\u201cLa Fiesta Nacional del Chamam\u00e9 comienza hoy ac\u00e1 y con grandes artistas chamameceros como son los Hijos de los Barrios, uno de los grupos que ha tenido mayor crecimiento en los \u00faltimos a\u00f1os\u201d, se\u00f1al\u00f3 el funcionario que agradeci\u00f3 el recibimiento, adem\u00e1s de destacar que la \u201cFiesta es la celebraci\u00f3n de nuestra identidad, no es \u00fanicamente el festival en el Cocomarola, es poder compartir como cada uno decida porque cada uno festeja a su manera\u201d.<\/p>\n\n\n\n<p>El m\u00fasico N\u00e9stor Barrios expres\u00f3, por su parte, que \u201choy para nosotros es un gran gusto estar aqu\u00ed con todos ustedes, dando inicio a esta nueva edici\u00f3n de la Fiesta Nacional del Chamam\u00e9\u201d, y se\u00f1al\u00f3 adem\u00e1s que representa el chamam\u00e9 para el grupo que lidera junto a Tom\u00e1s Barrios: \u201cEs la manera de expresaros, nuestras costumbres, nuestras ra\u00edces, es la emoci\u00f3n que embarga a cada correntino, a cada litorale\u00f1o.&nbsp;El chamam\u00e9 est\u00e1 en el mundo entero y genera ese sentimiento tan profundo que hoy nos hermana a todos. Y nos hace felices de poder compartir la m\u00fasica en cada rinc\u00f3n del mundo\u201d.<\/p>\n\n\n\n<p>Apenas empez\u00f3 la m\u00fasica, se sum\u00f3 la danza de la mano de bailarines invitados y el acompa\u00f1amiento de los adultos mayores, que disfrutaron de la propuesta y lo demostraron con permanentes aplausos y algunos anim\u00e1ndose a expresarse con un sentido sapucay.<\/p>\n\n\n\n<p>Cabe se\u00f1alar que, esta nueva edici\u00f3n de la Fiesta Nacional del Chamam\u00e9, con el lema \u201cGrito de identidad\u201d, contar\u00e1 con una diversa y enriquecedora programaci\u00f3n que incluir\u00e1 el ciclo \u201cChamam\u00e9 con todos\u201d, y se sumar\u00e1n adem\u00e1s los cl\u00e1sicos: \u201cSerenata frente al r\u00edo\u201d, \u201cRetreta chamamecera\u201d, \u201cDesfile de fuelles\u201d, \u201cCine Chamamecero y el concierto de la Camerata Suid en distintos espacios p\u00fablicos de la ciudad.<\/p>\n\n\n\n<p><strong>PROGRAMACI\u00d3N<\/strong><\/p>\n\n\n\n<p><strong>Enero 2024<\/strong><\/p>\n\n\n\n<p><strong>Jueves 4<\/strong><\/p>\n\n\n\n<p>\u201cChamam\u00e9 con todos\u201d<\/p>\n\n\n\n<p>Hora: 10.00&nbsp;<\/p>\n\n\n\n<p>Lugar: Instituto de Cardiolog\u00eda<\/p>\n\n\n\n<p>&#8211;&nbsp;&nbsp;&nbsp;&nbsp;&nbsp;&nbsp;&nbsp;&nbsp;&nbsp;&nbsp; Toty Montiel<\/p>\n\n\n\n<p>&#8211;&nbsp;&nbsp;&nbsp;&nbsp;&nbsp;&nbsp;&nbsp;&nbsp;&nbsp;&nbsp; Los Sheridan<\/p>\n\n\n\n<p>\u201cSerenata frente al r\u00edo\u201d<\/p>\n\n\n\n<p>Hora 19.00&nbsp;<\/p>\n\n\n\n<p>Lugar: Punta Tacuara (Complejo de esculturas)<\/p>\n\n\n\n<p>&#8211;&nbsp;&nbsp;&nbsp;&nbsp;&nbsp;&nbsp;&nbsp;&nbsp;&nbsp;&nbsp; Ra\u00edz Guaran\u00ed<\/p>\n\n\n\n<p>&#8211;&nbsp;&nbsp;&nbsp;&nbsp;&nbsp;&nbsp;&nbsp;&nbsp;&nbsp;&nbsp; La Pilarcita<\/p>\n\n\n\n<p><strong>Viernes 5<\/strong><\/p>\n\n\n\n<p>\u201cChamam\u00e9 con todos\u201d<\/p>\n\n\n\n<p>Hora 10.30&nbsp;<\/p>\n\n\n\n<p>Lugar: Hogar Domingo Savio<\/p>\n\n\n\n<p>&#8211;&nbsp;&nbsp;&nbsp;&nbsp;&nbsp;&nbsp;&nbsp;&nbsp;&nbsp;&nbsp; Vicky S\u00e1nchez<\/p>\n\n\n\n<p>&#8211;&nbsp;&nbsp;&nbsp;&nbsp;&nbsp;&nbsp;&nbsp;&nbsp;&nbsp;&nbsp; Silvina Escalante<\/p>\n\n\n\n<p>\u201cDesfile de fuelles\u201d<\/p>\n\n\n\n<p>Hora 19.00<\/p>\n\n\n\n<p>Lugar: desde la plaza Vera hacia plaza Cabral<\/p>\n\n\n\n<p><strong>S\u00e1bado 6<\/strong><\/p>\n\n\n\n<p>San Baltasar en Camba Cu\u00e1 con el Municipio<\/p>\n\n\n\n<p>Hora: 19.00<\/p>\n\n\n\n<p><strong>Lunes 8<\/strong><\/p>\n\n\n\n<p>\u201cChamam\u00e9 con todos\u201d<\/p>\n\n\n\n<p>Hora: 10.00<\/p>\n\n\n\n<p>Lugar: Hospital Pedi\u00e1trico Juan Pablo II<\/p>\n\n\n\n<p>&#8211;&nbsp;&nbsp;&nbsp;&nbsp;&nbsp;&nbsp;&nbsp;&nbsp;&nbsp;&nbsp; Alan Guill\u00e9n<\/p>\n\n\n\n<p>&#8211;&nbsp;&nbsp;&nbsp;&nbsp;&nbsp;&nbsp;&nbsp;&nbsp;&nbsp;&nbsp; \u00c1ngel Montes<\/p>\n\n\n\n<p>&#8211;&nbsp;&nbsp;&nbsp;&nbsp;&nbsp;&nbsp;&nbsp;&nbsp;&nbsp;&nbsp; Sue\u00f1o Correntino<\/p>\n\n\n\n<p><strong>Martes 9<\/strong><\/p>\n\n\n\n<p>\u201cChamam\u00e9 con todos\u201d<\/p>\n\n\n\n<p>Hora: 10.00&nbsp;<\/p>\n\n\n\n<p>Lugar: \u201cHospital Salud Mental San Francisco de As\u00eds<\/p>\n\n\n\n<p>&#8211;&nbsp;&nbsp;&nbsp;&nbsp;&nbsp;&nbsp;&nbsp;&nbsp;&nbsp;&nbsp; Gianella Niwoyda<\/p>\n\n\n\n<p>&#8211;&nbsp;&nbsp;&nbsp;&nbsp;&nbsp;&nbsp;&nbsp;&nbsp;&nbsp;&nbsp; Diego Guti\u00e9rrez<\/p>\n\n\n\n<p>Cine Chamamecero<\/p>\n\n\n\n<p>Hora: 20.00&nbsp;<\/p>\n\n\n\n<p>Lugar: patio de Instituto de Cultura<\/p>\n\n\n\n<p><strong>Mi\u00e9rcoles 10<\/strong><\/p>\n\n\n\n<p>\u201cChamam\u00e9 con todos\u201d<\/p>\n\n\n\n<p>Hora 10.00: Geri\u00e1trico Nuevo Horizonte<\/p>\n\n\n\n<p>&#8211;&nbsp;&nbsp;&nbsp;&nbsp;&nbsp;&nbsp;&nbsp;&nbsp;&nbsp;&nbsp; Tono Ben\u00edtez y los Criollos de Corrientes<\/p>\n\n\n\n<p>&#8211;&nbsp;&nbsp;&nbsp;&nbsp;&nbsp;&nbsp;&nbsp;&nbsp;&nbsp;&nbsp; Pablo Delvalle<\/p>\n\n\n\n<p>&#8211;&nbsp;&nbsp;&nbsp;&nbsp;&nbsp;&nbsp;&nbsp;&nbsp;&nbsp;&nbsp; Iban Vargas<\/p>\n\n\n\n<p>Concierto de la Camerata Suid<\/p>\n\n\n\n<p>Hora: 20.00<\/p>\n\n\n\n<p>Lugar: Museo de Ciencias Naturales Amado Bonpland<\/p>\n\n\n\n<p><strong>Jueves 11<\/strong><\/p>\n\n\n\n<p>Retreta chamamecera<\/p>\n\n\n\n<p>Hora: 20.00&nbsp;<\/p>\n\n\n\n<p>Lugar: plaza Cabral<\/p>\n\n\n\n<p>Banda de la Penitenciar\u00eda y de la Polic\u00eda<\/p>\n","protected":false},"excerpt":{"rendered":"<p>El patio del hogar Juana Costa de Chapo fue hoy a la ma\u00f1ana el epicentro de la primera jornada del \u201cChamam\u00e9 con Todos\u201d, propuesta que forma parte de la 33\u00aa Fiesta Nacional del Chamam\u00e9, organizada por el Gobierno de la Provincia, a trav\u00e9s del Instituto de Cultura de Corrientes. La iniciativa llevar\u00e1 m\u00fasica y celebraci\u00f3n&#8230;<\/p>\n","protected":false},"author":1,"featured_media":1489,"comment_status":"open","ping_status":"closed","sticky":false,"template":"","format":"standard","meta":{"footnotes":""},"categories":[1],"tags":[],"class_list":["post-1488","post","type-post","status-publish","format-standard","has-post-thumbnail","hentry","category-noticias"],"_links":{"self":[{"href":"https:\/\/fiestanacionaldelchamame.com.ar\/index.php?rest_route=\/wp\/v2\/posts\/1488","targetHints":{"allow":["GET"]}}],"collection":[{"href":"https:\/\/fiestanacionaldelchamame.com.ar\/index.php?rest_route=\/wp\/v2\/posts"}],"about":[{"href":"https:\/\/fiestanacionaldelchamame.com.ar\/index.php?rest_route=\/wp\/v2\/types\/post"}],"author":[{"embeddable":true,"href":"https:\/\/fiestanacionaldelchamame.com.ar\/index.php?rest_route=\/wp\/v2\/users\/1"}],"replies":[{"embeddable":true,"href":"https:\/\/fiestanacionaldelchamame.com.ar\/index.php?rest_route=%2Fwp%2Fv2%2Fcomments&post=1488"}],"version-history":[{"count":1,"href":"https:\/\/fiestanacionaldelchamame.com.ar\/index.php?rest_route=\/wp\/v2\/posts\/1488\/revisions"}],"predecessor-version":[{"id":1490,"href":"https:\/\/fiestanacionaldelchamame.com.ar\/index.php?rest_route=\/wp\/v2\/posts\/1488\/revisions\/1490"}],"wp:featuredmedia":[{"embeddable":true,"href":"https:\/\/fiestanacionaldelchamame.com.ar\/index.php?rest_route=\/wp\/v2\/media\/1489"}],"wp:attachment":[{"href":"https:\/\/fiestanacionaldelchamame.com.ar\/index.php?rest_route=%2Fwp%2Fv2%2Fmedia&parent=1488"}],"wp:term":[{"taxonomy":"category","embeddable":true,"href":"https:\/\/fiestanacionaldelchamame.com.ar\/index.php?rest_route=%2Fwp%2Fv2%2Fcategories&post=1488"},{"taxonomy":"post_tag","embeddable":true,"href":"https:\/\/fiestanacionaldelchamame.com.ar\/index.php?rest_route=%2Fwp%2Fv2%2Ftags&post=1488"}],"curies":[{"name":"wp","href":"https:\/\/api.w.org\/{rel}","templated":true}]}}