{"id":1485,"date":"2024-01-03T08:56:00","date_gmt":"2024-01-03T11:56:00","guid":{"rendered":"https:\/\/fiestanacionaldelchamame.com.ar\/?p=1485"},"modified":"2024-01-06T08:58:50","modified_gmt":"2024-01-06T11:58:50","slug":"comenzo-la-venta-de-entradas-para-la-33a-fiesta-nacional-del-chamame","status":"publish","type":"post","link":"https:\/\/fiestanacionaldelchamame.com.ar\/?p=1485","title":{"rendered":"Comenz\u00f3 la venta de entradas para la 33\u00aa Fiesta Nacional del Chamam\u00e9"},"content":{"rendered":"\n<p>Desde este jueves 4 de enero, en el Instituto de Cultura de Corrientes (San Juan 546) est\u00e1n en venta las entradas para asistir a las 10 noches de la 33\u00aa Fiesta Nacional del Chamam\u00e9, 19\u00aa Fiesta de Chamam\u00e9 del Mercosur y 3\u00aa Celebraci\u00f3n Mundial, a desarrollarse del 12 al 21 de enero en el anfiteatro Mario del Tr\u00e1nsito Cocomarola.<\/p>\n\n\n\n<p>El presidente del Instituto de Cultura de Corrientes, Arq. Gabriel Romero, confirm\u00f3 que las entradas ya se pueden comprar en las oficinas ubicadas en San Juan 546, de lunes a viernes, de 8 a 12, y de 16,30 a 20, y s\u00e1bados, de 8 a 12. Las mismas tienen un costo de $4.000 por noche, y se adquieren mediante pago efectivo, tarjeta, d\u00e9bito o billeteras virtuales.<\/p>\n\n\n\n<p>Adem\u00e1s, se est\u00e1 evaluando la posibilidad de habilitar nuevos puestos de comercializaci\u00f3n que se confirmar\u00e1 en los pr\u00f3ximos d\u00edas, que se suman a las boleter\u00edas del anfiteatro Mario del Tr\u00e1nsito Cocomarola, que funcionar\u00e1n los 10 d\u00edas de Fiesta, desde la hora 19. &nbsp;<\/p>\n\n\n\n<p><strong>Venta online<\/strong><\/p>\n\n\n\n<p>Est\u00e1 disponible tambi\u00e9n la alternativa de comprar de manera online, a trav\u00e9s de la plataforma Wee!pas (<a href=\"https:\/\/weepas.ar\/\" target=\"_blank\" rel=\"noreferrer noopener\">https:\/\/weepas.ar\/<\/a>), una herramienta desarrollada por Telco que facilita la gesti\u00f3n y administraci\u00f3n de eventos para la venta de tickets en l\u00ednea integrada con la plataforma Wee! Pagos.<\/p>\n\n\n\n<p>El link para llevar adelante la compra es el siguiente:<\/p>\n\n\n\n<figure class=\"wp-block-embed\"><div class=\"wp-block-embed__wrapper\">\nhttps:\/\/weepas.ar\/detalle-evento\/Fiesta%20Nacional%20del%20Chamam%C3%A9\n<\/div><\/figure>\n","protected":false},"excerpt":{"rendered":"<p>Desde este jueves 4 de enero, en el Instituto de Cultura de Corrientes (San Juan 546) est\u00e1n en venta las entradas para asistir a las 10 noches de la 33\u00aa Fiesta Nacional del Chamam\u00e9, 19\u00aa Fiesta de Chamam\u00e9 del Mercosur y 3\u00aa Celebraci\u00f3n Mundial, a desarrollarse del 12 al 21 de enero en el anfiteatro&#8230;<\/p>\n","protected":false},"author":1,"featured_media":1486,"comment_status":"open","ping_status":"closed","sticky":false,"template":"","format":"standard","meta":{"footnotes":""},"categories":[1],"tags":[],"class_list":["post-1485","post","type-post","status-publish","format-standard","has-post-thumbnail","hentry","category-noticias"],"_links":{"self":[{"href":"https:\/\/fiestanacionaldelchamame.com.ar\/index.php?rest_route=\/wp\/v2\/posts\/1485","targetHints":{"allow":["GET"]}}],"collection":[{"href":"https:\/\/fiestanacionaldelchamame.com.ar\/index.php?rest_route=\/wp\/v2\/posts"}],"about":[{"href":"https:\/\/fiestanacionaldelchamame.com.ar\/index.php?rest_route=\/wp\/v2\/types\/post"}],"author":[{"embeddable":true,"href":"https:\/\/fiestanacionaldelchamame.com.ar\/index.php?rest_route=\/wp\/v2\/users\/1"}],"replies":[{"embeddable":true,"href":"https:\/\/fiestanacionaldelchamame.com.ar\/index.php?rest_route=%2Fwp%2Fv2%2Fcomments&post=1485"}],"version-history":[{"count":1,"href":"https:\/\/fiestanacionaldelchamame.com.ar\/index.php?rest_route=\/wp\/v2\/posts\/1485\/revisions"}],"predecessor-version":[{"id":1487,"href":"https:\/\/fiestanacionaldelchamame.com.ar\/index.php?rest_route=\/wp\/v2\/posts\/1485\/revisions\/1487"}],"wp:featuredmedia":[{"embeddable":true,"href":"https:\/\/fiestanacionaldelchamame.com.ar\/index.php?rest_route=\/wp\/v2\/media\/1486"}],"wp:attachment":[{"href":"https:\/\/fiestanacionaldelchamame.com.ar\/index.php?rest_route=%2Fwp%2Fv2%2Fmedia&parent=1485"}],"wp:term":[{"taxonomy":"category","embeddable":true,"href":"https:\/\/fiestanacionaldelchamame.com.ar\/index.php?rest_route=%2Fwp%2Fv2%2Fcategories&post=1485"},{"taxonomy":"post_tag","embeddable":true,"href":"https:\/\/fiestanacionaldelchamame.com.ar\/index.php?rest_route=%2Fwp%2Fv2%2Ftags&post=1485"}],"curies":[{"name":"wp","href":"https:\/\/api.w.org\/{rel}","templated":true}]}}