{"id":1482,"date":"2024-01-04T08:55:00","date_gmt":"2024-01-04T11:55:00","guid":{"rendered":"https:\/\/fiestanacionaldelchamame.com.ar\/?p=1482"},"modified":"2024-01-06T08:56:05","modified_gmt":"2024-01-06T11:56:05","slug":"la-celebracion-chamamecera-llego-al-instituto-de-cardiologia","status":"publish","type":"post","link":"https:\/\/fiestanacionaldelchamame.com.ar\/?p=1482","title":{"rendered":"La celebraci\u00f3n chamamecera lleg\u00f3 al Instituto de Cardiolog\u00eda"},"content":{"rendered":"\n<p>En el marco de la 33\u00aa Fiesta Nacional del Chamam\u00e9, la propuesta del \u201cChamam\u00e9 con todos\u201d desembarc\u00f3 hoy a la ma\u00f1ana en el sal\u00f3n auditorio del Instituto de Cardiolog\u00eda. En esta oportunidad, actuaron Los Sheridan y Cesar Frette, para un p\u00fablico integrado por familiares de pacientes, amigos y el personal de este prestigioso establecimiento m\u00e9dico.<\/p>\n\n\n\n<p>El director ejecutivo del Instituto Cardiol\u00f3gico de Corrientes, Julio Vallejos, fue quien dio la bienvenida a los presentes y agradeci\u00f3 al Instituto de Cultura de Corrientes, y al director general de la Fiesta, Eduardo S\u00edvori, la posibilidad de nuevamente formar parte de la propuesta \u201cChamam\u00e9 con todos\u201d, que acerca m\u00fasica y danza a distintas instituciones de la ciudad de Corrientes.<\/p>\n\n\n\n<p>\u201cPara nosotros unir la salud con la cultura, es un cl\u00e1sico para el Instituto de Cardiolog\u00eda\u201d, asegur\u00f3 Vallejos, adem\u00e1s de destacar la decisi\u00f3n de la organizaci\u00f3n de la Fiesta del Chamam\u00e9, a cargo del Gobierno de la Provincia, a trav\u00e9s del Instituto de Cultura, de que m\u00e1s all\u00e1 de lo que ocurre en el anfiteatro Cocomarola, el celebraci\u00f3n chamamecera llegue a toda la comunidad, a trav\u00e9s de este tipo de iniciativas.<\/p>\n\n\n\n<p>Cabe se\u00f1alar que, esta nueva edici\u00f3n de la Fiesta Nacional del Chamam\u00e9, con el lema \u201cGrito de identidad\u201d, contar\u00e1 con una diversa y enriquecedora programaci\u00f3n que incluir\u00e1 el ciclo \u201cChamam\u00e9 con todos\u201d, y se suman adem\u00e1s los cl\u00e1sicos: \u201cSerenata frente al r\u00edo\u201d, \u201cRetreta chamamecera\u201d, \u201cDesfile de fuelles\u201d, \u201cCine Chamamecero y el concierto de la Camerata Suid. Estas actividades se desarrollar\u00e1n hasta el jueves 11 de enero, acercando la Fiesta a distintos rincones de la ciudad de Corrientes.<\/p>\n\n\n\n<p><strong>PROGRAMACI\u00d3N<\/strong><\/p>\n\n\n\n<p><strong>Enero 2024<\/strong><\/p>\n\n\n\n<p><strong>Viernes 5<\/strong><\/p>\n\n\n\n<p>\u201cChamam\u00e9 con todos\u201d<\/p>\n\n\n\n<p>Hora 10.30<\/p>\n\n\n\n<p>Lugar: Hogar Domingo Savio<\/p>\n\n\n\n<p>&#8211;&nbsp;&nbsp;&nbsp;&nbsp;&nbsp;&nbsp;&nbsp;&nbsp;&nbsp;&nbsp; Vicky S\u00e1nchez<\/p>\n\n\n\n<p>&#8211;&nbsp;&nbsp;&nbsp;&nbsp;&nbsp;&nbsp;&nbsp;&nbsp;&nbsp;&nbsp; Silvina Escalante<\/p>\n\n\n\n<p>\u201cDesfile de fuelles\u201d<\/p>\n\n\n\n<p>Hora 19.00<\/p>\n\n\n\n<p>Lugar: desde la plaza Vera hacia plaza Cabral<\/p>\n\n\n\n<p><strong>S\u00e1bado 6<\/strong><\/p>\n\n\n\n<p>San Baltasar en Camba Cu\u00e1 con el Municipio<\/p>\n\n\n\n<p>Hora: 19.00<\/p>\n\n\n\n<p><strong>Lunes 8<\/strong><\/p>\n\n\n\n<p>\u201cChamam\u00e9 con todos\u201d<\/p>\n\n\n\n<p>Hora: 10.00<\/p>\n\n\n\n<p>Lugar: Hospital Pedi\u00e1trico Juan Pablo II<\/p>\n\n\n\n<p>&#8211;&nbsp;&nbsp;&nbsp;&nbsp;&nbsp;&nbsp;&nbsp;&nbsp;&nbsp;&nbsp; Alan Guill\u00e9n<\/p>\n\n\n\n<p>&#8211;&nbsp;&nbsp;&nbsp;&nbsp;&nbsp;&nbsp;&nbsp;&nbsp;&nbsp;&nbsp; \u00c1ngel Montes<\/p>\n\n\n\n<p>&#8211;&nbsp;&nbsp;&nbsp;&nbsp;&nbsp;&nbsp;&nbsp;&nbsp;&nbsp;&nbsp; Sue\u00f1o Correntino<\/p>\n\n\n\n<p><strong>Martes 9<\/strong><\/p>\n\n\n\n<p>\u201cChamam\u00e9 con todos\u201d<\/p>\n\n\n\n<p>Hora: 10.00<\/p>\n\n\n\n<p>Lugar: \u201cHospital Salud Mental San Francisco de As\u00eds<\/p>\n\n\n\n<p>&#8211;&nbsp;&nbsp;&nbsp;&nbsp;&nbsp;&nbsp;&nbsp;&nbsp;&nbsp;&nbsp; Gianella Niwoyda<\/p>\n\n\n\n<p>&#8211;&nbsp;&nbsp;&nbsp;&nbsp;&nbsp;&nbsp;&nbsp;&nbsp;&nbsp;&nbsp; Diego Guti\u00e9rrez<\/p>\n\n\n\n<p>Cine Chamamecero<\/p>\n\n\n\n<p>Hora: 20.00<\/p>\n\n\n\n<p>Lugar: patio de Instituto de Cultura<\/p>\n\n\n\n<p><strong>Mi\u00e9rcoles 10<\/strong><\/p>\n\n\n\n<p>\u201cChamam\u00e9 con todos\u201d<\/p>\n\n\n\n<p>Hora 10.00: Geri\u00e1trico Nuevo Horizonte<\/p>\n\n\n\n<p>&#8211;&nbsp;&nbsp;&nbsp;&nbsp;&nbsp;&nbsp;&nbsp;&nbsp;&nbsp;&nbsp; Tono Ben\u00edtez y los Criollos de Corrientes<\/p>\n\n\n\n<p>&#8211;&nbsp;&nbsp;&nbsp;&nbsp;&nbsp;&nbsp;&nbsp;&nbsp;&nbsp;&nbsp; Pablo Delvalle<\/p>\n\n\n\n<p>&#8211;&nbsp;&nbsp;&nbsp;&nbsp;&nbsp;&nbsp;&nbsp;&nbsp;&nbsp;&nbsp; Iban Vargas<\/p>\n\n\n\n<p>Concierto de la Camerata Suid<\/p>\n\n\n\n<p>Hora: 20.00<\/p>\n\n\n\n<p>Lugar: Museo de Ciencias Naturales Amado Bonpland<\/p>\n\n\n\n<p><strong>Jueves 11<\/strong><\/p>\n\n\n\n<p>Retreta chamamecera<\/p>\n\n\n\n<p>Hora: 20.00<\/p>\n\n\n\n<p>Lugar: plaza Cabral<\/p>\n\n\n\n<p>Banda de la Penitenciar\u00eda y de la Polic\u00eda<\/p>\n","protected":false},"excerpt":{"rendered":"<p>En el marco de la 33\u00aa Fiesta Nacional del Chamam\u00e9, la propuesta del \u201cChamam\u00e9 con todos\u201d desembarc\u00f3 hoy a la ma\u00f1ana en el sal\u00f3n auditorio del Instituto de Cardiolog\u00eda. En esta oportunidad, actuaron Los Sheridan y Cesar Frette, para un p\u00fablico integrado por familiares de pacientes, amigos y el personal de este prestigioso establecimiento m\u00e9dico&#8230;.<\/p>\n","protected":false},"author":1,"featured_media":1483,"comment_status":"open","ping_status":"closed","sticky":false,"template":"","format":"standard","meta":{"footnotes":""},"categories":[1],"tags":[],"class_list":["post-1482","post","type-post","status-publish","format-standard","has-post-thumbnail","hentry","category-noticias"],"_links":{"self":[{"href":"https:\/\/fiestanacionaldelchamame.com.ar\/index.php?rest_route=\/wp\/v2\/posts\/1482","targetHints":{"allow":["GET"]}}],"collection":[{"href":"https:\/\/fiestanacionaldelchamame.com.ar\/index.php?rest_route=\/wp\/v2\/posts"}],"about":[{"href":"https:\/\/fiestanacionaldelchamame.com.ar\/index.php?rest_route=\/wp\/v2\/types\/post"}],"author":[{"embeddable":true,"href":"https:\/\/fiestanacionaldelchamame.com.ar\/index.php?rest_route=\/wp\/v2\/users\/1"}],"replies":[{"embeddable":true,"href":"https:\/\/fiestanacionaldelchamame.com.ar\/index.php?rest_route=%2Fwp%2Fv2%2Fcomments&post=1482"}],"version-history":[{"count":1,"href":"https:\/\/fiestanacionaldelchamame.com.ar\/index.php?rest_route=\/wp\/v2\/posts\/1482\/revisions"}],"predecessor-version":[{"id":1484,"href":"https:\/\/fiestanacionaldelchamame.com.ar\/index.php?rest_route=\/wp\/v2\/posts\/1482\/revisions\/1484"}],"wp:featuredmedia":[{"embeddable":true,"href":"https:\/\/fiestanacionaldelchamame.com.ar\/index.php?rest_route=\/wp\/v2\/media\/1483"}],"wp:attachment":[{"href":"https:\/\/fiestanacionaldelchamame.com.ar\/index.php?rest_route=%2Fwp%2Fv2%2Fmedia&parent=1482"}],"wp:term":[{"taxonomy":"category","embeddable":true,"href":"https:\/\/fiestanacionaldelchamame.com.ar\/index.php?rest_route=%2Fwp%2Fv2%2Fcategories&post=1482"},{"taxonomy":"post_tag","embeddable":true,"href":"https:\/\/fiestanacionaldelchamame.com.ar\/index.php?rest_route=%2Fwp%2Fv2%2Ftags&post=1482"}],"curies":[{"name":"wp","href":"https:\/\/api.w.org\/{rel}","templated":true}]}}