{"id":1478,"date":"2024-01-05T08:39:00","date_gmt":"2024-01-05T11:39:00","guid":{"rendered":"https:\/\/fiestanacionaldelchamame.com.ar\/?p=1478"},"modified":"2024-01-06T08:42:01","modified_gmt":"2024-01-06T11:42:01","slug":"los-de-imaguare-recibiran-a-jorge-rojas-que-se-ofrecio-al-chamame-y-a-la-fiesta","status":"publish","type":"post","link":"https:\/\/fiestanacionaldelchamame.com.ar\/?p=1478","title":{"rendered":"Los de Imaguar\u00e9 recibir\u00e1n a Jorge Rojas, que \u201cse ofreci\u00f3 al Chamam\u00e9 y a la Fiesta\u201d"},"content":{"rendered":"\n<p>Una de las grandes colaboraciones en el folclore argentino se dar\u00e1 el viernes 19 de enero, en la 33\u00aa Fiesta Nacional del Chamam\u00e9, 19\u00b0 del MERCOSUR y 3\u00b0 Celebraci\u00f3n Mundial, donde Los de Imaguar\u00e9 recibir\u00e1n como invitado al reconocido cantautor Jorge Rojas.<\/p>\n\n\n\n<p>Juntos, se presentar\u00e1n en el escenario Osvaldo Sosa Cordero del anfiteatro Cocomarola para deleitar al p\u00fablico, en lo que Julio C\u00e1ceres, principal exponente del tradicional grupo chamamecero, entiende como \u201cun ofrecimiento a nuestra familia, al Chamam\u00e9 y a la Fiesta\u201d, por parte del artista salte\u00f1o.<\/p>\n\n\n\n<p>\u201cVa a ser una presentaci\u00f3n muy particular para Los de Imaguar\u00e9 porque es la primera vez que tenemos un invitado\u201d, revel\u00f3 C\u00e1ceres. En ese marco, cont\u00f3 que \u201cestamos trabajando en eso con mucho entusiasmo, con la preparaci\u00f3n del show, porque los ensayos son m\u00e1s e incluso hicimos algunos viajes para poder conectarnos con nuestro invitado y aprovechar esta oportunidad\u201d.<\/p>\n\n\n\n<p>Cont\u00f3 que existe \u201cuna amistad entre Jorge Rojas y la familia Imaguar\u00e9, que tiene que ver con el gusto particular que tenemos por su trabajo art\u00edstico\u201d. As\u00ed que en una ocasi\u00f3n que se encontraron en un programa de televisi\u00f3n en Buenos Aires, \u201cconversamos y surgi\u00f3 la posibilidad\u201d, coment\u00f3 una de las voces chamameceras m\u00e1s reconocidas en el pa\u00eds; a lo que detall\u00f3 que \u201cposteriormente lo invitamos formalmente si quer\u00eda venir a participar con nosotros en la Fiesta Nacional del Chamam\u00e9 y nos dijo que si\u201d.<\/p>\n\n\n\n<p>A todo esto, Julio C\u00e1ceres resalt\u00f3 que Rojas \u201cnos expres\u00f3 que para \u00e9l es una enorme satisfacci\u00f3n venir a cantar con nosotros\u201d, en la ciudad de Corrientes el pr\u00f3ximo 19 de enero. \u201cLo tomamos como un ofrecimiento a la familia Imaguar\u00e9, y por ende tambi\u00e9n al chamam\u00e9 y a la Fiesta\u201d, sostuvo.<\/p>\n\n\n\n<p>En lo que respecta a dicha presentaci\u00f3n, indicaron que los asistentes se encontrar\u00e1n \u201ccon temas del repertorio Imaguar\u00e9, y otros que tienen que ver con creaciones de Jorge Rojas, que estamos adaptando en este momento\u201d, anticip\u00f3. Asimismo, asegur\u00f3 tambi\u00e9n que \u201c\u00e9l va a cantar chamam\u00e9, algunos que hablan de la vida, el amor y el camino\u201d.<\/p>\n\n\n\n<figure class=\"wp-block-image size-full\"><img fetchpriority=\"high\" decoding=\"async\" width=\"941\" height=\"768\" src=\"https:\/\/fiestanacionaldelchamame.com.ar\/wp-content\/uploads\/2024\/01\/JORGE-ROJAS.jpg\" alt=\"\" class=\"wp-image-1480\" srcset=\"https:\/\/fiestanacionaldelchamame.com.ar\/wp-content\/uploads\/2024\/01\/JORGE-ROJAS.jpg 941w, https:\/\/fiestanacionaldelchamame.com.ar\/wp-content\/uploads\/2024\/01\/JORGE-ROJAS-300x245.jpg 300w, https:\/\/fiestanacionaldelchamame.com.ar\/wp-content\/uploads\/2024\/01\/JORGE-ROJAS-768x627.jpg 768w, https:\/\/fiestanacionaldelchamame.com.ar\/wp-content\/uploads\/2024\/01\/JORGE-ROJAS-850x694.jpg 850w\" sizes=\"(max-width: 941px) 100vw, 941px\" \/><\/figure>\n\n\n\n<p> <\/p>\n\n\n\n<p><strong>Chamam\u00e9, una forma de vida<\/strong><\/p>\n\n\n\n<p>Para el l\u00edder de este conjunto \u00edcono, con 47 a\u00f1os de trayectoria, \u201cel chamam\u00e9 es una forma de vida para los correntinos\u201d y tal como dice el t\u00edtulo de una de sus canciones m\u00e1s populares, agreg\u00f3 que \u201cel correntino tiene como parte, desde su av\u00edo del alma para vivir la vida, la m\u00fasica y esa m\u00fasica es el chamam\u00e9. Lo que quiero decir, es que con el chamam\u00e9 nacemos y con el chamam\u00e9 nos vamos en el \u00faltimo viaje\u201d, cerr\u00f3 Julio C\u00e1ceres.&nbsp;<\/p>\n","protected":false},"excerpt":{"rendered":"<p>Una de las grandes colaboraciones en el folclore argentino se dar\u00e1 el viernes 19 de enero, en la 33\u00aa Fiesta Nacional del Chamam\u00e9, 19\u00b0 del MERCOSUR y 3\u00b0 Celebraci\u00f3n Mundial, donde Los de Imaguar\u00e9 recibir\u00e1n como invitado al reconocido cantautor Jorge Rojas. Juntos, se presentar\u00e1n en el escenario Osvaldo Sosa Cordero del anfiteatro Cocomarola para&#8230;<\/p>\n","protected":false},"author":1,"featured_media":1479,"comment_status":"open","ping_status":"closed","sticky":false,"template":"","format":"standard","meta":{"footnotes":""},"categories":[1],"tags":[],"class_list":["post-1478","post","type-post","status-publish","format-standard","has-post-thumbnail","hentry","category-noticias"],"_links":{"self":[{"href":"https:\/\/fiestanacionaldelchamame.com.ar\/index.php?rest_route=\/wp\/v2\/posts\/1478","targetHints":{"allow":["GET"]}}],"collection":[{"href":"https:\/\/fiestanacionaldelchamame.com.ar\/index.php?rest_route=\/wp\/v2\/posts"}],"about":[{"href":"https:\/\/fiestanacionaldelchamame.com.ar\/index.php?rest_route=\/wp\/v2\/types\/post"}],"author":[{"embeddable":true,"href":"https:\/\/fiestanacionaldelchamame.com.ar\/index.php?rest_route=\/wp\/v2\/users\/1"}],"replies":[{"embeddable":true,"href":"https:\/\/fiestanacionaldelchamame.com.ar\/index.php?rest_route=%2Fwp%2Fv2%2Fcomments&post=1478"}],"version-history":[{"count":1,"href":"https:\/\/fiestanacionaldelchamame.com.ar\/index.php?rest_route=\/wp\/v2\/posts\/1478\/revisions"}],"predecessor-version":[{"id":1481,"href":"https:\/\/fiestanacionaldelchamame.com.ar\/index.php?rest_route=\/wp\/v2\/posts\/1478\/revisions\/1481"}],"wp:featuredmedia":[{"embeddable":true,"href":"https:\/\/fiestanacionaldelchamame.com.ar\/index.php?rest_route=\/wp\/v2\/media\/1479"}],"wp:attachment":[{"href":"https:\/\/fiestanacionaldelchamame.com.ar\/index.php?rest_route=%2Fwp%2Fv2%2Fmedia&parent=1478"}],"wp:term":[{"taxonomy":"category","embeddable":true,"href":"https:\/\/fiestanacionaldelchamame.com.ar\/index.php?rest_route=%2Fwp%2Fv2%2Fcategories&post=1478"},{"taxonomy":"post_tag","embeddable":true,"href":"https:\/\/fiestanacionaldelchamame.com.ar\/index.php?rest_route=%2Fwp%2Fv2%2Ftags&post=1478"}],"curies":[{"name":"wp","href":"https:\/\/api.w.org\/{rel}","templated":true}]}}