{"id":1474,"date":"2024-01-03T06:57:58","date_gmt":"2024-01-03T09:57:58","guid":{"rendered":"https:\/\/fiestanacionaldelchamame.com.ar\/?p=1474"},"modified":"2024-01-03T06:58:02","modified_gmt":"2024-01-03T09:58:02","slug":"la-rapsodia-chamamecera-orquidea-camba-en-el-museo-de-artesanias","status":"publish","type":"post","link":"https:\/\/fiestanacionaldelchamame.com.ar\/?p=1474","title":{"rendered":"La rapsodia chamamecera \u201cOrqu\u00eddea Camb\u00e1\u201d en el Museo de Artesan\u00edas"},"content":{"rendered":"\n<p>El Instituto de Cultura de Corrientes invita al espect\u00e1culo \u201cOrqu\u00eddea Camb\u00e1\u201d que se realizar\u00e1 este jueves 4 de enero, a las 21, en el Museo de Artesan\u00edas Tradicionales (MAT), ubicado en Quintana casi Salta. Actuar\u00e1n Jaime Breard y Aldy Balestra. &nbsp;<\/p>\n\n\n\n<p>Esta rapsodia chamamecera cuenta la historia de amor de Ram\u00f3n Vargas y Mirta Ver\u00f3n de Astrada. Se trata de un espect\u00e1culo que viaja a lo m\u00e1s profundo del ser, del amor y la nostalgia, con protagonismo de la m\u00fasica litorale\u00f1a y su poes\u00eda \u00fanica. Una historia atrapante, que emociona y moviliza.<\/p>\n\n\n\n<p>Las entradas anticipadas se pueden adquirir en el Museo de Artesan\u00edas, y el mismo lugar el d\u00eda de la funci\u00f3n. Precio \u00fanico $3.000.<\/p>\n\n\n\n<p>\u201cDespu\u00e9s del espect\u00e1culo nos quedamos a compartir m\u00fasica con amigos\u201d, anticiparon los m\u00fasicos, que est\u00e1n presentando este espect\u00e1culo chamamecero en distintos escenarios correntinos de la capital y el interior provincial.<\/p>\n\n\n\n<p><\/p>\n","protected":false},"excerpt":{"rendered":"<p>El Instituto de Cultura de Corrientes invita al espect\u00e1culo \u201cOrqu\u00eddea Camb\u00e1\u201d que se realizar\u00e1 este jueves 4 de enero, a las 21, en el Museo de Artesan\u00edas Tradicionales (MAT), ubicado en Quintana casi Salta. Actuar\u00e1n Jaime Breard y Aldy Balestra. &nbsp; Esta rapsodia chamamecera cuenta la historia de amor de Ram\u00f3n Vargas y Mirta Ver\u00f3n&#8230;<\/p>\n","protected":false},"author":1,"featured_media":1475,"comment_status":"open","ping_status":"closed","sticky":false,"template":"","format":"standard","meta":{"footnotes":""},"categories":[1],"tags":[],"class_list":["post-1474","post","type-post","status-publish","format-standard","has-post-thumbnail","hentry","category-noticias"],"_links":{"self":[{"href":"https:\/\/fiestanacionaldelchamame.com.ar\/index.php?rest_route=\/wp\/v2\/posts\/1474","targetHints":{"allow":["GET"]}}],"collection":[{"href":"https:\/\/fiestanacionaldelchamame.com.ar\/index.php?rest_route=\/wp\/v2\/posts"}],"about":[{"href":"https:\/\/fiestanacionaldelchamame.com.ar\/index.php?rest_route=\/wp\/v2\/types\/post"}],"author":[{"embeddable":true,"href":"https:\/\/fiestanacionaldelchamame.com.ar\/index.php?rest_route=\/wp\/v2\/users\/1"}],"replies":[{"embeddable":true,"href":"https:\/\/fiestanacionaldelchamame.com.ar\/index.php?rest_route=%2Fwp%2Fv2%2Fcomments&post=1474"}],"version-history":[{"count":1,"href":"https:\/\/fiestanacionaldelchamame.com.ar\/index.php?rest_route=\/wp\/v2\/posts\/1474\/revisions"}],"predecessor-version":[{"id":1476,"href":"https:\/\/fiestanacionaldelchamame.com.ar\/index.php?rest_route=\/wp\/v2\/posts\/1474\/revisions\/1476"}],"wp:featuredmedia":[{"embeddable":true,"href":"https:\/\/fiestanacionaldelchamame.com.ar\/index.php?rest_route=\/wp\/v2\/media\/1475"}],"wp:attachment":[{"href":"https:\/\/fiestanacionaldelchamame.com.ar\/index.php?rest_route=%2Fwp%2Fv2%2Fmedia&parent=1474"}],"wp:term":[{"taxonomy":"category","embeddable":true,"href":"https:\/\/fiestanacionaldelchamame.com.ar\/index.php?rest_route=%2Fwp%2Fv2%2Fcategories&post=1474"},{"taxonomy":"post_tag","embeddable":true,"href":"https:\/\/fiestanacionaldelchamame.com.ar\/index.php?rest_route=%2Fwp%2Fv2%2Ftags&post=1474"}],"curies":[{"name":"wp","href":"https:\/\/api.w.org\/{rel}","templated":true}]}}