{"id":1470,"date":"2023-12-29T18:17:03","date_gmt":"2023-12-29T21:17:03","guid":{"rendered":"https:\/\/fiestanacionaldelchamame.com.ar\/?p=1470"},"modified":"2023-12-29T18:17:07","modified_gmt":"2023-12-29T21:17:07","slug":"la-unne-entregara-el-titulo-de-doctor-honoris-causa-al-chamamecero-raul-barboza","status":"publish","type":"post","link":"https:\/\/fiestanacionaldelchamame.com.ar\/?p=1470","title":{"rendered":"La UNNE entregar\u00e1 el t\u00edtulo de Doctor Honoris Causa al chamamecero Ra\u00fal Barboza"},"content":{"rendered":"\n<p>En el marco de la 33\u00aa Fiesta Nacional del Chamam\u00e9, 19\u00aa del MERCOSUR y 3\u00aa Celebraci\u00f3n Mundial, la Universidad Nacional del Nordeste (UNNE) entregar\u00e1 el t\u00edtulo de Doctor Honoris Causa al destacado m\u00fasico y compositor Ra\u00fal Barboza. El diploma que le confiere el t\u00edtulo honor\u00edfico, a este artista de talla internacional y ejecutor eximio del acorde\u00f3n, lo recibir\u00e1 de la mano del rector, doctor Omar Larroza. El acto tendr\u00e1 lugar el viernes 12 de enero en el m\u00edtico escenario Osvaldo Sosa Cordero.<\/p>\n\n\n\n<p>\u201cDesde el Gobierno de Corrientes acompa\u00f1amos esta iniciativa de la Universidad Nacional del Nordeste, que distingue a uno de los grandes referentes del chamam\u00e9\u201d, destac\u00f3 el presidente del Instituto de&nbsp;Cultura&nbsp;de Corrientes, Arq. Gabriel Romero.<\/p>\n\n\n\n<p>La propuesta para el otorgamiento del t\u00edtulo de Doctor Honoris Causa de la UNNE al eximio m\u00fasico Ra\u00fal Barboza, fue sometida a votaci\u00f3n ante el Consejo Superior de la UNNE (con mayor\u00eda absoluta a favor) y presentada por el Consejo Directivo de la Facultad de Artes, Dise\u00f1o y Ciencias de la&nbsp;Cultura&nbsp;de esta universidad.<\/p>\n\n\n\n<p>Esta distinci\u00f3n, se entrega en reconocimiento al enorme aporte realizado por este artista de trascendente obra, a la difusi\u00f3n del acervo musical del litoral argentino en el mundo. Con ese argumento, el Consejo Superior de la Universidad, resolvi\u00f3 conferir el reconocimiento, seg\u00fan lo establecido en el Art. 19\u00ba- inc. 24) del Estatuto Universitario.<\/p>\n\n\n\n<p>En los considerandos de la mencionada Resoluci\u00f3n, se deja sentado que tanto el presidente del Instituto de&nbsp;Cultura&nbsp;de Corrientes, la Sociedad Argentina de Escritores -Filial Corrientes-, el director del Museo de Imaginer\u00eda Guaran\u00edtica y el Centro&nbsp;Cultural&nbsp;\u201cLa Casa Azul\u201d, realizaron la postulaci\u00f3n del m\u00fasico y compositor para recibir este t\u00edtulo honor\u00edfico de la UNNE, fundada en su extensa trayectoria a nivel nacional e internacional como eximio ejecutante del acorde\u00f3n de cuatro hileras, creando una nueva sonoridad en el chamam\u00e9.<\/p>\n\n\n\n<p>Se destaca adem\u00e1s, la grabaci\u00f3n de m\u00e1s de treinta \u00e1lbumes originales en Argentina, Francia, Brasil, Jap\u00f3n, Alemania, Espa\u00f1a y Holanda, adem\u00e1s de su participaci\u00f3n en nueve pel\u00edculas y que en 1987, el consagrado m\u00fasico se instal\u00f3 en Francia, donde difundi\u00f3 por primera vez el chamam\u00e9, constituy\u00e9ndose en un referente de la m\u00fasica litorale\u00f1a en Europa.<\/p>\n\n\n\n<p>Se subraya tambi\u00e9n que su \u00e1lbum &#8220;Ra\u00fal Barboza&#8221;, lanzado en Francia en 1993 gan\u00f3 los premios Grand Prix Charles Cross, 4 ciefs \u00e9v\u00e9nement T\u00e9l\u00e9rama, Diapason d&#8217;or y Choe Le Monde de la Musique.<\/p>\n\n\n\n<p>El 25 de mayo de 2000, el Ministerio de&nbsp;Cultura&nbsp;y Comunicaci\u00f3n de Francia le otorg\u00f3 la distinci\u00f3n de &#8220;Chevalier de L&#8217;Ordre des Arts et des Lettres&#8221;<\/p>\n\n\n\n<p>En 1985 y 2005, la Fundaci\u00f3n Konex le otorg\u00f3 el Diploma al M\u00e9rito de los Premios Konex a la M\u00fasica Popular como uno de los 5 mejores &#8220;Solistas Masculinos de Folklore&#8221; de la d\u00e9cada en la Argentina y nuevamente en 2015, esta vez en la disciplina &#8220;Instrumentista&#8221;.<\/p>\n\n\n\n<p>La Universidad Nacional de Rosario le otorg\u00f3 adem\u00e1s en 2022 el t\u00edtulo de Doctor Honoris Causa, en reconocimiento a su extensa trayectoria en la m\u00fasica y en este 2024, ser\u00e1 la Universidad Nacional del Nordeste la que distinguir\u00e1 a este destacado embajador mundial de la m\u00fasica chamamecera.&nbsp;<\/p>\n\n\n\n<p>La Facultad de Artes, Dise\u00f1o y Ciencias la&nbsp;Cultura&nbsp;de la UNNE fundamenta en la Resoluci\u00f3n 300\/22 de aprobaci\u00f3n de Doctorado Honoris Causa, que esta postulaci\u00f3n se enmarca en los lineamientos y el perfil institucional de esa Unidad Acad\u00e9mica. Y que esta nominaci\u00f3n, aporta adem\u00e1s al fortalecimiento de la declaraci\u00f3n del chamam\u00e9 como Patrimonio&nbsp;Cultural&nbsp;e Inmaterial de la Humanidad, por parte de la UNESCO.<\/p>\n\n\n\n<p>Esta distinci\u00f3n a Ra\u00fal Barboza se aprob\u00f3 en mayo 2022. Reci\u00e9n en este tiempo se concret\u00f3 la oportunidad de entreg\u00e1rsela en persona y en el mejor escenario: el Osvaldo Sosa Cordero, en la jornada inaugural de la Fiesta Nacional del Chamam\u00e9 edici\u00f3n 2024.<\/p>\n","protected":false},"excerpt":{"rendered":"<p>En el marco de la 33\u00aa Fiesta Nacional del Chamam\u00e9, 19\u00aa del MERCOSUR y 3\u00aa Celebraci\u00f3n Mundial, la Universidad Nacional del Nordeste (UNNE) entregar\u00e1 el t\u00edtulo de Doctor Honoris Causa al destacado m\u00fasico y compositor Ra\u00fal Barboza. El diploma que le confiere el t\u00edtulo honor\u00edfico, a este artista de talla internacional y ejecutor eximio del&#8230;<\/p>\n","protected":false},"author":1,"featured_media":1471,"comment_status":"open","ping_status":"closed","sticky":false,"template":"","format":"standard","meta":{"footnotes":""},"categories":[1],"tags":[],"class_list":["post-1470","post","type-post","status-publish","format-standard","has-post-thumbnail","hentry","category-noticias"],"_links":{"self":[{"href":"https:\/\/fiestanacionaldelchamame.com.ar\/index.php?rest_route=\/wp\/v2\/posts\/1470","targetHints":{"allow":["GET"]}}],"collection":[{"href":"https:\/\/fiestanacionaldelchamame.com.ar\/index.php?rest_route=\/wp\/v2\/posts"}],"about":[{"href":"https:\/\/fiestanacionaldelchamame.com.ar\/index.php?rest_route=\/wp\/v2\/types\/post"}],"author":[{"embeddable":true,"href":"https:\/\/fiestanacionaldelchamame.com.ar\/index.php?rest_route=\/wp\/v2\/users\/1"}],"replies":[{"embeddable":true,"href":"https:\/\/fiestanacionaldelchamame.com.ar\/index.php?rest_route=%2Fwp%2Fv2%2Fcomments&post=1470"}],"version-history":[{"count":1,"href":"https:\/\/fiestanacionaldelchamame.com.ar\/index.php?rest_route=\/wp\/v2\/posts\/1470\/revisions"}],"predecessor-version":[{"id":1472,"href":"https:\/\/fiestanacionaldelchamame.com.ar\/index.php?rest_route=\/wp\/v2\/posts\/1470\/revisions\/1472"}],"wp:featuredmedia":[{"embeddable":true,"href":"https:\/\/fiestanacionaldelchamame.com.ar\/index.php?rest_route=\/wp\/v2\/media\/1471"}],"wp:attachment":[{"href":"https:\/\/fiestanacionaldelchamame.com.ar\/index.php?rest_route=%2Fwp%2Fv2%2Fmedia&parent=1470"}],"wp:term":[{"taxonomy":"category","embeddable":true,"href":"https:\/\/fiestanacionaldelchamame.com.ar\/index.php?rest_route=%2Fwp%2Fv2%2Fcategories&post=1470"},{"taxonomy":"post_tag","embeddable":true,"href":"https:\/\/fiestanacionaldelchamame.com.ar\/index.php?rest_route=%2Fwp%2Fv2%2Ftags&post=1470"}],"curies":[{"name":"wp","href":"https:\/\/api.w.org\/{rel}","templated":true}]}}