{"id":1418,"date":"2023-01-20T10:10:00","date_gmt":"2023-01-20T13:10:00","guid":{"rendered":"https:\/\/fiestanacionaldelchamame.com.ar\/?p=1418"},"modified":"2023-01-24T10:24:10","modified_gmt":"2023-01-24T13:24:10","slug":"32a-fiesta-nacional-del-chamame-entradas-agotadas-para-el-sabado-21","status":"publish","type":"post","link":"https:\/\/fiestanacionaldelchamame.com.ar\/?p=1418","title":{"rendered":"32\u00aa Fiesta Nacional del Chamam\u00e9: entradas agotadas para el s\u00e1bado 21"},"content":{"rendered":"\n<h2 class=\"wp-block-heading\">CHAMAME PARA UN MUNDO NUEVO<\/h2>\n\n\n\n<p>El Instituto de Cultura de Corrientes informa que est\u00e1n agotadas las entradas para la novena noche de la 32\u00aa Fiesta Nacional del Chamam\u00e9, 18\u00aa Fiesta de Chamam\u00e9 del MERCOSUR y 2\u00aa Celebraci\u00f3n Mundial. Por este motivo, se resolvi\u00f3 que la boleter\u00eda del Teatro Vera no funcionar\u00e1 este s\u00e1bado.<\/p>\n\n\n\n<p>Cabe aclarar que todav\u00eda hay disponibilidad para el domingo 22 de enero, para el cierre de la presente edici\u00f3n de la Fiesta Grande.<\/p>\n\n\n\n<p>Quienes deseen comprar para esa noche, lo podr\u00e1n hacer el mismo domingo, desde las 17,30, en las boleter\u00edas del anfiteatro Mario del Tr\u00e1nsito Cocomarola.&nbsp;<\/p>\n","protected":false},"excerpt":{"rendered":"<p>CHAMAME PARA UN MUNDO NUEVO El Instituto de Cultura de Corrientes informa que est\u00e1n agotadas las entradas para la novena noche de la 32\u00aa Fiesta Nacional del Chamam\u00e9, 18\u00aa Fiesta de Chamam\u00e9 del MERCOSUR y 2\u00aa Celebraci\u00f3n Mundial. Por este motivo, se resolvi\u00f3 que la boleter\u00eda del Teatro Vera no funcionar\u00e1 este s\u00e1bado. Cabe aclarar&#8230;<\/p>\n","protected":false},"author":1,"featured_media":1421,"comment_status":"open","ping_status":"closed","sticky":false,"template":"","format":"standard","meta":{"footnotes":""},"categories":[1],"tags":[],"class_list":["post-1418","post","type-post","status-publish","format-standard","has-post-thumbnail","hentry","category-noticias"],"_links":{"self":[{"href":"https:\/\/fiestanacionaldelchamame.com.ar\/index.php?rest_route=\/wp\/v2\/posts\/1418","targetHints":{"allow":["GET"]}}],"collection":[{"href":"https:\/\/fiestanacionaldelchamame.com.ar\/index.php?rest_route=\/wp\/v2\/posts"}],"about":[{"href":"https:\/\/fiestanacionaldelchamame.com.ar\/index.php?rest_route=\/wp\/v2\/types\/post"}],"author":[{"embeddable":true,"href":"https:\/\/fiestanacionaldelchamame.com.ar\/index.php?rest_route=\/wp\/v2\/users\/1"}],"replies":[{"embeddable":true,"href":"https:\/\/fiestanacionaldelchamame.com.ar\/index.php?rest_route=%2Fwp%2Fv2%2Fcomments&post=1418"}],"version-history":[{"count":1,"href":"https:\/\/fiestanacionaldelchamame.com.ar\/index.php?rest_route=\/wp\/v2\/posts\/1418\/revisions"}],"predecessor-version":[{"id":1419,"href":"https:\/\/fiestanacionaldelchamame.com.ar\/index.php?rest_route=\/wp\/v2\/posts\/1418\/revisions\/1419"}],"wp:featuredmedia":[{"embeddable":true,"href":"https:\/\/fiestanacionaldelchamame.com.ar\/index.php?rest_route=\/wp\/v2\/media\/1421"}],"wp:attachment":[{"href":"https:\/\/fiestanacionaldelchamame.com.ar\/index.php?rest_route=%2Fwp%2Fv2%2Fmedia&parent=1418"}],"wp:term":[{"taxonomy":"category","embeddable":true,"href":"https:\/\/fiestanacionaldelchamame.com.ar\/index.php?rest_route=%2Fwp%2Fv2%2Fcategories&post=1418"},{"taxonomy":"post_tag","embeddable":true,"href":"https:\/\/fiestanacionaldelchamame.com.ar\/index.php?rest_route=%2Fwp%2Fv2%2Ftags&post=1418"}],"curies":[{"name":"wp","href":"https:\/\/api.w.org\/{rel}","templated":true}]}}