{"id":1415,"date":"2023-01-20T10:05:00","date_gmt":"2023-01-20T13:05:00","guid":{"rendered":"https:\/\/fiestanacionaldelchamame.com.ar\/?p=1415"},"modified":"2023-01-24T10:08:46","modified_gmt":"2023-01-24T13:08:46","slug":"segundo-encuentro-nacional-del-mujeres-difusoras-de-chamame","status":"publish","type":"post","link":"https:\/\/fiestanacionaldelchamame.com.ar\/?p=1415","title":{"rendered":"Segundo Encuentro Nacional del Mujeres Difusoras de Chamam\u00e9"},"content":{"rendered":"\n<h2 class=\"wp-block-heading\">CHAMAME PARA UN MUNDO NUEVO<\/h2>\n\n\n\n<p>En el marco de la 32\u00aa Fiesta Nacional del Chamam\u00e9, se realizar\u00e1 estre s\u00e1bado 21 de enero, a las 11, en la Escuela de Gobierno (Buenos Aires 825), el Segundo Encuentro Nacional de Mujeres Difusoras del Chamam\u00e9, con representantes de distintos puntos del pa\u00eds. En este \u00e1mbito, debatir\u00e1n sobre el rol de las mujeres en el chamam\u00e9, y el cierre musical estar\u00e1 a cargo de Amadeo Campos, Las Hermanas del Chamam\u00e9 y Luciana Chavez y su acorde\u00f3n.<\/p>\n\n\n\n<p>Tras un acuerdo entre el Instituto de Cultura de Corrientes y el Movimiento de Mujeres Difusoras de Chamam\u00e9, se decidi\u00f3 que la ciudad de Corrientes y m\u00e1s espec\u00edficamente la Fiesta Nacional del Chamam\u00e9 sea el epicentro de este encuentro de difusoras.<\/p>\n\n\n\n<p>La charla girar\u00e1 en torno al rol de la mujer en el chamam\u00e9 con la exposici\u00f3n de Mar\u00eda \u00c1ngeles Castillo (Buenos Aires), y Clara Liliana Gonz\u00e1lez (Corrientes). Se buscar\u00e1 reconocer la tarea de la mujer en el chamam\u00e9 que ya son parte de la historia propia del g\u00e9nero, como quienes actualmente llegan desde diferentes espacios y lugares colaborando en la difusi\u00f3n.<\/p>\n\n\n\n<p>Participar\u00e1n las difusoras miembro fundadoras de distintas provincias argentinas, que se sumar\u00e1n a las actividades programadas por los medios radiales, televisivos, redacciones de diarios digitales, y por los funcionarios de gestiones culturales de distintas zonas del pa\u00eds.<\/p>\n\n\n\n<p>Tambi\u00e9n mantendr\u00e1n una charla informativa sobre los fines y prop\u00f3sitos del movimiento lanzado a nivel nacional en septiembre del 2020, recordando a los participantes y actores del primer encuentro realizado en Buenos Aires, como as\u00ed tambi\u00e9n se volver\u00e1n a acordar pautas de trabajo a la hora de difundir el chamam\u00e9 en los diferentes medios y \/o formatos.<\/p>\n\n\n\n<p>La apertura musical estar\u00e1 a cargo de Amadeo &#8220;Tutu&#8221; Campos de Ituzaing\u00f3, y en el cierre actuar\u00e1n desde Monte Caseros Las Hermanas del Chamam\u00e9 y desde Entre R\u00edos: Luciana Chavez y su tr\u00edo.<\/p>\n","protected":false},"excerpt":{"rendered":"<p>CHAMAME PARA UN MUNDO NUEVO En el marco de la 32\u00aa Fiesta Nacional del Chamam\u00e9, se realizar\u00e1 estre s\u00e1bado 21 de enero, a las 11, en la Escuela de Gobierno (Buenos Aires 825), el Segundo Encuentro Nacional de Mujeres Difusoras del Chamam\u00e9, con representantes de distintos puntos del pa\u00eds. En este \u00e1mbito, debatir\u00e1n sobre el&#8230;<\/p>\n","protected":false},"author":1,"featured_media":1416,"comment_status":"open","ping_status":"closed","sticky":false,"template":"","format":"standard","meta":{"footnotes":""},"categories":[1],"tags":[],"class_list":["post-1415","post","type-post","status-publish","format-standard","has-post-thumbnail","hentry","category-noticias"],"_links":{"self":[{"href":"https:\/\/fiestanacionaldelchamame.com.ar\/index.php?rest_route=\/wp\/v2\/posts\/1415","targetHints":{"allow":["GET"]}}],"collection":[{"href":"https:\/\/fiestanacionaldelchamame.com.ar\/index.php?rest_route=\/wp\/v2\/posts"}],"about":[{"href":"https:\/\/fiestanacionaldelchamame.com.ar\/index.php?rest_route=\/wp\/v2\/types\/post"}],"author":[{"embeddable":true,"href":"https:\/\/fiestanacionaldelchamame.com.ar\/index.php?rest_route=\/wp\/v2\/users\/1"}],"replies":[{"embeddable":true,"href":"https:\/\/fiestanacionaldelchamame.com.ar\/index.php?rest_route=%2Fwp%2Fv2%2Fcomments&post=1415"}],"version-history":[{"count":1,"href":"https:\/\/fiestanacionaldelchamame.com.ar\/index.php?rest_route=\/wp\/v2\/posts\/1415\/revisions"}],"predecessor-version":[{"id":1417,"href":"https:\/\/fiestanacionaldelchamame.com.ar\/index.php?rest_route=\/wp\/v2\/posts\/1415\/revisions\/1417"}],"wp:featuredmedia":[{"embeddable":true,"href":"https:\/\/fiestanacionaldelchamame.com.ar\/index.php?rest_route=\/wp\/v2\/media\/1416"}],"wp:attachment":[{"href":"https:\/\/fiestanacionaldelchamame.com.ar\/index.php?rest_route=%2Fwp%2Fv2%2Fmedia&parent=1415"}],"wp:term":[{"taxonomy":"category","embeddable":true,"href":"https:\/\/fiestanacionaldelchamame.com.ar\/index.php?rest_route=%2Fwp%2Fv2%2Fcategories&post=1415"},{"taxonomy":"post_tag","embeddable":true,"href":"https:\/\/fiestanacionaldelchamame.com.ar\/index.php?rest_route=%2Fwp%2Fv2%2Ftags&post=1415"}],"curies":[{"name":"wp","href":"https:\/\/api.w.org\/{rel}","templated":true}]}}