{"id":1412,"date":"2023-01-20T10:03:00","date_gmt":"2023-01-20T13:03:00","guid":{"rendered":"https:\/\/fiestanacionaldelchamame.com.ar\/?p=1412"},"modified":"2023-01-24T10:05:19","modified_gmt":"2023-01-24T13:05:19","slug":"entradas-para-la-32a-fiesta-nacional-del-chamame","status":"publish","type":"post","link":"https:\/\/fiestanacionaldelchamame.com.ar\/?p=1412","title":{"rendered":"Entradas para la 32\u00aa Fiesta Nacional del Chamam\u00e9\u00a0"},"content":{"rendered":"\n<p>El Instituto de Cultura de Corrientes informa que las entradas de las personas que no pudieron ingresar el pasado jueves 19 de enero, ser\u00e1n v\u00e1lidas para acceder al anfiteatro Mario del Tr\u00e1nsito Cocomarola: este viernes 20, el s\u00e1bado 21 y el domingo 22 de enero.<\/p>\n\n\n\n<p>Desde la organizaci\u00f3n aclararon que a quienes adquirieron las entradas y no puedan asistir a ninguna de las noches mencionadas, se le devolver\u00e1 el dinero, una vez finalizada la 32\u00aa Fiesta Nacional del Chamam\u00e9.&nbsp;<\/p>\n","protected":false},"excerpt":{"rendered":"<p>El Instituto de Cultura de Corrientes informa que las entradas de las personas que no pudieron ingresar el pasado jueves 19 de enero, ser\u00e1n v\u00e1lidas para acceder al anfiteatro Mario del Tr\u00e1nsito Cocomarola: este viernes 20, el s\u00e1bado 21 y el domingo 22 de enero. Desde la organizaci\u00f3n aclararon que a quienes adquirieron las entradas&#8230;<\/p>\n","protected":false},"author":1,"featured_media":1413,"comment_status":"open","ping_status":"closed","sticky":false,"template":"","format":"standard","meta":{"footnotes":""},"categories":[1],"tags":[],"class_list":["post-1412","post","type-post","status-publish","format-standard","has-post-thumbnail","hentry","category-noticias"],"_links":{"self":[{"href":"https:\/\/fiestanacionaldelchamame.com.ar\/index.php?rest_route=\/wp\/v2\/posts\/1412","targetHints":{"allow":["GET"]}}],"collection":[{"href":"https:\/\/fiestanacionaldelchamame.com.ar\/index.php?rest_route=\/wp\/v2\/posts"}],"about":[{"href":"https:\/\/fiestanacionaldelchamame.com.ar\/index.php?rest_route=\/wp\/v2\/types\/post"}],"author":[{"embeddable":true,"href":"https:\/\/fiestanacionaldelchamame.com.ar\/index.php?rest_route=\/wp\/v2\/users\/1"}],"replies":[{"embeddable":true,"href":"https:\/\/fiestanacionaldelchamame.com.ar\/index.php?rest_route=%2Fwp%2Fv2%2Fcomments&post=1412"}],"version-history":[{"count":1,"href":"https:\/\/fiestanacionaldelchamame.com.ar\/index.php?rest_route=\/wp\/v2\/posts\/1412\/revisions"}],"predecessor-version":[{"id":1414,"href":"https:\/\/fiestanacionaldelchamame.com.ar\/index.php?rest_route=\/wp\/v2\/posts\/1412\/revisions\/1414"}],"wp:featuredmedia":[{"embeddable":true,"href":"https:\/\/fiestanacionaldelchamame.com.ar\/index.php?rest_route=\/wp\/v2\/media\/1413"}],"wp:attachment":[{"href":"https:\/\/fiestanacionaldelchamame.com.ar\/index.php?rest_route=%2Fwp%2Fv2%2Fmedia&parent=1412"}],"wp:term":[{"taxonomy":"category","embeddable":true,"href":"https:\/\/fiestanacionaldelchamame.com.ar\/index.php?rest_route=%2Fwp%2Fv2%2Fcategories&post=1412"},{"taxonomy":"post_tag","embeddable":true,"href":"https:\/\/fiestanacionaldelchamame.com.ar\/index.php?rest_route=%2Fwp%2Fv2%2Ftags&post=1412"}],"curies":[{"name":"wp","href":"https:\/\/api.w.org\/{rel}","templated":true}]}}