{"id":1387,"date":"2023-01-16T21:25:10","date_gmt":"2023-01-17T00:25:10","guid":{"rendered":"https:\/\/fiestanacionaldelchamame.com.ar\/?p=1387"},"modified":"2023-01-16T21:25:16","modified_gmt":"2023-01-17T00:25:16","slug":"cultura-entrego-reconocimientos-a-los-hacedores-chamameceros","status":"publish","type":"post","link":"https:\/\/fiestanacionaldelchamame.com.ar\/?p=1387","title":{"rendered":"Cultura entreg\u00f3 reconocimientos a los hacedores chamameceros"},"content":{"rendered":"\n<h2 class=\"wp-block-heading\">CHAMAME PARA UN MUNDO NUEVO<\/h2>\n\n\n\n<p>A trav\u00e9s de un acto realizado hoy al mediod\u00eda en el sal\u00f3n Juli\u00e1n Zini, el Instituto de Cultura de Corrientes hizo entrega de reconocimientos a m\u00e1s de 30 hacedores culturales, que hace a\u00f1os vienen haciendo un valioso aporte a la Fiesta Nacional del Chamam\u00e9, y al g\u00e9nero en general.<\/p>\n\n\n\n<p>El presidente del Instituto de Cultura de Corrientes, Arq. Gabriel Romero, encabez\u00f3 el acto, acompa\u00f1ado por el ministro de Cultura de Paraguay, Rub\u00e9n Capdevilla; la senadora nacional Gabriela Valenzuela, &nbsp;y el director general de la Fiesta, Eduardo S\u00edvori.<\/p>\n\n\n\n<p>\u201cEs un gran placer estar aqu\u00ed, por primera vez participando de la Fiesta Nacional del Chamam\u00e9. Gracias al acercamiento del presidente del Instituto de Cultura, logramos coordinar y tener hoy una comitiva importante en esta Fiesta, que es fundamental para la regi\u00f3n\u201d, expres\u00f3 el ministro de Cultura de Paraguay.<\/p>\n\n\n\n<p>Adem\u00e1s se\u00f1al\u00f3 que \u201cvenimos con nuestra propuesta de la candidatura de la guarania como patrimonio inmaterial de la humanidad, y queremos aprender de la experiencia de Corrientes en la candidatura que llev\u00f3 adelante del chamam\u00e9\u201d.<\/p>\n\n\n\n<p>El presidente del Instituto de Cultura, Gabriel Romero, agradeci\u00f3 la presencia del funcionario del hermano pa\u00eds, y de la senadora nacional Gabriela Valenzuela, y expres\u00f3 su satisfacci\u00f3n por \u201cpoder hacer este tipo de reconocimiento, considerando que hay hacedores que son fundamentales a la hora de pensar la proyecci\u00f3n que tiene el chamam\u00e9 como g\u00e9nero\u201d.<\/p>\n\n\n\n<p>\u201cHay que pensar en los difusores, los organizadores, los gestores culturales. El chamam\u00e9 forma parte de una cultura mucho m\u00e1s amplia, y eso nos une con el Paraguay, y nos proyecta como uno de los grandes g\u00e9neros musicales\u201d, agreg\u00f3.<\/p>\n\n\n\n<p>Al cierre, destac\u00f3 que \u201cEntre todos juntos, las provincias de la regi\u00f3n, podemos trabajar en esta proyecci\u00f3n internacional que ya lo pensaron hace tiempo Norberto Lischinsky, Fredy Jara de Formosa y Marilyn Crist\u00f3fani del Chaco\u201d, afirm\u00f3.<\/p>\n\n\n\n<p>Seguidamente se procedi\u00f3 a hacer entrega de los reconocimientos.&nbsp;Entre los que recibieron la distinci\u00f3n se encuentran artistas de extensa trayectoria, integrantes de las parejas nacionales de chamam\u00e9 y correntinos que hace a\u00f1os vienen realizando un gran aporte a la cultura chamamecera.<\/p>\n\n\n\n<p><strong>Reconocidos<\/strong><\/p>\n\n\n\n<p>En esta oportunidad, recibieron el reconocimiento por el aporte al chamam\u00e9: Villa \u00c1ngela (Chaco), como Mejor Comit\u00e9 Organizador de Sedes Nacionales; el Grupo Tupa Noy; Ernestito Montiel y el Cuarteto Santa Ana; Alfredo Ellero, V\u00edctor Zaracho; Wilfredo Orlando Aguirre Armand; Luis Alfredo Luna; Manges Casis; Emiliano Cardozo; Hugo Leiva; Bruno Mendoza, Los Sena; Jorge de la Cruz Balmaceda; Oscar \u201cCacho\u201d Esp\u00edndola; Zuni Aguirre; Sim\u00f3n de Jes\u00fas Palacios; Conjunto Vera \u2013 Monz\u00f3n; Benigno \u201cNino\u201d Ram\u00edrez; Porfirio Cardozo; Mario Prieto Linares; Secundino Mart\u00ednez; Hermanos Vel\u00e1zquez; Mateo Villalba; Ram\u00f3n Villareal; Ram\u00f3n Eulalio \u201cTito\u201d Esp\u00edndola<\/p>\n\n\n\n<figure class=\"wp-block-gallery has-nested-images columns-default is-cropped wp-block-gallery-1 is-layout-flex wp-block-gallery-is-layout-flex\">\n<figure class=\"wp-block-image size-large\"><img fetchpriority=\"high\" decoding=\"async\" width=\"1024\" height=\"683\" data-id=\"1389\" src=\"https:\/\/fiestanacionaldelchamame.com.ar\/wp-content\/uploads\/2023\/01\/ARF_4511-1024x683.jpg\" alt=\"\" class=\"wp-image-1389\" srcset=\"https:\/\/fiestanacionaldelchamame.com.ar\/wp-content\/uploads\/2023\/01\/ARF_4511-1024x683.jpg 1024w, https:\/\/fiestanacionaldelchamame.com.ar\/wp-content\/uploads\/2023\/01\/ARF_4511-300x200.jpg 300w, https:\/\/fiestanacionaldelchamame.com.ar\/wp-content\/uploads\/2023\/01\/ARF_4511-768x512.jpg 768w, https:\/\/fiestanacionaldelchamame.com.ar\/wp-content\/uploads\/2023\/01\/ARF_4511-1536x1024.jpg 1536w, https:\/\/fiestanacionaldelchamame.com.ar\/wp-content\/uploads\/2023\/01\/ARF_4511-850x567.jpg 850w, https:\/\/fiestanacionaldelchamame.com.ar\/wp-content\/uploads\/2023\/01\/ARF_4511.jpg 2048w\" sizes=\"(max-width: 1024px) 100vw, 1024px\" \/><\/figure>\n\n\n\n<figure class=\"wp-block-image size-large\"><img decoding=\"async\" width=\"1024\" height=\"683\" data-id=\"1390\" src=\"https:\/\/fiestanacionaldelchamame.com.ar\/wp-content\/uploads\/2023\/01\/ARF_4557-1024x683.jpg\" alt=\"\" class=\"wp-image-1390\" srcset=\"https:\/\/fiestanacionaldelchamame.com.ar\/wp-content\/uploads\/2023\/01\/ARF_4557-1024x683.jpg 1024w, https:\/\/fiestanacionaldelchamame.com.ar\/wp-content\/uploads\/2023\/01\/ARF_4557-300x200.jpg 300w, https:\/\/fiestanacionaldelchamame.com.ar\/wp-content\/uploads\/2023\/01\/ARF_4557-768x512.jpg 768w, https:\/\/fiestanacionaldelchamame.com.ar\/wp-content\/uploads\/2023\/01\/ARF_4557-1536x1024.jpg 1536w, https:\/\/fiestanacionaldelchamame.com.ar\/wp-content\/uploads\/2023\/01\/ARF_4557-850x567.jpg 850w, https:\/\/fiestanacionaldelchamame.com.ar\/wp-content\/uploads\/2023\/01\/ARF_4557.jpg 2048w\" sizes=\"(max-width: 1024px) 100vw, 1024px\" \/><\/figure>\n\n\n\n<figure class=\"wp-block-image size-large\"><img decoding=\"async\" width=\"1024\" height=\"682\" data-id=\"1392\" src=\"https:\/\/fiestanacionaldelchamame.com.ar\/wp-content\/uploads\/2023\/01\/WhatsApp-Image-2023-01-16-at-16.31.20-1-1024x682.jpeg\" alt=\"\" class=\"wp-image-1392\" srcset=\"https:\/\/fiestanacionaldelchamame.com.ar\/wp-content\/uploads\/2023\/01\/WhatsApp-Image-2023-01-16-at-16.31.20-1-1024x682.jpeg 1024w, https:\/\/fiestanacionaldelchamame.com.ar\/wp-content\/uploads\/2023\/01\/WhatsApp-Image-2023-01-16-at-16.31.20-1-300x200.jpeg 300w, https:\/\/fiestanacionaldelchamame.com.ar\/wp-content\/uploads\/2023\/01\/WhatsApp-Image-2023-01-16-at-16.31.20-1-768x512.jpeg 768w, https:\/\/fiestanacionaldelchamame.com.ar\/wp-content\/uploads\/2023\/01\/WhatsApp-Image-2023-01-16-at-16.31.20-1-1536x1023.jpeg 1536w, https:\/\/fiestanacionaldelchamame.com.ar\/wp-content\/uploads\/2023\/01\/WhatsApp-Image-2023-01-16-at-16.31.20-1-850x566.jpeg 850w, https:\/\/fiestanacionaldelchamame.com.ar\/wp-content\/uploads\/2023\/01\/WhatsApp-Image-2023-01-16-at-16.31.20-1.jpeg 1600w\" sizes=\"(max-width: 1024px) 100vw, 1024px\" \/><\/figure>\n\n\n\n<figure class=\"wp-block-image size-large\"><img loading=\"lazy\" decoding=\"async\" width=\"1024\" height=\"682\" data-id=\"1388\" src=\"https:\/\/fiestanacionaldelchamame.com.ar\/wp-content\/uploads\/2023\/01\/WhatsApp-Image-2023-01-16-at-16.31.20-1024x682.jpeg\" alt=\"\" class=\"wp-image-1388\" srcset=\"https:\/\/fiestanacionaldelchamame.com.ar\/wp-content\/uploads\/2023\/01\/WhatsApp-Image-2023-01-16-at-16.31.20-1024x682.jpeg 1024w, https:\/\/fiestanacionaldelchamame.com.ar\/wp-content\/uploads\/2023\/01\/WhatsApp-Image-2023-01-16-at-16.31.20-300x200.jpeg 300w, https:\/\/fiestanacionaldelchamame.com.ar\/wp-content\/uploads\/2023\/01\/WhatsApp-Image-2023-01-16-at-16.31.20-768x512.jpeg 768w, https:\/\/fiestanacionaldelchamame.com.ar\/wp-content\/uploads\/2023\/01\/WhatsApp-Image-2023-01-16-at-16.31.20-1536x1023.jpeg 1536w, https:\/\/fiestanacionaldelchamame.com.ar\/wp-content\/uploads\/2023\/01\/WhatsApp-Image-2023-01-16-at-16.31.20-850x566.jpeg 850w, https:\/\/fiestanacionaldelchamame.com.ar\/wp-content\/uploads\/2023\/01\/WhatsApp-Image-2023-01-16-at-16.31.20.jpeg 1600w\" sizes=\"(max-width: 1024px) 100vw, 1024px\" \/><\/figure>\n\n\n\n<figure class=\"wp-block-image size-large\"><img loading=\"lazy\" decoding=\"async\" width=\"1024\" height=\"682\" data-id=\"1393\" src=\"https:\/\/fiestanacionaldelchamame.com.ar\/wp-content\/uploads\/2023\/01\/WhatsApp-Image-2023-01-16-at-16.31.21-1024x682.jpeg\" alt=\"\" class=\"wp-image-1393\" srcset=\"https:\/\/fiestanacionaldelchamame.com.ar\/wp-content\/uploads\/2023\/01\/WhatsApp-Image-2023-01-16-at-16.31.21-1024x682.jpeg 1024w, https:\/\/fiestanacionaldelchamame.com.ar\/wp-content\/uploads\/2023\/01\/WhatsApp-Image-2023-01-16-at-16.31.21-300x200.jpeg 300w, https:\/\/fiestanacionaldelchamame.com.ar\/wp-content\/uploads\/2023\/01\/WhatsApp-Image-2023-01-16-at-16.31.21-768x512.jpeg 768w, https:\/\/fiestanacionaldelchamame.com.ar\/wp-content\/uploads\/2023\/01\/WhatsApp-Image-2023-01-16-at-16.31.21-1536x1023.jpeg 1536w, https:\/\/fiestanacionaldelchamame.com.ar\/wp-content\/uploads\/2023\/01\/WhatsApp-Image-2023-01-16-at-16.31.21-850x566.jpeg 850w, https:\/\/fiestanacionaldelchamame.com.ar\/wp-content\/uploads\/2023\/01\/WhatsApp-Image-2023-01-16-at-16.31.21.jpeg 1600w\" sizes=\"(max-width: 1024px) 100vw, 1024px\" \/><\/figure>\n\n\n\n<figure class=\"wp-block-image size-large\"><img loading=\"lazy\" decoding=\"async\" width=\"1024\" height=\"682\" data-id=\"1391\" src=\"https:\/\/fiestanacionaldelchamame.com.ar\/wp-content\/uploads\/2023\/01\/WhatsApp-Image-2023-01-16-at-16.31.22-1-1024x682.jpeg\" alt=\"\" class=\"wp-image-1391\" srcset=\"https:\/\/fiestanacionaldelchamame.com.ar\/wp-content\/uploads\/2023\/01\/WhatsApp-Image-2023-01-16-at-16.31.22-1-1024x682.jpeg 1024w, https:\/\/fiestanacionaldelchamame.com.ar\/wp-content\/uploads\/2023\/01\/WhatsApp-Image-2023-01-16-at-16.31.22-1-300x200.jpeg 300w, https:\/\/fiestanacionaldelchamame.com.ar\/wp-content\/uploads\/2023\/01\/WhatsApp-Image-2023-01-16-at-16.31.22-1-768x512.jpeg 768w, https:\/\/fiestanacionaldelchamame.com.ar\/wp-content\/uploads\/2023\/01\/WhatsApp-Image-2023-01-16-at-16.31.22-1-1536x1023.jpeg 1536w, https:\/\/fiestanacionaldelchamame.com.ar\/wp-content\/uploads\/2023\/01\/WhatsApp-Image-2023-01-16-at-16.31.22-1-850x566.jpeg 850w, https:\/\/fiestanacionaldelchamame.com.ar\/wp-content\/uploads\/2023\/01\/WhatsApp-Image-2023-01-16-at-16.31.22-1.jpeg 1600w\" sizes=\"(max-width: 1024px) 100vw, 1024px\" \/><\/figure>\n\n\n\n<figure class=\"wp-block-image size-large\"><img loading=\"lazy\" decoding=\"async\" width=\"1024\" height=\"682\" data-id=\"1394\" src=\"https:\/\/fiestanacionaldelchamame.com.ar\/wp-content\/uploads\/2023\/01\/WhatsApp-Image-2023-01-16-at-16.31.22-1024x682.jpeg\" alt=\"\" class=\"wp-image-1394\" srcset=\"https:\/\/fiestanacionaldelchamame.com.ar\/wp-content\/uploads\/2023\/01\/WhatsApp-Image-2023-01-16-at-16.31.22-1024x682.jpeg 1024w, https:\/\/fiestanacionaldelchamame.com.ar\/wp-content\/uploads\/2023\/01\/WhatsApp-Image-2023-01-16-at-16.31.22-300x200.jpeg 300w, https:\/\/fiestanacionaldelchamame.com.ar\/wp-content\/uploads\/2023\/01\/WhatsApp-Image-2023-01-16-at-16.31.22-768x512.jpeg 768w, https:\/\/fiestanacionaldelchamame.com.ar\/wp-content\/uploads\/2023\/01\/WhatsApp-Image-2023-01-16-at-16.31.22-1536x1023.jpeg 1536w, https:\/\/fiestanacionaldelchamame.com.ar\/wp-content\/uploads\/2023\/01\/WhatsApp-Image-2023-01-16-at-16.31.22-850x566.jpeg 850w, https:\/\/fiestanacionaldelchamame.com.ar\/wp-content\/uploads\/2023\/01\/WhatsApp-Image-2023-01-16-at-16.31.22.jpeg 1600w\" sizes=\"(max-width: 1024px) 100vw, 1024px\" \/><\/figure>\n\n\n\n<figure class=\"wp-block-image size-large\"><img loading=\"lazy\" decoding=\"async\" width=\"1024\" height=\"682\" data-id=\"1395\" src=\"https:\/\/fiestanacionaldelchamame.com.ar\/wp-content\/uploads\/2023\/01\/WhatsApp-Image-2023-01-16-at-16.31.23-1024x682.jpeg\" alt=\"\" class=\"wp-image-1395\" srcset=\"https:\/\/fiestanacionaldelchamame.com.ar\/wp-content\/uploads\/2023\/01\/WhatsApp-Image-2023-01-16-at-16.31.23-1024x682.jpeg 1024w, https:\/\/fiestanacionaldelchamame.com.ar\/wp-content\/uploads\/2023\/01\/WhatsApp-Image-2023-01-16-at-16.31.23-300x200.jpeg 300w, https:\/\/fiestanacionaldelchamame.com.ar\/wp-content\/uploads\/2023\/01\/WhatsApp-Image-2023-01-16-at-16.31.23-768x512.jpeg 768w, https:\/\/fiestanacionaldelchamame.com.ar\/wp-content\/uploads\/2023\/01\/WhatsApp-Image-2023-01-16-at-16.31.23-1536x1023.jpeg 1536w, https:\/\/fiestanacionaldelchamame.com.ar\/wp-content\/uploads\/2023\/01\/WhatsApp-Image-2023-01-16-at-16.31.23-850x566.jpeg 850w, https:\/\/fiestanacionaldelchamame.com.ar\/wp-content\/uploads\/2023\/01\/WhatsApp-Image-2023-01-16-at-16.31.23.jpeg 1600w\" sizes=\"(max-width: 1024px) 100vw, 1024px\" \/><\/figure>\n\n\n\n<figure class=\"wp-block-image size-large\"><img loading=\"lazy\" decoding=\"async\" width=\"1024\" height=\"682\" data-id=\"1396\" src=\"https:\/\/fiestanacionaldelchamame.com.ar\/wp-content\/uploads\/2023\/01\/WhatsApp-Image-2023-01-16-at-16.31.24-1-1024x682.jpeg\" alt=\"\" class=\"wp-image-1396\" srcset=\"https:\/\/fiestanacionaldelchamame.com.ar\/wp-content\/uploads\/2023\/01\/WhatsApp-Image-2023-01-16-at-16.31.24-1-1024x682.jpeg 1024w, https:\/\/fiestanacionaldelchamame.com.ar\/wp-content\/uploads\/2023\/01\/WhatsApp-Image-2023-01-16-at-16.31.24-1-300x200.jpeg 300w, https:\/\/fiestanacionaldelchamame.com.ar\/wp-content\/uploads\/2023\/01\/WhatsApp-Image-2023-01-16-at-16.31.24-1-768x512.jpeg 768w, https:\/\/fiestanacionaldelchamame.com.ar\/wp-content\/uploads\/2023\/01\/WhatsApp-Image-2023-01-16-at-16.31.24-1-1536x1023.jpeg 1536w, https:\/\/fiestanacionaldelchamame.com.ar\/wp-content\/uploads\/2023\/01\/WhatsApp-Image-2023-01-16-at-16.31.24-1-850x566.jpeg 850w, https:\/\/fiestanacionaldelchamame.com.ar\/wp-content\/uploads\/2023\/01\/WhatsApp-Image-2023-01-16-at-16.31.24-1.jpeg 1600w\" sizes=\"(max-width: 1024px) 100vw, 1024px\" \/><\/figure>\n\n\n\n<figure class=\"wp-block-image size-large\"><img loading=\"lazy\" decoding=\"async\" width=\"1024\" height=\"682\" data-id=\"1397\" src=\"https:\/\/fiestanacionaldelchamame.com.ar\/wp-content\/uploads\/2023\/01\/WhatsApp-Image-2023-01-16-at-16.31.24-1024x682.jpeg\" alt=\"\" class=\"wp-image-1397\" srcset=\"https:\/\/fiestanacionaldelchamame.com.ar\/wp-content\/uploads\/2023\/01\/WhatsApp-Image-2023-01-16-at-16.31.24-1024x682.jpeg 1024w, https:\/\/fiestanacionaldelchamame.com.ar\/wp-content\/uploads\/2023\/01\/WhatsApp-Image-2023-01-16-at-16.31.24-300x200.jpeg 300w, https:\/\/fiestanacionaldelchamame.com.ar\/wp-content\/uploads\/2023\/01\/WhatsApp-Image-2023-01-16-at-16.31.24-768x512.jpeg 768w, https:\/\/fiestanacionaldelchamame.com.ar\/wp-content\/uploads\/2023\/01\/WhatsApp-Image-2023-01-16-at-16.31.24-1536x1023.jpeg 1536w, https:\/\/fiestanacionaldelchamame.com.ar\/wp-content\/uploads\/2023\/01\/WhatsApp-Image-2023-01-16-at-16.31.24-850x566.jpeg 850w, https:\/\/fiestanacionaldelchamame.com.ar\/wp-content\/uploads\/2023\/01\/WhatsApp-Image-2023-01-16-at-16.31.24.jpeg 1600w\" sizes=\"(max-width: 1024px) 100vw, 1024px\" \/><\/figure>\n\n\n\n<figure class=\"wp-block-image size-large\"><img loading=\"lazy\" decoding=\"async\" width=\"1024\" height=\"682\" data-id=\"1398\" src=\"https:\/\/fiestanacionaldelchamame.com.ar\/wp-content\/uploads\/2023\/01\/WhatsApp-Image-2023-01-16-at-16.31.26-1-1024x682.jpeg\" alt=\"\" class=\"wp-image-1398\" srcset=\"https:\/\/fiestanacionaldelchamame.com.ar\/wp-content\/uploads\/2023\/01\/WhatsApp-Image-2023-01-16-at-16.31.26-1-1024x682.jpeg 1024w, https:\/\/fiestanacionaldelchamame.com.ar\/wp-content\/uploads\/2023\/01\/WhatsApp-Image-2023-01-16-at-16.31.26-1-300x200.jpeg 300w, https:\/\/fiestanacionaldelchamame.com.ar\/wp-content\/uploads\/2023\/01\/WhatsApp-Image-2023-01-16-at-16.31.26-1-768x512.jpeg 768w, https:\/\/fiestanacionaldelchamame.com.ar\/wp-content\/uploads\/2023\/01\/WhatsApp-Image-2023-01-16-at-16.31.26-1-1536x1023.jpeg 1536w, https:\/\/fiestanacionaldelchamame.com.ar\/wp-content\/uploads\/2023\/01\/WhatsApp-Image-2023-01-16-at-16.31.26-1-850x566.jpeg 850w, https:\/\/fiestanacionaldelchamame.com.ar\/wp-content\/uploads\/2023\/01\/WhatsApp-Image-2023-01-16-at-16.31.26-1.jpeg 1600w\" sizes=\"(max-width: 1024px) 100vw, 1024px\" \/><\/figure>\n\n\n\n<figure class=\"wp-block-image size-large\"><img loading=\"lazy\" decoding=\"async\" width=\"1024\" height=\"682\" data-id=\"1399\" src=\"https:\/\/fiestanacionaldelchamame.com.ar\/wp-content\/uploads\/2023\/01\/WhatsApp-Image-2023-01-16-at-16.31.26-1024x682.jpeg\" alt=\"\" class=\"wp-image-1399\" srcset=\"https:\/\/fiestanacionaldelchamame.com.ar\/wp-content\/uploads\/2023\/01\/WhatsApp-Image-2023-01-16-at-16.31.26-1024x682.jpeg 1024w, https:\/\/fiestanacionaldelchamame.com.ar\/wp-content\/uploads\/2023\/01\/WhatsApp-Image-2023-01-16-at-16.31.26-300x200.jpeg 300w, https:\/\/fiestanacionaldelchamame.com.ar\/wp-content\/uploads\/2023\/01\/WhatsApp-Image-2023-01-16-at-16.31.26-768x512.jpeg 768w, https:\/\/fiestanacionaldelchamame.com.ar\/wp-content\/uploads\/2023\/01\/WhatsApp-Image-2023-01-16-at-16.31.26-1536x1023.jpeg 1536w, https:\/\/fiestanacionaldelchamame.com.ar\/wp-content\/uploads\/2023\/01\/WhatsApp-Image-2023-01-16-at-16.31.26-850x566.jpeg 850w, https:\/\/fiestanacionaldelchamame.com.ar\/wp-content\/uploads\/2023\/01\/WhatsApp-Image-2023-01-16-at-16.31.26.jpeg 1600w\" sizes=\"(max-width: 1024px) 100vw, 1024px\" \/><\/figure>\n<\/figure>\n\n\n\n<p>Asimismo, tambi\u00e9n recibieron la distinci\u00f3n: Chantal Ivone Piazza y Nicol\u00e1s Cristian Leiva, integrantes de la Pareja Nacional del Chamam\u00e9 2023; Josefina Ail\u00e9n Morales y Kevin Ismael G\u00f3mez, Pareja Nacional Juvenil del Chamam\u00e9 2023;&nbsp; Milagros Estefan\u00eda Cerd\u00e1n y Diego David Jara, Embajadores Culturales Nacionales del Chamam\u00e9; al igual que Oriana Ornella Ortielli y Ariel Andr\u00e9s Gonz\u00e1lez, Embajadores Culturales Nacionales del Chamam\u00e9.<\/p>\n","protected":false},"excerpt":{"rendered":"<p>CHAMAME PARA UN MUNDO NUEVO A trav\u00e9s de un acto realizado hoy al mediod\u00eda en el sal\u00f3n Juli\u00e1n Zini, el Instituto de Cultura de Corrientes hizo entrega de reconocimientos a m\u00e1s de 30 hacedores culturales, que hace a\u00f1os vienen haciendo un valioso aporte a la Fiesta Nacional del Chamam\u00e9, y al g\u00e9nero en general. El&#8230;<\/p>\n","protected":false},"author":1,"featured_media":1391,"comment_status":"open","ping_status":"closed","sticky":false,"template":"","format":"standard","meta":{"footnotes":""},"categories":[1],"tags":[],"class_list":["post-1387","post","type-post","status-publish","format-standard","has-post-thumbnail","hentry","category-noticias"],"_links":{"self":[{"href":"https:\/\/fiestanacionaldelchamame.com.ar\/index.php?rest_route=\/wp\/v2\/posts\/1387","targetHints":{"allow":["GET"]}}],"collection":[{"href":"https:\/\/fiestanacionaldelchamame.com.ar\/index.php?rest_route=\/wp\/v2\/posts"}],"about":[{"href":"https:\/\/fiestanacionaldelchamame.com.ar\/index.php?rest_route=\/wp\/v2\/types\/post"}],"author":[{"embeddable":true,"href":"https:\/\/fiestanacionaldelchamame.com.ar\/index.php?rest_route=\/wp\/v2\/users\/1"}],"replies":[{"embeddable":true,"href":"https:\/\/fiestanacionaldelchamame.com.ar\/index.php?rest_route=%2Fwp%2Fv2%2Fcomments&post=1387"}],"version-history":[{"count":1,"href":"https:\/\/fiestanacionaldelchamame.com.ar\/index.php?rest_route=\/wp\/v2\/posts\/1387\/revisions"}],"predecessor-version":[{"id":1400,"href":"https:\/\/fiestanacionaldelchamame.com.ar\/index.php?rest_route=\/wp\/v2\/posts\/1387\/revisions\/1400"}],"wp:featuredmedia":[{"embeddable":true,"href":"https:\/\/fiestanacionaldelchamame.com.ar\/index.php?rest_route=\/wp\/v2\/media\/1391"}],"wp:attachment":[{"href":"https:\/\/fiestanacionaldelchamame.com.ar\/index.php?rest_route=%2Fwp%2Fv2%2Fmedia&parent=1387"}],"wp:term":[{"taxonomy":"category","embeddable":true,"href":"https:\/\/fiestanacionaldelchamame.com.ar\/index.php?rest_route=%2Fwp%2Fv2%2Fcategories&post=1387"},{"taxonomy":"post_tag","embeddable":true,"href":"https:\/\/fiestanacionaldelchamame.com.ar\/index.php?rest_route=%2Fwp%2Fv2%2Ftags&post=1387"}],"curies":[{"name":"wp","href":"https:\/\/api.w.org\/{rel}","templated":true}]}}