{"id":1383,"date":"2023-01-15T21:32:19","date_gmt":"2023-01-16T00:32:19","guid":{"rendered":"https:\/\/fiestanacionaldelchamame.com.ar\/?p=1383"},"modified":"2023-01-15T23:06:33","modified_gmt":"2023-01-16T02:06:33","slug":"convenio-de-cooperacion-con-el-ministerio-de-cultura-de-paraguay","status":"publish","type":"post","link":"https:\/\/fiestanacionaldelchamame.com.ar\/?p=1383","title":{"rendered":"Convenio de cooperaci\u00f3n con el ministerio de Cultura de Paraguay"},"content":{"rendered":"\n<h2 class=\"wp-block-heading\">CHAMAME PARA UN MUNDO NUEVO<\/h2>\n\n\n\n<p>Este lunes 16 de enero, a las 10, en el Sal\u00f3n Verde de Casa de Gobierno de Corrientes se realizar\u00e1 la firma de convenio de cooperaci\u00f3n entre el ministerio de Cultura de Paraguay, representado por el ministro de Cultura, Rub\u00e9n Capdevilla, y el Instituto de Cultura de la Provincia de Corrientes, con la r\u00fabrica de su titular, Arq. Gabriel Romero.<\/p>\n\n\n\n<p>Se aprovechar\u00e1 la oportunidad para dar a conocer el apoyo que brinda el Gobierno de Corrientes, a la postulaci\u00f3n por parte de Paraguay de la guarania como patrimonio cultural inmaterial de la humanidad.&nbsp;<\/p>\n","protected":false},"excerpt":{"rendered":"<p>CHAMAME PARA UN MUNDO NUEVO Este lunes 16 de enero, a las 10, en el Sal\u00f3n Verde de Casa de Gobierno de Corrientes se realizar\u00e1 la firma de convenio de cooperaci\u00f3n entre el ministerio de Cultura de Paraguay, representado por el ministro de Cultura, Rub\u00e9n Capdevilla, y el Instituto de Cultura de la Provincia de&#8230;<\/p>\n","protected":false},"author":1,"featured_media":1384,"comment_status":"open","ping_status":"closed","sticky":false,"template":"","format":"standard","meta":{"footnotes":""},"categories":[1],"tags":[],"class_list":["post-1383","post","type-post","status-publish","format-standard","has-post-thumbnail","hentry","category-noticias"],"_links":{"self":[{"href":"https:\/\/fiestanacionaldelchamame.com.ar\/index.php?rest_route=\/wp\/v2\/posts\/1383","targetHints":{"allow":["GET"]}}],"collection":[{"href":"https:\/\/fiestanacionaldelchamame.com.ar\/index.php?rest_route=\/wp\/v2\/posts"}],"about":[{"href":"https:\/\/fiestanacionaldelchamame.com.ar\/index.php?rest_route=\/wp\/v2\/types\/post"}],"author":[{"embeddable":true,"href":"https:\/\/fiestanacionaldelchamame.com.ar\/index.php?rest_route=\/wp\/v2\/users\/1"}],"replies":[{"embeddable":true,"href":"https:\/\/fiestanacionaldelchamame.com.ar\/index.php?rest_route=%2Fwp%2Fv2%2Fcomments&post=1383"}],"version-history":[{"count":1,"href":"https:\/\/fiestanacionaldelchamame.com.ar\/index.php?rest_route=\/wp\/v2\/posts\/1383\/revisions"}],"predecessor-version":[{"id":1385,"href":"https:\/\/fiestanacionaldelchamame.com.ar\/index.php?rest_route=\/wp\/v2\/posts\/1383\/revisions\/1385"}],"wp:featuredmedia":[{"embeddable":true,"href":"https:\/\/fiestanacionaldelchamame.com.ar\/index.php?rest_route=\/wp\/v2\/media\/1384"}],"wp:attachment":[{"href":"https:\/\/fiestanacionaldelchamame.com.ar\/index.php?rest_route=%2Fwp%2Fv2%2Fmedia&parent=1383"}],"wp:term":[{"taxonomy":"category","embeddable":true,"href":"https:\/\/fiestanacionaldelchamame.com.ar\/index.php?rest_route=%2Fwp%2Fv2%2Fcategories&post=1383"},{"taxonomy":"post_tag","embeddable":true,"href":"https:\/\/fiestanacionaldelchamame.com.ar\/index.php?rest_route=%2Fwp%2Fv2%2Ftags&post=1383"}],"curies":[{"name":"wp","href":"https:\/\/api.w.org\/{rel}","templated":true}]}}