{"id":1380,"date":"2023-01-15T21:03:00","date_gmt":"2023-01-16T00:03:00","guid":{"rendered":"https:\/\/fiestanacionaldelchamame.com.ar\/?p=1380"},"modified":"2023-01-15T21:03:04","modified_gmt":"2023-01-16T00:03:04","slug":"entrega-de-reconocimientos-a-la-trayectoria-chamamecera","status":"publish","type":"post","link":"https:\/\/fiestanacionaldelchamame.com.ar\/?p=1380","title":{"rendered":"Entrega de reconocimientos a la trayectoria chamamecera"},"content":{"rendered":"\n<h2 class=\"wp-block-heading\">CHAMAME PARA UN MUNDO NUEVO<\/h2>\n\n\n\n<p>El Gobierno de la Provincia, a trav\u00e9s del Instituto de Cultura de Corrientes, realizar\u00e1 la entrega de reconocimientos a la trayectoria chamamecera este lunes 16 de enero, a las 11, en el sal\u00f3n auditorio Juli\u00e1n Zini (Blas Benjam\u00edn de la Vega 1699).<\/p>\n\n\n\n<p>Este acto se llevar\u00e1 adelante con la presencia de autoridades provinciales, en el marco de la marco de la 32\u00aa Fiesta Nacional del Chamam\u00e9, 18\u00aa Fiesta del Chamam\u00e9 del Mercosur y 2\u00aa Celebraci\u00f3n Mundial.<\/p>\n\n\n\n<p>Entre los que recibir\u00e1n el reconocimiento se encuentran artistas de extensa trayectoria, integrantes de las parejas nacionales de chamam\u00e9 y correntinos que hace a\u00f1os vienen realizando un gran aporte a la cultura chamamecera.<\/p>\n\n\n\n<p>APORTE A LA CULTURA CHAMAMECERA<\/p>\n\n\n\n<p>\u00b7&nbsp;&nbsp;&nbsp;&nbsp;&nbsp;&nbsp;&nbsp;&nbsp;&nbsp;Mejor Comit\u00e9 Organizador de Sedes Nacionales<\/p>\n\n\n\n<p>Villa \u00c1ngela, Chaco<\/p>\n\n\n\n<p>\u00b7&nbsp;&nbsp;&nbsp;&nbsp;&nbsp;&nbsp;&nbsp;&nbsp;&nbsp;Grupo Tupa Noy<\/p>\n\n\n\n<p>\u00b7&nbsp;&nbsp;&nbsp;&nbsp;&nbsp;&nbsp;&nbsp;&nbsp;&nbsp;Ernestito Montiel y el Cuarteto Santa Ana<\/p>\n\n\n\n<p>\u00b7&nbsp;&nbsp;&nbsp;&nbsp;&nbsp;&nbsp;&nbsp;&nbsp;&nbsp;Alfredo Ellero<\/p>\n\n\n\n<p>\u00b7&nbsp;&nbsp;&nbsp;&nbsp;&nbsp;&nbsp;&nbsp;&nbsp;&nbsp;V\u00edctor Zaracho<\/p>\n\n\n\n<p>\u00b7&nbsp;&nbsp;&nbsp;&nbsp;&nbsp;&nbsp;&nbsp;&nbsp;&nbsp;Wilfredo Orlando Aguirre Armand<\/p>\n\n\n\n<p>\u00b7&nbsp;&nbsp;&nbsp;&nbsp;&nbsp;&nbsp;&nbsp;&nbsp;&nbsp;Luis Alfredo Luna<\/p>\n\n\n\n<p>\u00b7&nbsp;&nbsp;&nbsp;&nbsp;&nbsp;&nbsp;&nbsp;&nbsp;&nbsp;Manges Casis<\/p>\n\n\n\n<p>\u00b7&nbsp;&nbsp;&nbsp;&nbsp;&nbsp;&nbsp;&nbsp;&nbsp;&nbsp;Emiliano Cardozo<\/p>\n\n\n\n<p>\u00b7&nbsp;&nbsp;&nbsp;&nbsp;&nbsp;&nbsp;&nbsp;&nbsp;&nbsp;Hugo Leiva<\/p>\n\n\n\n<p>\u00b7&nbsp;&nbsp;&nbsp;&nbsp;&nbsp;&nbsp;&nbsp;&nbsp;&nbsp;Bruno Mendoza<\/p>\n\n\n\n<p>\u00b7&nbsp;&nbsp;&nbsp;&nbsp;&nbsp;&nbsp;&nbsp;&nbsp;&nbsp;Los Sena<\/p>\n\n\n\n<p>\u00b7&nbsp;&nbsp;&nbsp;&nbsp;&nbsp;&nbsp;&nbsp;&nbsp;&nbsp;Jorge de la Cruz Balmaceda<\/p>\n\n\n\n<p>\u00b7&nbsp;&nbsp;&nbsp;&nbsp;&nbsp;&nbsp;&nbsp;&nbsp;&nbsp;Oscar \u201cCacho\u201d Esp\u00edndola<\/p>\n\n\n\n<p>\u00b7&nbsp;&nbsp;&nbsp;&nbsp;&nbsp;&nbsp;&nbsp;&nbsp;&nbsp;Zuni Aguirre<\/p>\n\n\n\n<p>\u00b7&nbsp;&nbsp;&nbsp;&nbsp;&nbsp;&nbsp;&nbsp;&nbsp;&nbsp;Sim\u00f3n de Jes\u00fas Palacios<\/p>\n\n\n\n<p>\u00b7&nbsp;&nbsp;&nbsp;&nbsp;&nbsp;&nbsp;&nbsp;&nbsp;&nbsp;Conjunto Vera \u2013 Monz\u00f3n<\/p>\n\n\n\n<p>\u00b7&nbsp;&nbsp;&nbsp;&nbsp;&nbsp;&nbsp;&nbsp;&nbsp;&nbsp;Benigno \u201cNino\u201d Ram\u00edrez<\/p>\n\n\n\n<p>\u00b7&nbsp;&nbsp;&nbsp;&nbsp;&nbsp;&nbsp;&nbsp;&nbsp;&nbsp;Porfirio Cardozo<\/p>\n\n\n\n<p>\u00b7&nbsp;&nbsp;&nbsp;&nbsp;&nbsp;&nbsp;&nbsp;&nbsp;&nbsp;Mario Prieto Linares<\/p>\n\n\n\n<p>\u00b7&nbsp;&nbsp;&nbsp;&nbsp;&nbsp;&nbsp;&nbsp;&nbsp;&nbsp;Secundino Mart\u00ednez<\/p>\n\n\n\n<p>\u00b7&nbsp;&nbsp;&nbsp;&nbsp;&nbsp;&nbsp;&nbsp;&nbsp;&nbsp;Hermanos Vel\u00e1zquez<\/p>\n\n\n\n<p>\u00b7&nbsp;&nbsp;&nbsp;&nbsp;&nbsp;&nbsp;&nbsp;&nbsp;&nbsp;Mateo Villalba<\/p>\n\n\n\n<p>\u00b7&nbsp;&nbsp;&nbsp;&nbsp;&nbsp;&nbsp;&nbsp;&nbsp;&nbsp;Ram\u00f3n Villareal<\/p>\n\n\n\n<p>\u00b7&nbsp;&nbsp;&nbsp;&nbsp;&nbsp;&nbsp;&nbsp;&nbsp;&nbsp;Ram\u00f3n Eulalio \u201cTito\u201d Esp\u00edndola<\/p>\n\n\n\n<p>\u00b7&nbsp;&nbsp;&nbsp;&nbsp;&nbsp;&nbsp;&nbsp;&nbsp;&nbsp;Chantal Ivone Piazza<\/p>\n\n\n\n<p>Pareja Nacional del Chamam\u00e9 2023<\/p>\n\n\n\n<p>\u00b7&nbsp;&nbsp;&nbsp;&nbsp;&nbsp;&nbsp;&nbsp;&nbsp;&nbsp;Nicol\u00e1s Cristian Leiva<\/p>\n\n\n\n<p>Pareja Nacional del Chamam\u00e9 2023<\/p>\n\n\n\n<p>\u00b7&nbsp;&nbsp;&nbsp;&nbsp;&nbsp;&nbsp;&nbsp;&nbsp;&nbsp;Josefina Ail\u00e9n Morales<\/p>\n\n\n\n<p>Pareja Nacional Juvenil del Chamam\u00e9 2023<\/p>\n\n\n\n<p>\u00b7&nbsp;&nbsp;&nbsp;&nbsp;&nbsp;&nbsp;&nbsp;&nbsp;&nbsp;Kevin Ismael G\u00f3mez<\/p>\n\n\n\n<p>Pareja Nacional Juvenil del Chamam\u00e9 2023<\/p>\n\n\n\n<p>\u00b7&nbsp;&nbsp;&nbsp;&nbsp;&nbsp;&nbsp;&nbsp;&nbsp;&nbsp;Milagros Estefan\u00eda Cerd\u00e1n<\/p>\n\n\n\n<p>Embajadora Cultural Nacional del Chamam\u00e9<\/p>\n\n\n\n<p>\u00b7&nbsp;&nbsp;&nbsp;&nbsp;&nbsp;&nbsp;&nbsp;&nbsp;&nbsp;Diego David Jara<\/p>\n\n\n\n<p>Embajador Cultural Nacional del Chamam\u00e9<\/p>\n\n\n\n<p>\u00b7&nbsp;&nbsp;&nbsp;&nbsp;&nbsp;&nbsp;&nbsp;&nbsp;&nbsp;Oriana Ornella Ortielli<\/p>\n\n\n\n<p>Embajadora Cultural Nacional del Chamam\u00e9<\/p>\n\n\n\n<p>\u00b7&nbsp;&nbsp;&nbsp;&nbsp;&nbsp;&nbsp;&nbsp;&nbsp;&nbsp;Ariel Andr\u00e9s Gonz\u00e1lez<\/p>\n\n\n\n<p>Embajador Cultural Nacional del Chamam\u00e9<\/p>\n\n\n\n<p> <\/p>\n","protected":false},"excerpt":{"rendered":"<p>CHAMAME PARA UN MUNDO NUEVO El Gobierno de la Provincia, a trav\u00e9s del Instituto de Cultura de Corrientes, realizar\u00e1 la entrega de reconocimientos a la trayectoria chamamecera este lunes 16 de enero, a las 11, en el sal\u00f3n auditorio Juli\u00e1n Zini (Blas Benjam\u00edn de la Vega 1699). Este acto se llevar\u00e1 adelante con la presencia&#8230;<\/p>\n","protected":false},"author":1,"featured_media":1381,"comment_status":"open","ping_status":"closed","sticky":false,"template":"","format":"standard","meta":{"footnotes":""},"categories":[1],"tags":[],"class_list":["post-1380","post","type-post","status-publish","format-standard","has-post-thumbnail","hentry","category-noticias"],"_links":{"self":[{"href":"https:\/\/fiestanacionaldelchamame.com.ar\/index.php?rest_route=\/wp\/v2\/posts\/1380","targetHints":{"allow":["GET"]}}],"collection":[{"href":"https:\/\/fiestanacionaldelchamame.com.ar\/index.php?rest_route=\/wp\/v2\/posts"}],"about":[{"href":"https:\/\/fiestanacionaldelchamame.com.ar\/index.php?rest_route=\/wp\/v2\/types\/post"}],"author":[{"embeddable":true,"href":"https:\/\/fiestanacionaldelchamame.com.ar\/index.php?rest_route=\/wp\/v2\/users\/1"}],"replies":[{"embeddable":true,"href":"https:\/\/fiestanacionaldelchamame.com.ar\/index.php?rest_route=%2Fwp%2Fv2%2Fcomments&post=1380"}],"version-history":[{"count":1,"href":"https:\/\/fiestanacionaldelchamame.com.ar\/index.php?rest_route=\/wp\/v2\/posts\/1380\/revisions"}],"predecessor-version":[{"id":1382,"href":"https:\/\/fiestanacionaldelchamame.com.ar\/index.php?rest_route=\/wp\/v2\/posts\/1380\/revisions\/1382"}],"wp:featuredmedia":[{"embeddable":true,"href":"https:\/\/fiestanacionaldelchamame.com.ar\/index.php?rest_route=\/wp\/v2\/media\/1381"}],"wp:attachment":[{"href":"https:\/\/fiestanacionaldelchamame.com.ar\/index.php?rest_route=%2Fwp%2Fv2%2Fmedia&parent=1380"}],"wp:term":[{"taxonomy":"category","embeddable":true,"href":"https:\/\/fiestanacionaldelchamame.com.ar\/index.php?rest_route=%2Fwp%2Fv2%2Fcategories&post=1380"},{"taxonomy":"post_tag","embeddable":true,"href":"https:\/\/fiestanacionaldelchamame.com.ar\/index.php?rest_route=%2Fwp%2Fv2%2Ftags&post=1380"}],"curies":[{"name":"wp","href":"https:\/\/api.w.org\/{rel}","templated":true}]}}