{"id":1375,"date":"2023-01-15T20:58:41","date_gmt":"2023-01-15T23:58:41","guid":{"rendered":"https:\/\/fiestanacionaldelchamame.com.ar\/?p=1375"},"modified":"2023-01-15T20:59:05","modified_gmt":"2023-01-15T23:59:05","slug":"ante-la-mirada-de-los-fieles-la-virgen-dei-tati-desembarco-en-la-costanera-de-la-ciudad","status":"publish","type":"post","link":"https:\/\/fiestanacionaldelchamame.com.ar\/?p=1375","title":{"rendered":"Ante la mirada de los fieles, la Virgen deI tat\u00ed desembarc\u00f3 en la Costanera de la Ciudad"},"content":{"rendered":"\n<h2 class=\"wp-block-heading\">TRAS CINCO D\u00cdAS DE TRAVES\u00cdA POR EL PARAN\u00c1<\/h2>\n\n\n\n<p>Despu\u00e9s de una traves\u00eda de cinco d\u00edas por diferentes localidades que rodean el r\u00edo Paran\u00e1 la imagen de la Virgen de Nuestra Se\u00f1ora de Itat\u00ed lleg\u00f3 este domingo a la ciudad de Corrientes pasadas las 16. Luego del recibimiento de los fieles en la playa Arazaty, la imagen peregrin\u00f3 por las calles de la ciudad y finalmente llegar\u00e1 en horas de la noche al escenario Osvaldo Cordero de la 32 Fiesta Nacional del Chamam\u00e9.<\/p>\n\n\n\n<figure class=\"wp-block-image size-large\"><img fetchpriority=\"high\" decoding=\"async\" width=\"1024\" height=\"683\" src=\"https:\/\/fiestanacionaldelchamame.com.ar\/wp-content\/uploads\/2023\/01\/ARF_4300-1024x683.jpg\" alt=\"\" class=\"wp-image-1378\" srcset=\"https:\/\/fiestanacionaldelchamame.com.ar\/wp-content\/uploads\/2023\/01\/ARF_4300-1024x683.jpg 1024w, https:\/\/fiestanacionaldelchamame.com.ar\/wp-content\/uploads\/2023\/01\/ARF_4300-300x200.jpg 300w, https:\/\/fiestanacionaldelchamame.com.ar\/wp-content\/uploads\/2023\/01\/ARF_4300-768x512.jpg 768w, https:\/\/fiestanacionaldelchamame.com.ar\/wp-content\/uploads\/2023\/01\/ARF_4300-1536x1024.jpg 1536w, https:\/\/fiestanacionaldelchamame.com.ar\/wp-content\/uploads\/2023\/01\/ARF_4300-850x567.jpg 850w, https:\/\/fiestanacionaldelchamame.com.ar\/wp-content\/uploads\/2023\/01\/ARF_4300.jpg 2048w\" sizes=\"(max-width: 1024px) 100vw, 1024px\" \/><\/figure>\n\n\n\n<p>En la ocasi\u00f3n, adem\u00e1s de los fieles que se encontraban en las inmediaciones de Necochea y Costanera a la espera de la llegada de la Virgen se vivi\u00f3 un momento de devoci\u00f3n hacia la Madre Itat\u00ed, con una serenata de &#8220;Los de Imaguar\u00e9&#8221; y seguidamente la presentaci\u00f3n de Lorena Larrea Catterino, acompa\u00f1ados por la danza de los miembros del Ballet Juvenil de la Vicegobernaci\u00f3n de Corrientes.<\/p>\n\n\n\n<p>Al respecto, el Director de Artes Esc\u00e9nicas, M\u00fasica y Artes Audiovisuales en Instituto de Cultura de Corrientes, Eduardo Sivori coment\u00f3 que esta celebraci\u00f3n es &#8220;una tradici\u00f3n que naci\u00f3 con la gente y por eso tiene un valor tan significativo&#8221;. &#8220;Ac\u00e1 est\u00e1 todo el mundo reunido para venerar a la Virgen&#8221;, ratific\u00f3 y agreg\u00f3: &#8220;Estas acciones es la columna vertebral de la tradici\u00f3n chamamecer\u00e1 y a la vez, revalorizamos que la fiesta es de la gente&#8221;.<\/p>\n\n\n\n<figure class=\"wp-block-image size-large\"><img decoding=\"async\" width=\"1024\" height=\"683\" src=\"https:\/\/fiestanacionaldelchamame.com.ar\/wp-content\/uploads\/2023\/01\/ARF_4345-1024x683.jpg\" alt=\"\" class=\"wp-image-1377\" srcset=\"https:\/\/fiestanacionaldelchamame.com.ar\/wp-content\/uploads\/2023\/01\/ARF_4345-1024x683.jpg 1024w, https:\/\/fiestanacionaldelchamame.com.ar\/wp-content\/uploads\/2023\/01\/ARF_4345-300x200.jpg 300w, https:\/\/fiestanacionaldelchamame.com.ar\/wp-content\/uploads\/2023\/01\/ARF_4345-768x512.jpg 768w, https:\/\/fiestanacionaldelchamame.com.ar\/wp-content\/uploads\/2023\/01\/ARF_4345-1536x1024.jpg 1536w, https:\/\/fiestanacionaldelchamame.com.ar\/wp-content\/uploads\/2023\/01\/ARF_4345-850x567.jpg 850w, https:\/\/fiestanacionaldelchamame.com.ar\/wp-content\/uploads\/2023\/01\/ARF_4345.jpg 2048w\" sizes=\"(max-width: 1024px) 100vw, 1024px\" \/><\/figure>\n\n\n\n<p>A su vez, se refiri\u00f3 al caudal de personas que asisten a la Fiesta del Chamam\u00e9 diciendo que: &#8220;vemos que noche a noche el p\u00fablico va en aumento y hoy ser\u00e1 una velada excepcional&#8221;.<\/p>\n\n\n\n<p>Adem\u00e1s, detall\u00f3 que en las dos primeras noches se cont\u00f3 con visitantes de todo el pa\u00eds y de Paraguay y Brasil.<\/p>\n\n\n\n<p>Grilla del domingo 15 de enero<\/p>\n\n\n\n<p>Para esta noche en el Anfiteatro Cocomarola se espera la actuaci\u00f3n de Teresa Parodi, Amanday\u00e9, Coquimarola y su conjunto, Pancho Figueroa, Cesar Frette Tr\u00edo, Tupa Noy, entre otros.<\/p>\n\n\n\n<p>FOTOGRAF\u00cdA: Zulma Ruiz Cuevas&nbsp;<\/p>\n","protected":false},"excerpt":{"rendered":"<p>TRAS CINCO D\u00cdAS DE TRAVES\u00cdA POR EL PARAN\u00c1 Despu\u00e9s de una traves\u00eda de cinco d\u00edas por diferentes localidades que rodean el r\u00edo Paran\u00e1 la imagen de la Virgen de Nuestra Se\u00f1ora de Itat\u00ed lleg\u00f3 este domingo a la ciudad de Corrientes pasadas las 16. Luego del recibimiento de los fieles en la playa Arazaty, la&#8230;<\/p>\n","protected":false},"author":1,"featured_media":0,"comment_status":"open","ping_status":"closed","sticky":false,"template":"","format":"standard","meta":{"footnotes":""},"categories":[1],"tags":[],"class_list":["post-1375","post","type-post","status-publish","format-standard","hentry","category-noticias"],"_links":{"self":[{"href":"https:\/\/fiestanacionaldelchamame.com.ar\/index.php?rest_route=\/wp\/v2\/posts\/1375","targetHints":{"allow":["GET"]}}],"collection":[{"href":"https:\/\/fiestanacionaldelchamame.com.ar\/index.php?rest_route=\/wp\/v2\/posts"}],"about":[{"href":"https:\/\/fiestanacionaldelchamame.com.ar\/index.php?rest_route=\/wp\/v2\/types\/post"}],"author":[{"embeddable":true,"href":"https:\/\/fiestanacionaldelchamame.com.ar\/index.php?rest_route=\/wp\/v2\/users\/1"}],"replies":[{"embeddable":true,"href":"https:\/\/fiestanacionaldelchamame.com.ar\/index.php?rest_route=%2Fwp%2Fv2%2Fcomments&post=1375"}],"version-history":[{"count":1,"href":"https:\/\/fiestanacionaldelchamame.com.ar\/index.php?rest_route=\/wp\/v2\/posts\/1375\/revisions"}],"predecessor-version":[{"id":1379,"href":"https:\/\/fiestanacionaldelchamame.com.ar\/index.php?rest_route=\/wp\/v2\/posts\/1375\/revisions\/1379"}],"wp:attachment":[{"href":"https:\/\/fiestanacionaldelchamame.com.ar\/index.php?rest_route=%2Fwp%2Fv2%2Fmedia&parent=1375"}],"wp:term":[{"taxonomy":"category","embeddable":true,"href":"https:\/\/fiestanacionaldelchamame.com.ar\/index.php?rest_route=%2Fwp%2Fv2%2Fcategories&post=1375"},{"taxonomy":"post_tag","embeddable":true,"href":"https:\/\/fiestanacionaldelchamame.com.ar\/index.php?rest_route=%2Fwp%2Fv2%2Ftags&post=1375"}],"curies":[{"name":"wp","href":"https:\/\/api.w.org\/{rel}","templated":true}]}}