{"id":1367,"date":"2023-01-11T11:08:00","date_gmt":"2023-01-11T14:08:00","guid":{"rendered":"https:\/\/fiestanacionaldelchamame.com.ar\/?p=1367"},"modified":"2023-01-12T23:11:01","modified_gmt":"2023-01-13T02:11:01","slug":"zoe-gotusso-se-prepara-para-su-debut-en-el-genero-chamamecero","status":"publish","type":"post","link":"https:\/\/fiestanacionaldelchamame.com.ar\/?p=1367","title":{"rendered":"Zoe Gotusso se prepara para su debut en el g\u00e9nero chamamecero"},"content":{"rendered":"\n<h2 class=\"wp-block-heading\">EL 18 DE ENERO EN EL COCOMAROLA<\/h2>\n\n\n\n<p>Zoe Gotusso es cantante, compositora, y una de las nuevas estrellas del pop argentino. Nacida en C\u00f3rdoba, luego de su paso por el d\u00fao Salvapantallas, dio el salto como solista y no para de crecer. Adem\u00e1s de llenar teatros en Buenos Aires y varias ciudades argentinas, hizo presentaciones en Europa y fue telonera durante las diez noches de Coldplay en el estadio de River Plate.<\/p>\n\n\n\n<p>En septiembre del a\u00f1o pasado fue parte de la grilla del Tarag\u00fc\u00ed Rock y all\u00ed surgi\u00f3 la posibilidad de que pueda participar de la 32\u00aa Fiesta Nacional del Chamam\u00e9, 18\u00aa Fiesta del MERCOSUR; y la 2\u00aa Celebraci\u00f3n Mundial.<\/p>\n\n\n\n<p>\u201cMe puso muy contenta la invitaci\u00f3n\u201d, dijo Zoe a la prensa y cont\u00f3 que en estos d\u00edas de descanso y festejo de A\u00f1o Nuevo \u201cestuve escuchando chamam\u00e9, buscando canciones y adentr\u00e1ndome en este mundo que es nuevo para m\u00ed pero que lo disfruto y me gusta mucho\u201d, resalt\u00f3.<\/p>\n\n\n\n<p>La artista se presentar\u00e1 en el anfiteatro Cocomarola junto a un ensamble con la Orquesta Folcl\u00f3rica de la Provincia, \u201ca\u00fan no s\u00e9 cu\u00e1ndo voy a ir a Corrientes. Me encantar\u00eda poder ir con tiempo para conocer a la Orquesta que va a tocar conmigo y para ensayar. Hablamos con Ricardo Bord\u00f3n, productor del ensamble, y charlamos sobre lo que quer\u00edamos hacer para que la presentaci\u00f3n salga hermosa y la puedan disfrutar todos. Va a ser mi debut en el g\u00e9nero, as\u00ed que espero que me reciban bien y que les guste\u201d, finaliz\u00f3.<\/p>\n","protected":false},"excerpt":{"rendered":"<p>EL 18 DE ENERO EN EL COCOMAROLA Zoe Gotusso es cantante, compositora, y una de las nuevas estrellas del pop argentino. Nacida en C\u00f3rdoba, luego de su paso por el d\u00fao Salvapantallas, dio el salto como solista y no para de crecer. Adem\u00e1s de llenar teatros en Buenos Aires y varias ciudades argentinas, hizo presentaciones&#8230;<\/p>\n","protected":false},"author":1,"featured_media":1368,"comment_status":"open","ping_status":"closed","sticky":false,"template":"","format":"standard","meta":{"footnotes":""},"categories":[1],"tags":[],"class_list":["post-1367","post","type-post","status-publish","format-standard","has-post-thumbnail","hentry","category-noticias"],"_links":{"self":[{"href":"https:\/\/fiestanacionaldelchamame.com.ar\/index.php?rest_route=\/wp\/v2\/posts\/1367","targetHints":{"allow":["GET"]}}],"collection":[{"href":"https:\/\/fiestanacionaldelchamame.com.ar\/index.php?rest_route=\/wp\/v2\/posts"}],"about":[{"href":"https:\/\/fiestanacionaldelchamame.com.ar\/index.php?rest_route=\/wp\/v2\/types\/post"}],"author":[{"embeddable":true,"href":"https:\/\/fiestanacionaldelchamame.com.ar\/index.php?rest_route=\/wp\/v2\/users\/1"}],"replies":[{"embeddable":true,"href":"https:\/\/fiestanacionaldelchamame.com.ar\/index.php?rest_route=%2Fwp%2Fv2%2Fcomments&post=1367"}],"version-history":[{"count":1,"href":"https:\/\/fiestanacionaldelchamame.com.ar\/index.php?rest_route=\/wp\/v2\/posts\/1367\/revisions"}],"predecessor-version":[{"id":1369,"href":"https:\/\/fiestanacionaldelchamame.com.ar\/index.php?rest_route=\/wp\/v2\/posts\/1367\/revisions\/1369"}],"wp:featuredmedia":[{"embeddable":true,"href":"https:\/\/fiestanacionaldelchamame.com.ar\/index.php?rest_route=\/wp\/v2\/media\/1368"}],"wp:attachment":[{"href":"https:\/\/fiestanacionaldelchamame.com.ar\/index.php?rest_route=%2Fwp%2Fv2%2Fmedia&parent=1367"}],"wp:term":[{"taxonomy":"category","embeddable":true,"href":"https:\/\/fiestanacionaldelchamame.com.ar\/index.php?rest_route=%2Fwp%2Fv2%2Fcategories&post=1367"},{"taxonomy":"post_tag","embeddable":true,"href":"https:\/\/fiestanacionaldelchamame.com.ar\/index.php?rest_route=%2Fwp%2Fv2%2Ftags&post=1367"}],"curies":[{"name":"wp","href":"https:\/\/api.w.org\/{rel}","templated":true}]}}