{"id":1324,"date":"2023-01-10T16:22:00","date_gmt":"2023-01-10T19:22:00","guid":{"rendered":"https:\/\/fiestanacionaldelchamame.com.ar\/?p=1324"},"modified":"2023-01-10T16:22:03","modified_gmt":"2023-01-10T19:22:03","slug":"inauguracion-de-la-muestra-colectiva-chamame-para-un-mundo-nuevo","status":"publish","type":"post","link":"https:\/\/fiestanacionaldelchamame.com.ar\/?p=1324","title":{"rendered":"Inauguraci\u00f3n de la muestra colectiva &#8220;Chamam\u00e9 para un Mundo Nuevo&#8221;"},"content":{"rendered":"\n<h2 class=\"wp-block-heading\"><strong>&#8220;Chamam\u00e9 para un Mundo Nuevo&#8221;<\/strong><\/h2>\n\n\n\n<p>El Instituto de Cultura de Corrientes invita a la inauguraci\u00f3n de&nbsp; la exposici\u00f3n colectiva &#8220;Chamam\u00e9 para un Mundo Nuevo&#8221; que se realizar\u00e1 este mi\u00e9rcoles 11 de enero, a las 20, en la sala &#8220;Justa D\u00edaz de Vivar&#8221; en el marco de la 32\u00aa&nbsp;Fiesta Nacional del Chamam\u00e9, 18\u00aa&nbsp;Fiesta del Chamam\u00e9 del Mercosur y 2\u00aa&nbsp;Celebraci\u00f3n Mundial, como Patrimonio Cultural Inmaterial de la Humanidad por la UNESCO.<\/p>\n\n\n\n<p>Esta muestra re\u00fane obras de ni\u00f1os, alumnos del nivel secundario y de artistas del medio cuyo eje motivador e inspirador es el chamam\u00e9, m\u00e1s vivo y vigente que nunca, y se expresa en el arte a trav\u00e9s de pinturas que invitan al observador a vivenciar toda la belleza de esta m\u00fasica.<\/p>\n\n\n\n<figure class=\"wp-block-image size-full\"><img fetchpriority=\"high\" decoding=\"async\" width=\"716\" height=\"716\" src=\"https:\/\/fiestanacionaldelchamame.com.ar\/wp-content\/uploads\/2023\/01\/EXPOSICION-COLECTIVA-4.jpeg\" alt=\"\" class=\"wp-image-1327\" srcset=\"https:\/\/fiestanacionaldelchamame.com.ar\/wp-content\/uploads\/2023\/01\/EXPOSICION-COLECTIVA-4.jpeg 716w, https:\/\/fiestanacionaldelchamame.com.ar\/wp-content\/uploads\/2023\/01\/EXPOSICION-COLECTIVA-4-300x300.jpeg 300w, https:\/\/fiestanacionaldelchamame.com.ar\/wp-content\/uploads\/2023\/01\/EXPOSICION-COLECTIVA-4-150x150.jpeg 150w\" sizes=\"(max-width: 716px) 100vw, 716px\" \/><\/figure>\n\n\n\n<p>Exponen alumnos del Colegio San Jos\u00e9: Sol Yunis, Mar\u00eda Jazm\u00edn Villone, Mar\u00eda de la Paz Sanabria Stacul y Ver\u00f3n Romero bajo la coordinaci\u00f3n de la prof. Natalia Toledo. Al igual que los artistas: Martina Alvari\u00f1o, An\u00edsima, Juan Alberto Medina, Guido Dieringer y Benjam\u00edn Pujol.<\/p>\n\n\n\n<p>En esta oportunidad, se contar\u00e1 con la actuaci\u00f3n del joven cantante Exequiel Romero y de Josefina Ail\u00e9n Morales y K\u00e9vin Ismael G\u00f3mez, la Pareja Nacional Juvenil del Chamam\u00e9 2023.&nbsp;&nbsp;&nbsp;&nbsp;&nbsp;&nbsp;&nbsp;&nbsp;<\/p>\n\n\n\n<p>Al respecto, el presidente del Instituto de Cultura, Arq. Gabriel Romero, se\u00f1al\u00f3: &#8220;El chamam\u00e9 es la marca de identidad de una gran regi\u00f3n de la Argentina y de muchos argentinos en diferentes lugares del pa\u00eds. Es un bien heredado que est\u00e1 vivo y se transforma. Tiene un mensaje de amor a la tierra, respeto a la naturaleza, amor a la mujer y al hombre. Tiene un mensaje de fraternidad y de integraci\u00f3n. Y nos une en una gran naci\u00f3n chamamecera con parte de Brasil, Paraguay y Uruguay. El chamam\u00e9 es un patrimonio vivo que nos enlaza y nos identifica&#8221;.<\/p>\n\n\n\n<figure class=\"wp-block-gallery has-nested-images columns-default is-cropped wp-block-gallery-1 is-layout-flex wp-block-gallery-is-layout-flex\">\n<figure class=\"wp-block-image size-large\"><img decoding=\"async\" width=\"1024\" height=\"1024\" data-id=\"1326\" src=\"https:\/\/fiestanacionaldelchamame.com.ar\/wp-content\/uploads\/2023\/01\/EXPOSICION-COLECTIVA-3-1024x1024.jpeg\" alt=\"\" class=\"wp-image-1326\" srcset=\"https:\/\/fiestanacionaldelchamame.com.ar\/wp-content\/uploads\/2023\/01\/EXPOSICION-COLECTIVA-3-1024x1024.jpeg 1024w, https:\/\/fiestanacionaldelchamame.com.ar\/wp-content\/uploads\/2023\/01\/EXPOSICION-COLECTIVA-3-300x300.jpeg 300w, https:\/\/fiestanacionaldelchamame.com.ar\/wp-content\/uploads\/2023\/01\/EXPOSICION-COLECTIVA-3-150x150.jpeg 150w, https:\/\/fiestanacionaldelchamame.com.ar\/wp-content\/uploads\/2023\/01\/EXPOSICION-COLECTIVA-3-768x768.jpeg 768w, https:\/\/fiestanacionaldelchamame.com.ar\/wp-content\/uploads\/2023\/01\/EXPOSICION-COLECTIVA-3-850x850.jpeg 850w, https:\/\/fiestanacionaldelchamame.com.ar\/wp-content\/uploads\/2023\/01\/EXPOSICION-COLECTIVA-3.jpeg 1080w\" sizes=\"(max-width: 1024px) 100vw, 1024px\" \/><\/figure>\n\n\n\n<figure class=\"wp-block-image size-large\"><img decoding=\"async\" width=\"1024\" height=\"1024\" data-id=\"1325\" src=\"https:\/\/fiestanacionaldelchamame.com.ar\/wp-content\/uploads\/2023\/01\/EXPOSICION-COLECTIVA-2-1024x1024.jpeg\" alt=\"\" class=\"wp-image-1325\" srcset=\"https:\/\/fiestanacionaldelchamame.com.ar\/wp-content\/uploads\/2023\/01\/EXPOSICION-COLECTIVA-2-1024x1024.jpeg 1024w, https:\/\/fiestanacionaldelchamame.com.ar\/wp-content\/uploads\/2023\/01\/EXPOSICION-COLECTIVA-2-300x300.jpeg 300w, https:\/\/fiestanacionaldelchamame.com.ar\/wp-content\/uploads\/2023\/01\/EXPOSICION-COLECTIVA-2-150x150.jpeg 150w, https:\/\/fiestanacionaldelchamame.com.ar\/wp-content\/uploads\/2023\/01\/EXPOSICION-COLECTIVA-2-768x768.jpeg 768w, https:\/\/fiestanacionaldelchamame.com.ar\/wp-content\/uploads\/2023\/01\/EXPOSICION-COLECTIVA-2-850x850.jpeg 850w, https:\/\/fiestanacionaldelchamame.com.ar\/wp-content\/uploads\/2023\/01\/EXPOSICION-COLECTIVA-2.jpeg 1080w\" sizes=\"(max-width: 1024px) 100vw, 1024px\" \/><\/figure>\n<\/figure>\n\n\n\n<p>Tambi\u00e9n el director del Museo de Bellas Artes, Lic. Luis Bogado, se refiere a esta exhibici\u00f3n: &#8220;Esta muestra nos presenta a nuestra m\u00fasica en la visi\u00f3n y expresi\u00f3n de nuestros j\u00f3venes y artistas que hayan inspiraci\u00f3n en los acordes y letras de so\u00f1adoras creaciones que despliegan en el imaginario colectivo innumerables sensaciones hacia nuestros paisajes, su gente, su fauna y flora, llevando al chamam\u00e9 hacia un Mundo Nuevo.&#8221;<\/p>\n\n\n\n<p>Horarios de visita al Museo: de lunes a viernes, de 9 a 12 y de 17 a 20. S\u00e1bados, domingos y feriados de 10 a 12 y de 18 a 20. Entrada libre y gratuita.&nbsp;<\/p>\n","protected":false},"excerpt":{"rendered":"<p>&#8220;Chamam\u00e9 para un Mundo Nuevo&#8221; El Instituto de Cultura de Corrientes invita a la inauguraci\u00f3n de&nbsp; la exposici\u00f3n colectiva &#8220;Chamam\u00e9 para un Mundo Nuevo&#8221; que se realizar\u00e1 este mi\u00e9rcoles 11 de enero, a las 20, en la sala &#8220;Justa D\u00edaz de Vivar&#8221; en el marco de la 32\u00aa&nbsp;Fiesta Nacional del Chamam\u00e9, 18\u00aa&nbsp;Fiesta del Chamam\u00e9 del&#8230;<\/p>\n","protected":false},"author":1,"featured_media":1328,"comment_status":"open","ping_status":"closed","sticky":false,"template":"","format":"standard","meta":{"footnotes":""},"categories":[1],"tags":[],"class_list":["post-1324","post","type-post","status-publish","format-standard","has-post-thumbnail","hentry","category-noticias"],"_links":{"self":[{"href":"https:\/\/fiestanacionaldelchamame.com.ar\/index.php?rest_route=\/wp\/v2\/posts\/1324","targetHints":{"allow":["GET"]}}],"collection":[{"href":"https:\/\/fiestanacionaldelchamame.com.ar\/index.php?rest_route=\/wp\/v2\/posts"}],"about":[{"href":"https:\/\/fiestanacionaldelchamame.com.ar\/index.php?rest_route=\/wp\/v2\/types\/post"}],"author":[{"embeddable":true,"href":"https:\/\/fiestanacionaldelchamame.com.ar\/index.php?rest_route=\/wp\/v2\/users\/1"}],"replies":[{"embeddable":true,"href":"https:\/\/fiestanacionaldelchamame.com.ar\/index.php?rest_route=%2Fwp%2Fv2%2Fcomments&post=1324"}],"version-history":[{"count":1,"href":"https:\/\/fiestanacionaldelchamame.com.ar\/index.php?rest_route=\/wp\/v2\/posts\/1324\/revisions"}],"predecessor-version":[{"id":1329,"href":"https:\/\/fiestanacionaldelchamame.com.ar\/index.php?rest_route=\/wp\/v2\/posts\/1324\/revisions\/1329"}],"wp:featuredmedia":[{"embeddable":true,"href":"https:\/\/fiestanacionaldelchamame.com.ar\/index.php?rest_route=\/wp\/v2\/media\/1328"}],"wp:attachment":[{"href":"https:\/\/fiestanacionaldelchamame.com.ar\/index.php?rest_route=%2Fwp%2Fv2%2Fmedia&parent=1324"}],"wp:term":[{"taxonomy":"category","embeddable":true,"href":"https:\/\/fiestanacionaldelchamame.com.ar\/index.php?rest_route=%2Fwp%2Fv2%2Fcategories&post=1324"},{"taxonomy":"post_tag","embeddable":true,"href":"https:\/\/fiestanacionaldelchamame.com.ar\/index.php?rest_route=%2Fwp%2Fv2%2Ftags&post=1324"}],"curies":[{"name":"wp","href":"https:\/\/api.w.org\/{rel}","templated":true}]}}