{"id":1321,"date":"2023-01-10T16:14:05","date_gmt":"2023-01-10T19:14:05","guid":{"rendered":"https:\/\/fiestanacionaldelchamame.com.ar\/?p=1321"},"modified":"2023-01-10T16:14:08","modified_gmt":"2023-01-10T19:14:08","slug":"se-llevara-a-cabo-la-segunda-bailanta-atardecer-en-chamame","status":"publish","type":"post","link":"https:\/\/fiestanacionaldelchamame.com.ar\/?p=1321","title":{"rendered":"Se llevar\u00e1 a cabo la segunda bailanta \u201cAtardecer en chamam\u00e9\u201d"},"content":{"rendered":"\n<h2 class=\"wp-block-heading\">EN LA COSTANERA SUR<\/h2>\n\n\n\n<p>En el marco de la 32\u00aa&nbsp;Fiesta Nacional del Chamam\u00e9 que hace honor a la m\u00fasica y baile de los correntinos, este mi\u00e9rcoles se llevar\u00e1 adelante el segundo \u201cAtardecer en Chamam\u00e9\u201d o Ka\u00b4aru Chamam\u00e9\u201d, en la costa del r\u00edo Paran\u00e1.<\/p>\n\n\n\n<p>El vicegobernador, Pedro Braillard Poccard, junto al Instituto de Cultura invitan a compartir este encuentro que el Gobierno provincial ofrece como alternativa para los correntinos y turistas, que quieran disfrutar de una \u201cenchamigada\u201d, por medio de una bailanta chamamecera.<\/p>\n\n\n\n<p>Con relaci\u00f3n a la Fiesta del Chamam\u00e9 y sus actividades complementarias, Braillard Poccard consider\u00f3: \u201cEl chamam\u00e9 fue creciendo en prestigio a trav\u00e9s del tiempo en toda la Argentina; gracias al permanente y persistente trabajo de nuestros m\u00fasicos, de nuestros poetas, fue avanzando a trav\u00e9s del tiempo, permiti\u00f3 que se valorizara cada vez m\u00e1s nuestra m\u00fasica, traspasando las fronteras de la Argentina, y como siempre digo: la Fiesta del Chamam\u00e9, todas las fiestas y las actividades que se organizan en torno a ella, son el regalo que Corrientes le hace a la Argentina y al mundo\u201d.<\/p>\n\n\n\n<p>\u201cComienza a visualizarse lo que hace mucho tiempo pensamos, que la Fiesta no son solamente eventos, sino que b\u00e1sicamente es la participaci\u00f3n de la comunidad portadora, que somos todos nosotros, principalmente el p\u00fablico, la gente que trajo hasta nuestros d\u00edas muy vivo el chamam\u00e9, y que fue la raz\u00f3n por la cual UNESCO nos dio el reconocimiento del Patrimonio Inmaterial de la Humanidad\u201d, expres\u00f3 el director del Fiesta Nacional del Chamam\u00e9, Eduardo S\u00edvori, en el primer Ka\u00b4aru Chamam\u00e9 que se realiz\u00f3 el mi\u00e9rcoles 4 de enero.<\/p>\n\n\n\n<p>En la oportunidad, subir\u00e1n al escenario La Pilarcita, Los Nuevos Vecinos, Oro Puro y Los G\u00fcepa Ch\u00e9. El escenario est\u00e1 ubicado en el Boca Unidos Center, ubicado en Costanera Sur de la Capital provincial. La entrada es de acceso libre y gratuito, inicia a las 20 horas y al igual que el mi\u00e9rcoles de la semana pasada, se contar\u00e1 con artistas reconocidos del g\u00e9nero para la tradicional Bailanta Chamamecera.<\/p>\n","protected":false},"excerpt":{"rendered":"<p>EN LA COSTANERA SUR En el marco de la 32\u00aa&nbsp;Fiesta Nacional del Chamam\u00e9 que hace honor a la m\u00fasica y baile de los correntinos, este mi\u00e9rcoles se llevar\u00e1 adelante el segundo \u201cAtardecer en Chamam\u00e9\u201d o Ka\u00b4aru Chamam\u00e9\u201d, en la costa del r\u00edo Paran\u00e1. El vicegobernador, Pedro Braillard Poccard, junto al Instituto de Cultura invitan a&#8230;<\/p>\n","protected":false},"author":1,"featured_media":1322,"comment_status":"open","ping_status":"closed","sticky":false,"template":"","format":"standard","meta":{"footnotes":""},"categories":[1],"tags":[],"class_list":["post-1321","post","type-post","status-publish","format-standard","has-post-thumbnail","hentry","category-noticias"],"_links":{"self":[{"href":"https:\/\/fiestanacionaldelchamame.com.ar\/index.php?rest_route=\/wp\/v2\/posts\/1321","targetHints":{"allow":["GET"]}}],"collection":[{"href":"https:\/\/fiestanacionaldelchamame.com.ar\/index.php?rest_route=\/wp\/v2\/posts"}],"about":[{"href":"https:\/\/fiestanacionaldelchamame.com.ar\/index.php?rest_route=\/wp\/v2\/types\/post"}],"author":[{"embeddable":true,"href":"https:\/\/fiestanacionaldelchamame.com.ar\/index.php?rest_route=\/wp\/v2\/users\/1"}],"replies":[{"embeddable":true,"href":"https:\/\/fiestanacionaldelchamame.com.ar\/index.php?rest_route=%2Fwp%2Fv2%2Fcomments&post=1321"}],"version-history":[{"count":1,"href":"https:\/\/fiestanacionaldelchamame.com.ar\/index.php?rest_route=\/wp\/v2\/posts\/1321\/revisions"}],"predecessor-version":[{"id":1323,"href":"https:\/\/fiestanacionaldelchamame.com.ar\/index.php?rest_route=\/wp\/v2\/posts\/1321\/revisions\/1323"}],"wp:featuredmedia":[{"embeddable":true,"href":"https:\/\/fiestanacionaldelchamame.com.ar\/index.php?rest_route=\/wp\/v2\/media\/1322"}],"wp:attachment":[{"href":"https:\/\/fiestanacionaldelchamame.com.ar\/index.php?rest_route=%2Fwp%2Fv2%2Fmedia&parent=1321"}],"wp:term":[{"taxonomy":"category","embeddable":true,"href":"https:\/\/fiestanacionaldelchamame.com.ar\/index.php?rest_route=%2Fwp%2Fv2%2Fcategories&post=1321"},{"taxonomy":"post_tag","embeddable":true,"href":"https:\/\/fiestanacionaldelchamame.com.ar\/index.php?rest_route=%2Fwp%2Fv2%2Ftags&post=1321"}],"curies":[{"name":"wp","href":"https:\/\/api.w.org\/{rel}","templated":true}]}}