{"id":1316,"date":"2023-01-09T07:48:00","date_gmt":"2023-01-09T10:48:00","guid":{"rendered":"https:\/\/fiestanacionaldelchamame.com.ar\/?p=1316"},"modified":"2023-01-10T07:50:53","modified_gmt":"2023-01-10T10:50:53","slug":"el-ministro-de-cultura-de-la-nacion-confirmo-su-visita-a-la-fiesta-nacional-del-chamame","status":"publish","type":"post","link":"https:\/\/fiestanacionaldelchamame.com.ar\/?p=1316","title":{"rendered":"El ministro de Cultura de la Naci\u00f3n confirm\u00f3 su visita a la Fiesta Nacional del Chamam\u00e9"},"content":{"rendered":"\n<h2 class=\"wp-block-heading\">CHAMAME PARA UN MUNDO NUEVO<\/h2>\n\n\n\n<p>El ministro de Cultura de la Naci\u00f3n Trist\u00e1n Bauer confirm\u00f3 su visita a la jornada inaugural de la 32\u00aa Fiesta Nacional del Chamam\u00e9 el pr\u00f3ximo viernes 13 de enero. La visita de Bauer se suma a la de&nbsp; los&nbsp; funcionarios nacionales y de la regi\u00f3n que asistir\u00e1n a la apertura de la 32\u00aa Fiesta Nacional del Chamam\u00e9, 18\u00aa Fiesta del Chamam\u00e9 del MERCOSUR y 2\u00aa Celebraci\u00f3n Mundial.<\/p>\n\n\n\n<p>Confirmaron su asistencia adem\u00e1s de Trist\u00e1n Bauer, la presidenta del Fondo Nacional de las Artes (FNA), Diana Saiegh y la directora de Patrimonio del FNA, Alicia Santal\u00f3.<\/p>\n\n\n\n<p>El mismo d\u00eda estar\u00e1n el presidente del Instituto de Cultura de Chaco, Francisco \u201cTete\u201d Romero; el ministro de Cultura de Misiones, Joselo Schuap; el ministro de Cultura de Santa Fe, Jorge Llonch; el secretario de Cultura de Jujuy e integrante de Cultura Norte Grande, Luis Medina Zar; y el subsecretario de Cultura de Formosa, Jorge Manuel Santander.<\/p>\n\n\n\n<p>Por otro lado, el lunes 16 de enero participar\u00e1 de la gala chamamecera en el anfiteatro Mario del Tr\u00e1nsito Cocomarola, el ministro de Cultura de Paraguay, Rub\u00e9n Capdevila; y el ministro de Cultura y Turismo de Jujuy, Federico Posadas.<\/p>\n\n\n\n<p>El fin de semana de cierre de la Fiesta Nacional del Chamam\u00e9 confirm\u00f3 su presencia el ministro de Cultura de la Ciudad de Buenos Aires, Enrique Avogadro.<\/p>\n","protected":false},"excerpt":{"rendered":"<p>CHAMAME PARA UN MUNDO NUEVO El ministro de Cultura de la Naci\u00f3n Trist\u00e1n Bauer confirm\u00f3 su visita a la jornada inaugural de la 32\u00aa Fiesta Nacional del Chamam\u00e9 el pr\u00f3ximo viernes 13 de enero. La visita de Bauer se suma a la de&nbsp; los&nbsp; funcionarios nacionales y de la regi\u00f3n que asistir\u00e1n a la apertura&#8230;<\/p>\n","protected":false},"author":1,"featured_media":1317,"comment_status":"open","ping_status":"closed","sticky":false,"template":"","format":"standard","meta":{"footnotes":""},"categories":[1],"tags":[],"class_list":["post-1316","post","type-post","status-publish","format-standard","has-post-thumbnail","hentry","category-noticias"],"_links":{"self":[{"href":"https:\/\/fiestanacionaldelchamame.com.ar\/index.php?rest_route=\/wp\/v2\/posts\/1316","targetHints":{"allow":["GET"]}}],"collection":[{"href":"https:\/\/fiestanacionaldelchamame.com.ar\/index.php?rest_route=\/wp\/v2\/posts"}],"about":[{"href":"https:\/\/fiestanacionaldelchamame.com.ar\/index.php?rest_route=\/wp\/v2\/types\/post"}],"author":[{"embeddable":true,"href":"https:\/\/fiestanacionaldelchamame.com.ar\/index.php?rest_route=\/wp\/v2\/users\/1"}],"replies":[{"embeddable":true,"href":"https:\/\/fiestanacionaldelchamame.com.ar\/index.php?rest_route=%2Fwp%2Fv2%2Fcomments&post=1316"}],"version-history":[{"count":1,"href":"https:\/\/fiestanacionaldelchamame.com.ar\/index.php?rest_route=\/wp\/v2\/posts\/1316\/revisions"}],"predecessor-version":[{"id":1318,"href":"https:\/\/fiestanacionaldelchamame.com.ar\/index.php?rest_route=\/wp\/v2\/posts\/1316\/revisions\/1318"}],"wp:featuredmedia":[{"embeddable":true,"href":"https:\/\/fiestanacionaldelchamame.com.ar\/index.php?rest_route=\/wp\/v2\/media\/1317"}],"wp:attachment":[{"href":"https:\/\/fiestanacionaldelchamame.com.ar\/index.php?rest_route=%2Fwp%2Fv2%2Fmedia&parent=1316"}],"wp:term":[{"taxonomy":"category","embeddable":true,"href":"https:\/\/fiestanacionaldelchamame.com.ar\/index.php?rest_route=%2Fwp%2Fv2%2Fcategories&post=1316"},{"taxonomy":"post_tag","embeddable":true,"href":"https:\/\/fiestanacionaldelchamame.com.ar\/index.php?rest_route=%2Fwp%2Fv2%2Ftags&post=1316"}],"curies":[{"name":"wp","href":"https:\/\/api.w.org\/{rel}","templated":true}]}}