{"id":1293,"date":"2023-01-06T06:56:00","date_gmt":"2023-01-06T09:56:00","guid":{"rendered":"https:\/\/fiestanacionaldelchamame.com.ar\/?p=1293"},"modified":"2023-01-09T07:00:05","modified_gmt":"2023-01-09T10:00:05","slug":"el-chamame-con-todos-desplego-alegria-y-musica-en-el-hospital-escuela","status":"publish","type":"post","link":"https:\/\/fiestanacionaldelchamame.com.ar\/?p=1293","title":{"rendered":"El \u201cChamam\u00e9 con Todos\u201d despleg\u00f3 alegr\u00eda y m\u00fasica en el Hospital Escuela"},"content":{"rendered":"\n<h2 class=\"wp-block-heading\">LA FIESTA LLEGA A TODAS PARTES<\/h2>\n\n\n\n<p>La 32\u00aa Fiesta Nacional del Chamam\u00e9 ya se hace sentir en distintos puntos de la ciudad. Este viernes, a la ma\u00f1ana, desembarc\u00f3 en el Hospital Escuela &#8220;General Jos\u00e9 Francisco de San Mart\u00edn&#8221; con el \u201cChamam\u00e9 con Todos\u201d. Esta propuesta organizada por el Gobierno de la Provincia, a trav\u00e9s del Instituto de Cultura, se transform\u00f3 en un momento especial para el personal m\u00e9dico, pacientes y familiares presentes que disfrutaron de la m\u00fasica de Paula Basalo, Diego Guti\u00e9rrez y el grupo Amanday\u00e9, y del baile de varias parejas que se sumaron a la iniciativa. \u00a0\u00a0<\/p>\n\n\n\n<figure class=\"wp-block-image size-full\"><img fetchpriority=\"high\" decoding=\"async\" width=\"690\" height=\"460\" src=\"https:\/\/fiestanacionaldelchamame.com.ar\/wp-content\/uploads\/2023\/01\/03-1.jpg\" alt=\"\" class=\"wp-image-1296\" srcset=\"https:\/\/fiestanacionaldelchamame.com.ar\/wp-content\/uploads\/2023\/01\/03-1.jpg 690w, https:\/\/fiestanacionaldelchamame.com.ar\/wp-content\/uploads\/2023\/01\/03-1-300x200.jpg 300w\" sizes=\"(max-width: 690px) 100vw, 690px\" \/><\/figure>\n\n\n\n<p>\u201cLa Fiesta ya comenz\u00f3\u201d, se\u00f1al\u00f3 el director general de la Fiesta Nacional del Chamam\u00e9, Eduardo S\u00edvori, destacando que \u201ces la celebraci\u00f3n de la gente, m\u00e1s all\u00e1 del evento o el espect\u00e1culo\u201d.<\/p>\n\n\n\n<p>Agradeci\u00f3 a las autoridades del Hospital Escuela, la posibilidad de compartir la Fiesta con \u201caquellos hermanos que no pueden ir a los distintos lugares donde se est\u00e1n llevando adelante actividades, por eso hace varios a\u00f1os buscamos acercar la celebraci\u00f3n a todos\u201d y tambi\u00e9n felicit\u00f3 a los m\u00fasicos que decidieron este a\u00f1o formar parte de esta propuesta, que ya es un cl\u00e1sico como parte del calendario chamamecero.<\/p>\n\n\n\n<p><strong>Tradici\u00f3n<\/strong><\/p>\n\n\n\n<p>La directora asociada del hospital, Cristina Marecos, expres\u00f3: \u201cEstamos muy contentos de volverlos a recibir al Chamam\u00e9 con Todos, porque ya es una tradici\u00f3n que vengan a dar una peque\u00f1a muestra de todo lo bello que es nuestra Fiesta del Chamam\u00e9 en esta \u00e9poca del a\u00f1o\u201d. Destac\u00f3 que \u201ctraen mucha alegr\u00eda a este sector, donde tratamos de recuperar la salud de los correntinos y la m\u00fasica no hace otra cosa que alegrar el esp\u00edritu\u201d.<\/p>\n\n\n\n<p>En la misma l\u00ednea, el director Alberto Alberto Romero, dijo que recibieron \u201ccon mucho gusto esta propuesta, que est\u00e1 llegando a todos los hospitales de Corrientes\u201d, y remarc\u00f3 que \u201clas puertas van a estar siempre abiertas\u201d.<\/p>\n\n\n\n<p>Por \u00faltimo, el doctor Ricardo Simeone, quien es el Jefe del Servicio de Salud Mental del Hospital Vidal, y tambi\u00e9n musiquero se sum\u00f3 a los agradecimientos por el arribo del Chamam\u00e9 con Todos, y record\u00f3 con emoci\u00f3n el homenaje realizado el a\u00f1o pasado a \u201cLos esenciales\u201d de la pandemia, encabezados por el equipo de salud. \u201cEs cierto que el chamam\u00e9 sana\u201d, cerr\u00f3.<\/p>\n\n\n\n<figure class=\"wp-block-image size-full\"><img decoding=\"async\" width=\"690\" height=\"460\" src=\"https:\/\/fiestanacionaldelchamame.com.ar\/wp-content\/uploads\/2023\/01\/03-1-1.jpg\" alt=\"\" class=\"wp-image-1298\" srcset=\"https:\/\/fiestanacionaldelchamame.com.ar\/wp-content\/uploads\/2023\/01\/03-1-1.jpg 690w, https:\/\/fiestanacionaldelchamame.com.ar\/wp-content\/uploads\/2023\/01\/03-1-1-300x200.jpg 300w\" sizes=\"(max-width: 690px) 100vw, 690px\" \/><\/figure>\n\n\n\n<p><strong>M\u00fasica<\/strong><\/p>\n\n\n\n<p>El momento m\u00e1s esperado lleg\u00f3 de la mano de la m\u00fasica. Primero, con la presentaci\u00f3n de la cantautora Paula Basalo -que tambi\u00e9n form\u00f3 parte de los dos primeros desembarcos en el Hospital Llano y Vidal-, y fue seguida por la m\u00fasica y la emoci\u00f3n de Diego Guti\u00e9rrez y el cierre del grupo Amanday\u00e9.<\/p>\n\n\n\n<p>De esta manera, cada uno con su estilo, llev\u00f3 alegr\u00eda a los doctores, familiares y pacientes que se encontraban en el hospital. Una postal chamamecera que se termin\u00f3 de completar con la intervenci\u00f3n de varias parejas de baile que decidieron formar parte de esta movida.\u00a0<\/p>\n\n\n\n<figure class=\"wp-block-image size-full\"><img decoding=\"async\" width=\"690\" height=\"460\" src=\"https:\/\/fiestanacionaldelchamame.com.ar\/wp-content\/uploads\/2023\/01\/07.jpg\" alt=\"\" class=\"wp-image-1299\" srcset=\"https:\/\/fiestanacionaldelchamame.com.ar\/wp-content\/uploads\/2023\/01\/07.jpg 690w, https:\/\/fiestanacionaldelchamame.com.ar\/wp-content\/uploads\/2023\/01\/07-300x200.jpg 300w\" sizes=\"(max-width: 690px) 100vw, 690px\" \/><\/figure>\n\n\n\n<p>\u25cf&nbsp;&nbsp;&nbsp;&nbsp;&nbsp;&nbsp;&nbsp;&nbsp; VIERNES 6<\/p>\n\n\n\n<p>19:00 HS.&nbsp; Retreta Chamamecera &#8211; Plaza Cabral &#8211; Banda del Servicio Penitenciario<\/p>\n\n\n\n<p>20:00 HS.&nbsp; Enchamigada &#8211; Plaza Cabral &#8211; Presentaci\u00f3n de Ballets<\/p>\n\n\n\n<p>\u25cf&nbsp;&nbsp;&nbsp;&nbsp;&nbsp;&nbsp;&nbsp;&nbsp; S\u00c1BADO 7<\/p>\n\n\n\n<p>18:00 HS. Actividad en el Museo de Ciencias Naturales Dr. Amado Bonpland &#8211; Participaci\u00f3n del Ballet &#8221;Divino Ni\u00f1o Jes\u00fas&#8221;&nbsp; y de estudiantes de m\u00fasica del Profesor Alejandro Romero, obra infantil de T\u00edteres &#8220;\u00bfQu\u00e9 pa&#8217; te pasa Juancito?&#8221; a cargo de Fundaci\u00f3n Sken\u00e9 y taller abierto de arte para ni\u00f1as y ni\u00f1os a cargo de la&nbsp; artista visual ANISIMA-<\/p>\n\n\n\n<p>\u25cf&nbsp;&nbsp;&nbsp;&nbsp;&nbsp;&nbsp;&nbsp;&nbsp; DOMINGO 8<\/p>\n\n\n\n<p>19:30 HS.&nbsp; Serenata &#8211; Paseo Chamamecero<\/p>\n\n\n\n<p>Artistas: Paula Basalo, Pablo del Valle y otros Intervenci\u00f3n de Rap y hip-hop Chamamecero a cargo de Academia Free Dance<\/p>\n\n\n\n<p>21:30 HS.&nbsp; Enchamigada Paseo Chamamecero &#8211;&nbsp; Presentaci\u00f3n de Ballets.<\/p>\n","protected":false},"excerpt":{"rendered":"<p>LA FIESTA LLEGA A TODAS PARTES La 32\u00aa Fiesta Nacional del Chamam\u00e9 ya se hace sentir en distintos puntos de la ciudad. Este viernes, a la ma\u00f1ana, desembarc\u00f3 en el Hospital Escuela &#8220;General Jos\u00e9 Francisco de San Mart\u00edn&#8221; con el \u201cChamam\u00e9 con Todos\u201d. Esta propuesta organizada por el Gobierno de la Provincia, a trav\u00e9s del&#8230;<\/p>\n","protected":false},"author":1,"featured_media":1295,"comment_status":"open","ping_status":"closed","sticky":false,"template":"","format":"standard","meta":{"footnotes":""},"categories":[1],"tags":[],"class_list":["post-1293","post","type-post","status-publish","format-standard","has-post-thumbnail","hentry","category-noticias"],"_links":{"self":[{"href":"https:\/\/fiestanacionaldelchamame.com.ar\/index.php?rest_route=\/wp\/v2\/posts\/1293","targetHints":{"allow":["GET"]}}],"collection":[{"href":"https:\/\/fiestanacionaldelchamame.com.ar\/index.php?rest_route=\/wp\/v2\/posts"}],"about":[{"href":"https:\/\/fiestanacionaldelchamame.com.ar\/index.php?rest_route=\/wp\/v2\/types\/post"}],"author":[{"embeddable":true,"href":"https:\/\/fiestanacionaldelchamame.com.ar\/index.php?rest_route=\/wp\/v2\/users\/1"}],"replies":[{"embeddable":true,"href":"https:\/\/fiestanacionaldelchamame.com.ar\/index.php?rest_route=%2Fwp%2Fv2%2Fcomments&post=1293"}],"version-history":[{"count":2,"href":"https:\/\/fiestanacionaldelchamame.com.ar\/index.php?rest_route=\/wp\/v2\/posts\/1293\/revisions"}],"predecessor-version":[{"id":1300,"href":"https:\/\/fiestanacionaldelchamame.com.ar\/index.php?rest_route=\/wp\/v2\/posts\/1293\/revisions\/1300"}],"wp:featuredmedia":[{"embeddable":true,"href":"https:\/\/fiestanacionaldelchamame.com.ar\/index.php?rest_route=\/wp\/v2\/media\/1295"}],"wp:attachment":[{"href":"https:\/\/fiestanacionaldelchamame.com.ar\/index.php?rest_route=%2Fwp%2Fv2%2Fmedia&parent=1293"}],"wp:term":[{"taxonomy":"category","embeddable":true,"href":"https:\/\/fiestanacionaldelchamame.com.ar\/index.php?rest_route=%2Fwp%2Fv2%2Fcategories&post=1293"},{"taxonomy":"post_tag","embeddable":true,"href":"https:\/\/fiestanacionaldelchamame.com.ar\/index.php?rest_route=%2Fwp%2Fv2%2Ftags&post=1293"}],"curies":[{"name":"wp","href":"https:\/\/api.w.org\/{rel}","templated":true}]}}