{"id":1290,"date":"2023-01-07T06:49:00","date_gmt":"2023-01-07T09:49:00","guid":{"rendered":"https:\/\/fiestanacionaldelchamame.com.ar\/?p=1290"},"modified":"2023-01-09T06:54:29","modified_gmt":"2023-01-09T09:54:29","slug":"un-desfile-de-moda-con-identidad-formara-parte-de-la-32a-fiesta-nacional-del-chamame","status":"publish","type":"post","link":"https:\/\/fiestanacionaldelchamame.com.ar\/?p=1290","title":{"rendered":"Un desfile de moda con identidad formar\u00e1 parte de la 32\u00aa Fiesta Nacional del Chamam\u00e9"},"content":{"rendered":"\n<h2 class=\"wp-block-heading\">\u201cCHAMAM\u00c9 PARA UN MUNDO NUEVO\u201d<\/h2>\n\n\n\n<p>El pr\u00f3ximo martes 10 de enero, en las escalinatas del Teatro Oficial Juan de Vera, con entrada libre y gratuita, se realizar\u00e1 el desfile de moda denominado \u201c\u00d1ande tierra\u201d de la marca Laura Custidiano. Se trata de unas de las propuestas que se suman al amplio abanico de actividades de la 32\u00aa Fiesta Nacional del Chamam\u00e9.<\/p>\n\n\n\n<p>El Gobierno de Corrientes a trav\u00e9s del Instituto de Cultura invitan al desfile de moda \u201c\u00d1ande tierra\u201d de la marca Laura Custidiano, que tendr\u00e1 lugar el 10 de enero, a las 21,30, en las escalinatas del Teatro Vera, como parte de la 32\u00aa Fiesta Nacional del Chamam\u00e9, 18\u00aa del Mercosur y 2\u00b0 Celebraci\u00f3n Mundial.<\/p>\n\n\n\n<p>Laura Custidiano, marca de moda y dise\u00f1o de la regi\u00f3n, presenta su nueva colecci\u00f3n 2023 denominada \u201c\u00d1ande Tierra\u201d con un imponente desfile de modelos que exhibir\u00e1n indumentaria y accesorios confeccionados con compromiso ecol\u00f3gico e identidad regional.<\/p>\n\n\n\n<p>Durante el espect\u00e1culo se podr\u00e1 disfrutar de una pasada de la l\u00ednea urbana y otra de la l\u00ednea de gala con la participaci\u00f3n de modelos de la agencia M\u2019Chic, de la mano de su directora Majo Leiva.<\/p>\n\n\n\n<p>La propuesta art\u00edstica estar\u00e1 representada por el Ballet Oficial de la Fiesta Nacional del Chamam\u00e9 dirigida por el maestro Luis Marinoni y la musicalizaci\u00f3n en vivo a cargo del grupo Karaguat\u00e1.<\/p>\n\n\n\n<p>Marca distinguida con el sello \u201cBuen Dise\u00f1o Argentino\u201d 2018-2019 y 2021, fue fundada por los dise\u00f1adores Mar\u00eda Laura Custidiano y Gustavo G\u00f3mez Navarro quienes proponen en este evento desplegar la creatividad y talento en una colecci\u00f3n de indumentaria y accesorios elaborados con concepto sustentable y neoartesanal, inspirada en la naturaleza, en nuestra cultura e identidad regional.<\/p>\n\n\n\n<p>Se podr\u00e1n apreciar dise\u00f1os originales confeccionados con textiles y mano de obra local. El prop\u00f3sito de la marca se determina \u201cpor la utilizaci\u00f3n de los recursos de una manera m\u00e1s eficiente y responsable, tomando como materia prima principal en la elaboraci\u00f3n de las prendas y accesorios a la madera y el algod\u00f3n, aprovechando el desarrollo importante de estas industrias en la regi\u00f3n\u201d, expres\u00f3 la dise\u00f1adora.<\/p>\n\n\n\n<p><strong>Colecci\u00f3n 2023<\/strong><\/p>\n\n\n\n<p>Inspirada en el arte, la cultura e identidad chamamecera, \u201c\u00d1ande Tierra&#8221; (Nuestra Tierra en lengua guaran\u00ed) destaca a trav\u00e9s del dise\u00f1o el respeto medioambiental, la revaloraci\u00f3n cultural e idiosincrasia de nuestros pueblos, mediante la composici\u00f3n de prendas elaboradas con textiles de algod\u00f3n, obtenidos de cooperativas e hilander\u00edas locales. Las prendas son te\u00f1idas con tintes naturales y estampaci\u00f3n bot\u00e1nica, logrados de la yerba mate, hojas de eucaliptos y \u00f3xidos entre otros; y accesorios realizados con descartes de maderas, textiles, hilos de yute y algod\u00f3n.<\/p>\n\n\n\n<p>\u201cQueremos expresar a trav\u00e9s del dise\u00f1o, nuestro compromiso ecol\u00f3gico, revalorizar la cultura, promover y difundir el arte, la lengua e idiosincrasia de nuestros pueblos, para que \u00e9sta permanezca con el tiempo e invite a otros a descubrirla y admirarla\u201d, coment\u00f3 Laura Custidiano.<\/p>\n","protected":false},"excerpt":{"rendered":"<p>\u201cCHAMAM\u00c9 PARA UN MUNDO NUEVO\u201d El pr\u00f3ximo martes 10 de enero, en las escalinatas del Teatro Oficial Juan de Vera, con entrada libre y gratuita, se realizar\u00e1 el desfile de moda denominado \u201c\u00d1ande tierra\u201d de la marca Laura Custidiano. Se trata de unas de las propuestas que se suman al amplio abanico de actividades de&#8230;<\/p>\n","protected":false},"author":1,"featured_media":1291,"comment_status":"open","ping_status":"closed","sticky":false,"template":"","format":"standard","meta":{"footnotes":""},"categories":[1],"tags":[],"class_list":["post-1290","post","type-post","status-publish","format-standard","has-post-thumbnail","hentry","category-noticias"],"_links":{"self":[{"href":"https:\/\/fiestanacionaldelchamame.com.ar\/index.php?rest_route=\/wp\/v2\/posts\/1290","targetHints":{"allow":["GET"]}}],"collection":[{"href":"https:\/\/fiestanacionaldelchamame.com.ar\/index.php?rest_route=\/wp\/v2\/posts"}],"about":[{"href":"https:\/\/fiestanacionaldelchamame.com.ar\/index.php?rest_route=\/wp\/v2\/types\/post"}],"author":[{"embeddable":true,"href":"https:\/\/fiestanacionaldelchamame.com.ar\/index.php?rest_route=\/wp\/v2\/users\/1"}],"replies":[{"embeddable":true,"href":"https:\/\/fiestanacionaldelchamame.com.ar\/index.php?rest_route=%2Fwp%2Fv2%2Fcomments&post=1290"}],"version-history":[{"count":1,"href":"https:\/\/fiestanacionaldelchamame.com.ar\/index.php?rest_route=\/wp\/v2\/posts\/1290\/revisions"}],"predecessor-version":[{"id":1292,"href":"https:\/\/fiestanacionaldelchamame.com.ar\/index.php?rest_route=\/wp\/v2\/posts\/1290\/revisions\/1292"}],"wp:featuredmedia":[{"embeddable":true,"href":"https:\/\/fiestanacionaldelchamame.com.ar\/index.php?rest_route=\/wp\/v2\/media\/1291"}],"wp:attachment":[{"href":"https:\/\/fiestanacionaldelchamame.com.ar\/index.php?rest_route=%2Fwp%2Fv2%2Fmedia&parent=1290"}],"wp:term":[{"taxonomy":"category","embeddable":true,"href":"https:\/\/fiestanacionaldelchamame.com.ar\/index.php?rest_route=%2Fwp%2Fv2%2Fcategories&post=1290"},{"taxonomy":"post_tag","embeddable":true,"href":"https:\/\/fiestanacionaldelchamame.com.ar\/index.php?rest_route=%2Fwp%2Fv2%2Ftags&post=1290"}],"curies":[{"name":"wp","href":"https:\/\/api.w.org\/{rel}","templated":true}]}}