{"id":1285,"date":"2023-01-07T06:41:00","date_gmt":"2023-01-07T09:41:00","guid":{"rendered":"https:\/\/fiestanacionaldelchamame.com.ar\/?p=1285"},"modified":"2023-01-09T06:48:59","modified_gmt":"2023-01-09T09:48:59","slug":"la-celebracion-chamamecera-se-disfruta-en-toda-la-ciudad-con-distintas-actividades","status":"publish","type":"post","link":"https:\/\/fiestanacionaldelchamame.com.ar\/?p=1285","title":{"rendered":"La celebraci\u00f3n chamamecera se disfruta en toda la ciudad con distintas actividades"},"content":{"rendered":"\n<h2 class=\"wp-block-heading\">\u201cCHAMAM\u00c9 PARA UN MUNDO NUEVO\u201d<\/h2>\n\n\n\n<p>La 32\u00aa Fiesta Nacional del Chamam\u00e9 se vive a pleno con distintas propuestas que copan los principales espacios p\u00fablicos de la ciudad. El viernes a la tarde se desarroll\u00f3 en la plaza Cabral la primera retreta chamamecera con la presentaci\u00f3n de la banda de la Polic\u00eda de la Provincia y la del Servicio Penitenciario, y con una enchamigada que congreg\u00f3 a bailarines de varios ballets de la Capital.<\/p>\n\n\n\n<p>El chamam\u00e9 desembarc\u00f3 con fuerza en una de las plazas m\u00e1s transitadas del microcentro correntino. En esta oportunidad, se present\u00f3 la Banda de Polic\u00eda de la Provincia, la Banda del Servicio Penitenciario, y actuaron tambi\u00e9n la cantautora Paula Basalo, el grupo Alma Paran\u00e1 y el peque\u00f1o Lauti, conocido como &#8220;El gringo del chamam\u00e9&#8221;.<\/p>\n\n\n\n<p>Cada uno interpret\u00f3 un repertorio especialmente preparado para la ocasi\u00f3n con temas que forman parte del cancionero del litoral y fueron largamente aplaudidos por el p\u00fablico presente, muchos de ellos transe\u00fantes que se animaron a bailar en varios tramos del espect\u00e1culo.<\/p>\n\n\n\n<p>En el cierre el protagonismo lo tuvo la danza. Una enchamigada de bailarines de varios ballets de la ciudad, entre los que estuvieron Esp\u00edritu Correntino, Academia la Amistad, Agrupaci\u00f3n Los Guepa Che y la Fundaci\u00f3n Litoral Ballet.<\/p>\n\n\n\n<p><strong>Presencias<\/strong><\/p>\n\n\n\n<p>Las actividades contaron con la presencia de la productora Luc\u00eda Alvira, en representaci\u00f3n del Instituto de Cultura de Corrientes; del suboficial mayor Jorge L\u00f3pez, director de la Banda de Polic\u00eda de la Provincia; y el subadjunto auxiliar Prof. Julio C\u00e9sar Romero, director de la Banda de M\u00fasica del Servicio Penitenciario de la provincia.<\/p>\n\n\n\n<p><strong>PROGRAMACI\u00d3N<\/strong><\/p>\n\n\n\n<p>\u25cf&nbsp;&nbsp;&nbsp;&nbsp;&nbsp;&nbsp;&nbsp;&nbsp; S\u00c1BADO 7<\/p>\n\n\n\n<p>18:00 HS. Actividad en el Museo de Ciencias Naturales Dr. Amado Bonpland &#8211; Participaci\u00f3n del Ballet &#8221;Divino Ni\u00f1o Jes\u00fas&#8221;&nbsp; y de estudiantes de m\u00fasica del Profesor Alejandro Romero, obra infantil de T\u00edteres &#8220;\u00bfQu\u00e9 pa&#8217; te pasa Juancito?&#8221; a cargo de Fundaci\u00f3n Sken\u00e9 y taller abierto de arte para ni\u00f1as y ni\u00f1os a cargo de la&nbsp; artista visual ANISIMA-<\/p>\n\n\n\n<p>\u25cf&nbsp;&nbsp;&nbsp;&nbsp;&nbsp;&nbsp;&nbsp;&nbsp; DOMINGO 8<\/p>\n\n\n\n<p>19:30 HS.&nbsp; Serenata &#8211; Paseo Chamamecero<\/p>\n\n\n\n<p>Artistas: Paula Basalo, Pablo del Valle y otros Intervenci\u00f3n de Rap y hip-hop Chamamecero a cargo de Academia Free Dance<\/p>\n\n\n\n<p>21:30 HS.\u00a0 Enchamigada Paseo Chamamecero &#8211;\u00a0 Presentaci\u00f3n de Ballets.<\/p>\n\n\n\n<figure class=\"wp-block-gallery has-nested-images columns-default is-cropped wp-block-gallery-1 is-layout-flex wp-block-gallery-is-layout-flex\">\n<figure class=\"wp-block-image size-large\"><img fetchpriority=\"high\" decoding=\"async\" width=\"819\" height=\"1024\" data-id=\"1288\" src=\"https:\/\/fiestanacionaldelchamame.com.ar\/wp-content\/uploads\/2023\/01\/DOMINGO-8-819x1024.jpeg\" alt=\"\" class=\"wp-image-1288\" srcset=\"https:\/\/fiestanacionaldelchamame.com.ar\/wp-content\/uploads\/2023\/01\/DOMINGO-8-819x1024.jpeg 819w, https:\/\/fiestanacionaldelchamame.com.ar\/wp-content\/uploads\/2023\/01\/DOMINGO-8-240x300.jpeg 240w, https:\/\/fiestanacionaldelchamame.com.ar\/wp-content\/uploads\/2023\/01\/DOMINGO-8-768x960.jpeg 768w, https:\/\/fiestanacionaldelchamame.com.ar\/wp-content\/uploads\/2023\/01\/DOMINGO-8-300x375.jpeg 300w, https:\/\/fiestanacionaldelchamame.com.ar\/wp-content\/uploads\/2023\/01\/DOMINGO-8-850x1063.jpeg 850w, https:\/\/fiestanacionaldelchamame.com.ar\/wp-content\/uploads\/2023\/01\/DOMINGO-8.jpeg 1024w\" sizes=\"(max-width: 819px) 100vw, 819px\" \/><\/figure>\n\n\n\n<figure class=\"wp-block-image size-large\"><img decoding=\"async\" width=\"819\" height=\"1024\" data-id=\"1287\" src=\"https:\/\/fiestanacionaldelchamame.com.ar\/wp-content\/uploads\/2023\/01\/SABADO-7-819x1024.jpeg\" alt=\"\" class=\"wp-image-1287\" srcset=\"https:\/\/fiestanacionaldelchamame.com.ar\/wp-content\/uploads\/2023\/01\/SABADO-7-819x1024.jpeg 819w, https:\/\/fiestanacionaldelchamame.com.ar\/wp-content\/uploads\/2023\/01\/SABADO-7-240x300.jpeg 240w, https:\/\/fiestanacionaldelchamame.com.ar\/wp-content\/uploads\/2023\/01\/SABADO-7-768x960.jpeg 768w, https:\/\/fiestanacionaldelchamame.com.ar\/wp-content\/uploads\/2023\/01\/SABADO-7-300x375.jpeg 300w, https:\/\/fiestanacionaldelchamame.com.ar\/wp-content\/uploads\/2023\/01\/SABADO-7-850x1063.jpeg 850w, https:\/\/fiestanacionaldelchamame.com.ar\/wp-content\/uploads\/2023\/01\/SABADO-7.jpeg 1024w\" sizes=\"(max-width: 819px) 100vw, 819px\" \/><\/figure>\n<\/figure>\n","protected":false},"excerpt":{"rendered":"<p>\u201cCHAMAM\u00c9 PARA UN MUNDO NUEVO\u201d La 32\u00aa Fiesta Nacional del Chamam\u00e9 se vive a pleno con distintas propuestas que copan los principales espacios p\u00fablicos de la ciudad. El viernes a la tarde se desarroll\u00f3 en la plaza Cabral la primera retreta chamamecera con la presentaci\u00f3n de la banda de la Polic\u00eda de la Provincia y&#8230;<\/p>\n","protected":false},"author":1,"featured_media":1286,"comment_status":"open","ping_status":"closed","sticky":false,"template":"","format":"standard","meta":{"footnotes":""},"categories":[1],"tags":[],"class_list":["post-1285","post","type-post","status-publish","format-standard","has-post-thumbnail","hentry","category-noticias"],"_links":{"self":[{"href":"https:\/\/fiestanacionaldelchamame.com.ar\/index.php?rest_route=\/wp\/v2\/posts\/1285","targetHints":{"allow":["GET"]}}],"collection":[{"href":"https:\/\/fiestanacionaldelchamame.com.ar\/index.php?rest_route=\/wp\/v2\/posts"}],"about":[{"href":"https:\/\/fiestanacionaldelchamame.com.ar\/index.php?rest_route=\/wp\/v2\/types\/post"}],"author":[{"embeddable":true,"href":"https:\/\/fiestanacionaldelchamame.com.ar\/index.php?rest_route=\/wp\/v2\/users\/1"}],"replies":[{"embeddable":true,"href":"https:\/\/fiestanacionaldelchamame.com.ar\/index.php?rest_route=%2Fwp%2Fv2%2Fcomments&post=1285"}],"version-history":[{"count":1,"href":"https:\/\/fiestanacionaldelchamame.com.ar\/index.php?rest_route=\/wp\/v2\/posts\/1285\/revisions"}],"predecessor-version":[{"id":1289,"href":"https:\/\/fiestanacionaldelchamame.com.ar\/index.php?rest_route=\/wp\/v2\/posts\/1285\/revisions\/1289"}],"wp:featuredmedia":[{"embeddable":true,"href":"https:\/\/fiestanacionaldelchamame.com.ar\/index.php?rest_route=\/wp\/v2\/media\/1286"}],"wp:attachment":[{"href":"https:\/\/fiestanacionaldelchamame.com.ar\/index.php?rest_route=%2Fwp%2Fv2%2Fmedia&parent=1285"}],"wp:term":[{"taxonomy":"category","embeddable":true,"href":"https:\/\/fiestanacionaldelchamame.com.ar\/index.php?rest_route=%2Fwp%2Fv2%2Fcategories&post=1285"},{"taxonomy":"post_tag","embeddable":true,"href":"https:\/\/fiestanacionaldelchamame.com.ar\/index.php?rest_route=%2Fwp%2Fv2%2Ftags&post=1285"}],"curies":[{"name":"wp","href":"https:\/\/api.w.org\/{rel}","templated":true}]}}