{"id":1260,"date":"2023-01-04T07:34:07","date_gmt":"2023-01-04T10:34:07","guid":{"rendered":"https:\/\/fiestanacionaldelchamame.com.ar\/?p=1260"},"modified":"2023-01-05T07:38:26","modified_gmt":"2023-01-05T10:38:26","slug":"el-chamame-con-todos-llego-a-pura-musica-y-danza-al-hospital-vidal","status":"publish","type":"post","link":"https:\/\/fiestanacionaldelchamame.com.ar\/?p=1260","title":{"rendered":"El Chamam\u00e9 con Todos lleg\u00f3 a pura m\u00fasica y danza al Hospital Vidal"},"content":{"rendered":"\n<h2 class=\"wp-block-heading\">#32FNCH #Chamam\u00e9ConTodos<\/h2>\n\n\n\n<p>El chamam\u00e9 comenz\u00f3 a sonar con fuerza en distintos puntos de la ciudad. Organizado por el Gobierno de Corrientes, a trav\u00e9s del Instituto de Cultura, el \u201cChamam\u00e9 con Todos\u201d arrib\u00f3 en su segunda jornada al Hospital Vidal, compartiendo un momento de m\u00fasica y baile con el personal m\u00e9dico y los pacientes que esperaban ser atendidos.\u00a0 Hoy, desde las 20, ser\u00e1 el turno de la nueva bailanta \u201cAtardecer en chamam\u00e9\u201d en el predio Boca Unidos Center, ubicado en la Costanera Sur.<\/p>\n\n\n\n<figure class=\"wp-block-image size-large\"><img fetchpriority=\"high\" decoding=\"async\" width=\"1024\" height=\"683\" src=\"https:\/\/fiestanacionaldelchamame.com.ar\/wp-content\/uploads\/2023\/01\/06-1024x683.jpg\" alt=\"\" class=\"wp-image-1262\" srcset=\"https:\/\/fiestanacionaldelchamame.com.ar\/wp-content\/uploads\/2023\/01\/06-1024x683.jpg 1024w, https:\/\/fiestanacionaldelchamame.com.ar\/wp-content\/uploads\/2023\/01\/06-300x200.jpg 300w, https:\/\/fiestanacionaldelchamame.com.ar\/wp-content\/uploads\/2023\/01\/06-768x512.jpg 768w, https:\/\/fiestanacionaldelchamame.com.ar\/wp-content\/uploads\/2023\/01\/06-850x567.jpg 850w, https:\/\/fiestanacionaldelchamame.com.ar\/wp-content\/uploads\/2023\/01\/06.jpg 1250w\" sizes=\"(max-width: 1024px) 100vw, 1024px\" \/><\/figure>\n\n\n\n<p>Como parte de la 32\u00aa Fiesta Nacional del Chamam\u00e9, avanza la programaci\u00f3n de actividades que buscan llevar la celebraci\u00f3n a todos los correntinos. Dio inicio en los hospitales y tiene previsto recorrer distintos espacios p\u00fablicos para que nadie se quede afuera de la Fiesta Grande.<\/p>\n\n\n\n<p>\u201cEstamos felices de compartir este momento con todos ustedes. El Chamam\u00e9 con Todos es la manera que tenemos de estar con los hermanos correntinos que no se pueden desplazar a otros lugares donde se lleva adelante la Fiesta, y hay que agradecer especialmente a los grandes artistas que est\u00e1n colaborando con esta propuesta, compartiendo su arte\u201d, se\u00f1al\u00f3 el director general de la Fiesta, Eduardo S\u00edvori.<\/p>\n\n\n\n<p>Anticip\u00f3 adem\u00e1s que en los pr\u00f3ximos d\u00edas el \u201cChamam\u00e9 con Todos\u201d desembarcar\u00e1 en el Hospital de Campa\u00f1a y en el Hospital Escuela, y se viene la bailanta \u201cAtardecer en chamam\u00e9\u201d en la costanera Sur, \u201ctenemos previsto actividades en la costanera, plazas y distintos espacios p\u00fablicos, para que ning\u00fan correntino o visitante se quede afuera de la experiencia chamam\u00e9\u201d, dijo.<\/p>\n\n\n\n<p>Por su parte, la directora asistencial asociada, Dora Mondaini, agradeci\u00f3 \u201crecibir una vez m\u00e1s esta movida chamamecera\u201d, a la que calific\u00f3 como un \u201cmimo al alma\u201d para quienes trabajan en el hospital y para las personas que estaban aguardando la atenci\u00f3n. \u201cNos alegran la ma\u00f1ana con esta enchamigada\u201d, agreg\u00f3.<\/p>\n\n\n\n<figure class=\"wp-block-image size-large\"><img decoding=\"async\" width=\"1024\" height=\"683\" src=\"https:\/\/fiestanacionaldelchamame.com.ar\/wp-content\/uploads\/2023\/01\/03-1024x683.jpg\" alt=\"\" class=\"wp-image-1263\" srcset=\"https:\/\/fiestanacionaldelchamame.com.ar\/wp-content\/uploads\/2023\/01\/03-1024x683.jpg 1024w, https:\/\/fiestanacionaldelchamame.com.ar\/wp-content\/uploads\/2023\/01\/03-300x200.jpg 300w, https:\/\/fiestanacionaldelchamame.com.ar\/wp-content\/uploads\/2023\/01\/03-768x512.jpg 768w, https:\/\/fiestanacionaldelchamame.com.ar\/wp-content\/uploads\/2023\/01\/03-850x567.jpg 850w, https:\/\/fiestanacionaldelchamame.com.ar\/wp-content\/uploads\/2023\/01\/03.jpg 1250w\" sizes=\"(max-width: 1024px) 100vw, 1024px\" \/><\/figure>\n\n\n\n<p>En sinton\u00eda, Enrique Ben\u00edtez Ca\u00f1ete, de la direcci\u00f3n del \u00e1rea administrativa del Hospital Vidal agradeci\u00f3 tambi\u00e9n la posibilidad \u201cde acercar el chamam\u00e9 a personas que est\u00e1n afectadas de salud\u201d, y al respecto, asegur\u00f3: \u201cEs una situaci\u00f3n muy linda porque levantamos el \u00e1nimo a los pacientes que vienen con muchas dolencias. Queremos agradecer por acercar al hospital, lo tradicional y lo cultural de Corrientes\u201d.<\/p>\n\n\n\n<p>El momento musical lleg\u00f3 de la mano de la cantautora Paula Basalo, que interpret\u00f3 temas propios y cl\u00e1sicos del cancionero chamamecero, y seguidamente se presentaron los m\u00fasicos Pedro Villalba y Aldo Torres. Acompa\u00f1aron con su danza los bailarines del ballet Sangre Correntina, y los de Sentido Folclore; al igual que las parejas integradas por Charly Bustos y Lucrecia&nbsp; Ram\u00edrez, y la de Jana Morir\u00e1 y Lautaro C\u00e1ceres.<\/p>\n\n\n\n<p><strong>AGENDA CHAMAMECERA<\/strong><\/p>\n\n\n\n<p><strong>\u25cf&nbsp;&nbsp;&nbsp;&nbsp;&nbsp;&nbsp;&nbsp;&nbsp; JUEVES 5<\/strong><\/p>\n\n\n\n<p>10:00 HS. Chamam\u00e9 con Todos &#8211; Hospital de Campa\u00f1a &#8211;&nbsp;&nbsp;&nbsp;&nbsp; Tallar\u00edn Ram\u00edrez y Paula Basalo<\/p>\n\n\n\n<p><strong>\u25cf&nbsp;&nbsp;&nbsp;&nbsp;&nbsp;&nbsp;&nbsp;&nbsp; VIERNES 6<\/strong><\/p>\n\n\n\n<p>10:00 HS. Chamam\u00e9 con Todos &#8211; Hospital de Escuela<\/p>\n\n\n\n<p>Artistas: Diego Guti\u00e9rrez, Paula Basalo y Amanday\u00e9<\/p>\n\n\n\n<p>19:00 HS.&nbsp; Retreta Chamamecera &#8211; Plaza Cabral &#8211; Banda del Servicio Penitenciario<\/p>\n\n\n\n<p>20:00 HS.&nbsp; Enchamigada &#8211; Plaza Cabral &#8211; Presentaci\u00f3n de Ballets<\/p>\n\n\n\n<p><strong>\u25cf&nbsp;&nbsp;&nbsp;&nbsp;&nbsp;&nbsp;&nbsp;&nbsp; S\u00c1BADO 7<\/strong><\/p>\n\n\n\n<p>18:00 HS. Actividad en el Museo de Ciencias Naturales Dr. Amado Bonpland &#8211; Participaci\u00f3n del Ballet &#8221;Divino Ni\u00f1o Jes\u00fas&#8221;&nbsp; y de estudiantes de m\u00fasica del Profesor Alejandro Romero, obra infantil de T\u00edteres &#8220;\u00bfQu\u00e9 pa&#8217; te pasa Juancito?&#8221; a cargo de Fundaci\u00f3n Sken\u00e9 y taller abierto de arte para ni\u00f1as y ni\u00f1os a cargo de la&nbsp; artista visual ANISIMA-<\/p>\n\n\n\n<p><strong>\u25cf&nbsp;&nbsp;&nbsp;&nbsp;&nbsp;&nbsp;&nbsp;&nbsp; DOMINGO 8<\/strong><\/p>\n\n\n\n<p>19:30 HS.&nbsp; Serenata &#8211; Paseo Chamamecero<\/p>\n\n\n\n<p>Artistas: Paula Basalo, Pablo del Valle y otros Intervenci\u00f3n de Rap y hip-hop Chamamecero a cargo de Academia Free Dance<\/p>\n\n\n\n<p>21:30 HS.&nbsp; Enchamigada Paseo Chamamecero &#8211;&nbsp; Presentaci\u00f3n de Ballets.<\/p>\n","protected":false},"excerpt":{"rendered":"<p>#32FNCH #Chamam\u00e9ConTodos El chamam\u00e9 comenz\u00f3 a sonar con fuerza en distintos puntos de la ciudad. Organizado por el Gobierno de Corrientes, a trav\u00e9s del Instituto de Cultura, el \u201cChamam\u00e9 con Todos\u201d arrib\u00f3 en su segunda jornada al Hospital Vidal, compartiendo un momento de m\u00fasica y baile con el personal m\u00e9dico y los pacientes que esperaban&#8230;<\/p>\n","protected":false},"author":1,"featured_media":1261,"comment_status":"open","ping_status":"closed","sticky":false,"template":"","format":"standard","meta":{"footnotes":""},"categories":[1],"tags":[],"class_list":["post-1260","post","type-post","status-publish","format-standard","has-post-thumbnail","hentry","category-noticias"],"_links":{"self":[{"href":"https:\/\/fiestanacionaldelchamame.com.ar\/index.php?rest_route=\/wp\/v2\/posts\/1260","targetHints":{"allow":["GET"]}}],"collection":[{"href":"https:\/\/fiestanacionaldelchamame.com.ar\/index.php?rest_route=\/wp\/v2\/posts"}],"about":[{"href":"https:\/\/fiestanacionaldelchamame.com.ar\/index.php?rest_route=\/wp\/v2\/types\/post"}],"author":[{"embeddable":true,"href":"https:\/\/fiestanacionaldelchamame.com.ar\/index.php?rest_route=\/wp\/v2\/users\/1"}],"replies":[{"embeddable":true,"href":"https:\/\/fiestanacionaldelchamame.com.ar\/index.php?rest_route=%2Fwp%2Fv2%2Fcomments&post=1260"}],"version-history":[{"count":1,"href":"https:\/\/fiestanacionaldelchamame.com.ar\/index.php?rest_route=\/wp\/v2\/posts\/1260\/revisions"}],"predecessor-version":[{"id":1264,"href":"https:\/\/fiestanacionaldelchamame.com.ar\/index.php?rest_route=\/wp\/v2\/posts\/1260\/revisions\/1264"}],"wp:featuredmedia":[{"embeddable":true,"href":"https:\/\/fiestanacionaldelchamame.com.ar\/index.php?rest_route=\/wp\/v2\/media\/1261"}],"wp:attachment":[{"href":"https:\/\/fiestanacionaldelchamame.com.ar\/index.php?rest_route=%2Fwp%2Fv2%2Fmedia&parent=1260"}],"wp:term":[{"taxonomy":"category","embeddable":true,"href":"https:\/\/fiestanacionaldelchamame.com.ar\/index.php?rest_route=%2Fwp%2Fv2%2Fcategories&post=1260"},{"taxonomy":"post_tag","embeddable":true,"href":"https:\/\/fiestanacionaldelchamame.com.ar\/index.php?rest_route=%2Fwp%2Fv2%2Ftags&post=1260"}],"curies":[{"name":"wp","href":"https:\/\/api.w.org\/{rel}","templated":true}]}}