{"id":1250,"date":"2023-01-03T07:19:34","date_gmt":"2023-01-03T10:19:34","guid":{"rendered":"https:\/\/fiestanacionaldelchamame.com.ar\/?p=1250"},"modified":"2023-01-05T07:29:24","modified_gmt":"2023-01-05T10:29:24","slug":"el-chamame-con-todos-lleno-de-musica-y-emocion-al-hospital-llano","status":"publish","type":"post","link":"https:\/\/fiestanacionaldelchamame.com.ar\/?p=1250","title":{"rendered":"El Chamam\u00e9 con Todos llen\u00f3 de m\u00fasica y emoci\u00f3n al Hospital Llano"},"content":{"rendered":"\n<h2 class=\"wp-block-heading\">#32FNCH #Chamam\u00e9ConTodos<\/h2>\n\n\n\n<p>Comenz\u00f3 a vivirse la 32\u00aa Fiesta Nacional del\u00a0Chamam\u00e9,\u00a0organizada por el Gobierno de Corrientes, a trav\u00e9s del Instituto de Cultura. En esta ocasi\u00f3n, el \u201cChamam\u00e9 con Todos\u201d desembarc\u00f3 hoy a la ma\u00f1ana en el patio del\u00a0Hospital \u00c1ngela Iglesia de Llano\u00a0para el disfrute del personal m\u00e9dico, los pacientes y sus familiares.<\/p>\n\n\n\n<figure class=\"wp-block-image size-large\"><img fetchpriority=\"high\" decoding=\"async\" width=\"1024\" height=\"683\" src=\"https:\/\/fiestanacionaldelchamame.com.ar\/wp-content\/uploads\/2023\/01\/02-1024x683.jpg\" alt=\"\" class=\"wp-image-1253\" srcset=\"https:\/\/fiestanacionaldelchamame.com.ar\/wp-content\/uploads\/2023\/01\/02-1024x683.jpg 1024w, https:\/\/fiestanacionaldelchamame.com.ar\/wp-content\/uploads\/2023\/01\/02-300x200.jpg 300w, https:\/\/fiestanacionaldelchamame.com.ar\/wp-content\/uploads\/2023\/01\/02-768x512.jpg 768w, https:\/\/fiestanacionaldelchamame.com.ar\/wp-content\/uploads\/2023\/01\/02-1536x1024.jpg 1536w, https:\/\/fiestanacionaldelchamame.com.ar\/wp-content\/uploads\/2023\/01\/02-850x567.jpg 850w, https:\/\/fiestanacionaldelchamame.com.ar\/wp-content\/uploads\/2023\/01\/02.jpg 2048w\" sizes=\"(max-width: 1024px) 100vw, 1024px\" \/><\/figure>\n\n\n\n<p>La directora del hospital, Romina Garc\u00eda, fue la encargada de dar la bienvenida y agradecer que el chamam\u00e9 se hiciera presente. \u201cEn nombre de nuestro querido hospital, les damos la bienvenida y agradecemos la iniciativa del se\u00f1or gobernador Gustavo Vald\u00e9s de acercarnos una fiesta emblem\u00e1tica para los correntinos, bajo esta propuesta del Chamam\u00e9 con Todos\u201d, se\u00f1al\u00f3.<\/p>\n\n\n\n<p>Seguidamente se dirigi\u00f3 a los presentes, el director general de la Fiesta, Eduardo S\u00edvori, quien agradeci\u00f3 tambi\u00e9n la recepci\u00f3n en el Hospital Llano y la posibilidad de compartir m\u00fasica y danza con profesionales de la salud, pacientes y familiares.<\/p>\n\n\n\n<figure class=\"wp-block-image size-large\"><img decoding=\"async\" width=\"1024\" height=\"683\" src=\"https:\/\/fiestanacionaldelchamame.com.ar\/wp-content\/uploads\/2023\/01\/01-1024x683.jpg\" alt=\"\" class=\"wp-image-1255\" srcset=\"https:\/\/fiestanacionaldelchamame.com.ar\/wp-content\/uploads\/2023\/01\/01-1024x683.jpg 1024w, https:\/\/fiestanacionaldelchamame.com.ar\/wp-content\/uploads\/2023\/01\/01-300x200.jpg 300w, https:\/\/fiestanacionaldelchamame.com.ar\/wp-content\/uploads\/2023\/01\/01-768x512.jpg 768w, https:\/\/fiestanacionaldelchamame.com.ar\/wp-content\/uploads\/2023\/01\/01-1536x1024.jpg 1536w, https:\/\/fiestanacionaldelchamame.com.ar\/wp-content\/uploads\/2023\/01\/01-850x567.jpg 850w, https:\/\/fiestanacionaldelchamame.com.ar\/wp-content\/uploads\/2023\/01\/01.jpg 2048w\" sizes=\"(max-width: 1024px) 100vw, 1024px\" \/><\/figure>\n\n\n\n<p>\u201cEl Chamam\u00e9 con Todos es una actividad muy importante y central de la Fiesta porque llegamos con la celebraci\u00f3n a quienes no pueden acercarse a las actividades que se desarrollar\u00e1n en distintos escenarios de la ciudad y la provincia. Logramos estar presentes para que todos podamos sentarnos a la misma mesa, porque sabemos que una fiesta en la que no est\u00e1 reunida toda la familia, no es una fiesta\u201d, reflexion\u00f3.<\/p>\n\n\n\n<figure class=\"wp-block-image size-large\"><img decoding=\"async\" width=\"1024\" height=\"683\" src=\"https:\/\/fiestanacionaldelchamame.com.ar\/wp-content\/uploads\/2023\/01\/08-1024x683.jpg\" alt=\"\" class=\"wp-image-1256\" srcset=\"https:\/\/fiestanacionaldelchamame.com.ar\/wp-content\/uploads\/2023\/01\/08-1024x683.jpg 1024w, https:\/\/fiestanacionaldelchamame.com.ar\/wp-content\/uploads\/2023\/01\/08-300x200.jpg 300w, https:\/\/fiestanacionaldelchamame.com.ar\/wp-content\/uploads\/2023\/01\/08-768x512.jpg 768w, https:\/\/fiestanacionaldelchamame.com.ar\/wp-content\/uploads\/2023\/01\/08-1536x1024.jpg 1536w, https:\/\/fiestanacionaldelchamame.com.ar\/wp-content\/uploads\/2023\/01\/08-850x567.jpg 850w, https:\/\/fiestanacionaldelchamame.com.ar\/wp-content\/uploads\/2023\/01\/08.jpg 2048w\" sizes=\"(max-width: 1024px) 100vw, 1024px\" \/><\/figure>\n\n\n\n<p>Destac\u00f3 tambi\u00e9n que \u201ceste hospital es emblem\u00e1tico para todos los correntinos, por la intervenci\u00f3n que tuvo en momentos cr\u00edticos de la pandemia de covid, y adem\u00e1s por la agenda diaria y todos los servicios que brindan a todos los correntinos, estamos enormemente agradecidos\u201d.<\/p>\n\n\n\n<p>Luego se dio paso a la m\u00fasica de la mano de la autora e int\u00e9rprete Paula Basalo que despleg\u00f3 un repertorio de temas que son cl\u00e1sicos del cancionero chamamecero y tambi\u00e9n varias de sus canciones. Lo propio hizo Braian Acevedo, invitando a salir a la pista a las dos parejas de baile que se sumaron a la iniciativa, y las que se fueron formando con doctores y familiares.<\/p>\n\n\n\n<h2 class=\"wp-block-heading\">AGENDA CHAMAMECERA<\/h2>\n\n\n\n<p>Este mi\u00e9rcoles 4&nbsp; de enero, a las 10, se realizar\u00e1 la segunda jornada del \u201cChamam\u00e9 con Todos\u201d. En este caso, la Fiesta Grande llegar\u00e1 al Hospital Vidal con la actuaci\u00f3n de los m\u00fasicos Pedro Villalba, Aldo Torres y Paula Basalo.<\/p>\n\n\n\n<p>Mientras que, a partir de las 20, dar\u00e1 inicio la bailanta \u201cAtardecer en chamam\u00e9\u201d (\u201cKa\u2019 aru\u201d), a las orillas del r\u00edo Paran\u00e1. Una nueva propuesta que se llevar\u00e1 adelante&nbsp;en el predio Boca Unidos Center, en Costanera Sur, con la presentaci\u00f3n de&nbsp;Irundy, Gianella Niwoyda, Ariel Ga\u00fana y su nueva propuesta y Los vecinos junto a Cindy Avalos.<\/p>\n","protected":false},"excerpt":{"rendered":"<p>#32FNCH #Chamam\u00e9ConTodos Comenz\u00f3 a vivirse la 32\u00aa Fiesta Nacional del\u00a0Chamam\u00e9,\u00a0organizada por el Gobierno de Corrientes, a trav\u00e9s del Instituto de Cultura. En esta ocasi\u00f3n, el \u201cChamam\u00e9 con Todos\u201d desembarc\u00f3 hoy a la ma\u00f1ana en el patio del\u00a0Hospital \u00c1ngela Iglesia de Llano\u00a0para el disfrute del personal m\u00e9dico, los pacientes y sus familiares. La directora del hospital,&#8230;<\/p>\n","protected":false},"author":1,"featured_media":1251,"comment_status":"open","ping_status":"closed","sticky":false,"template":"","format":"standard","meta":{"footnotes":""},"categories":[1],"tags":[],"class_list":["post-1250","post","type-post","status-publish","format-standard","has-post-thumbnail","hentry","category-noticias"],"_links":{"self":[{"href":"https:\/\/fiestanacionaldelchamame.com.ar\/index.php?rest_route=\/wp\/v2\/posts\/1250","targetHints":{"allow":["GET"]}}],"collection":[{"href":"https:\/\/fiestanacionaldelchamame.com.ar\/index.php?rest_route=\/wp\/v2\/posts"}],"about":[{"href":"https:\/\/fiestanacionaldelchamame.com.ar\/index.php?rest_route=\/wp\/v2\/types\/post"}],"author":[{"embeddable":true,"href":"https:\/\/fiestanacionaldelchamame.com.ar\/index.php?rest_route=\/wp\/v2\/users\/1"}],"replies":[{"embeddable":true,"href":"https:\/\/fiestanacionaldelchamame.com.ar\/index.php?rest_route=%2Fwp%2Fv2%2Fcomments&post=1250"}],"version-history":[{"count":2,"href":"https:\/\/fiestanacionaldelchamame.com.ar\/index.php?rest_route=\/wp\/v2\/posts\/1250\/revisions"}],"predecessor-version":[{"id":1257,"href":"https:\/\/fiestanacionaldelchamame.com.ar\/index.php?rest_route=\/wp\/v2\/posts\/1250\/revisions\/1257"}],"wp:featuredmedia":[{"embeddable":true,"href":"https:\/\/fiestanacionaldelchamame.com.ar\/index.php?rest_route=\/wp\/v2\/media\/1251"}],"wp:attachment":[{"href":"https:\/\/fiestanacionaldelchamame.com.ar\/index.php?rest_route=%2Fwp%2Fv2%2Fmedia&parent=1250"}],"wp:term":[{"taxonomy":"category","embeddable":true,"href":"https:\/\/fiestanacionaldelchamame.com.ar\/index.php?rest_route=%2Fwp%2Fv2%2Fcategories&post=1250"},{"taxonomy":"post_tag","embeddable":true,"href":"https:\/\/fiestanacionaldelchamame.com.ar\/index.php?rest_route=%2Fwp%2Fv2%2Ftags&post=1250"}],"curies":[{"name":"wp","href":"https:\/\/api.w.org\/{rel}","templated":true}]}}